{"id":135719,"date":"2018-04-21T01:39:42","date_gmt":"2018-04-20T23:39:42","guid":{"rendered":"http:\/\/www.leccecronaca.it\/?p=135719"},"modified":"2018-04-21T11:37:34","modified_gmt":"2018-04-21T09:37:34","slug":"al-sindaco-di-gallipoli-minerva-un-bestione-gli-spacca-il-vetro-per-protesta","status":"publish","type":"post","link":"https:\/\/www.leccecronaca.it\/index.php\/2018\/04\/21\/al-sindaco-di-gallipoli-minerva-un-bestione-gli-spacca-il-vetro-per-protesta\/","title":{"rendered":"LA STORIA \/ AL SINDACO DI GALLIPOLI STEFANO MINERVA UN BESTIONE SPACCA IL VETRO DELL&#8217; AUTO PER PROTESTA"},"content":{"rendered":"<p><img decoding=\"async\" loading=\"lazy\" class=\"aligncenter size-full wp-image-135720\" src=\"https:\/\/www.leccecronaca.it\/wordpress\/wp-content\/uploads\/2018\/04\/cane.jpg\" alt=\"\" width=\"848\" height=\"566\" srcset=\"https:\/\/www.leccecronaca.it\/wordpress\/wp-content\/uploads\/2018\/04\/cane.jpg 848w, https:\/\/www.leccecronaca.it\/wordpress\/wp-content\/uploads\/2018\/04\/cane-300x200.jpg 300w, https:\/\/www.leccecronaca.it\/wordpress\/wp-content\/uploads\/2018\/04\/cane-768x513.jpg 768w\" sizes=\"(max-width: 848px) 100vw, 848px\" \/>gm_______Chi \u00e8 il bestione in questione? Un disoccupato, un senza tetto, un avversario politico, un cittadino esasperato dalla lentezza della burocrazia comunale? Assolutamente no.<br \/>\nSi tratta di un placido e tranquillo cane che ad un certo punto ha perso la pazienza.<br \/>\nPazienza che spero non perdiate voi amici lettori perch\u00e9 non sono andato subito al punto, un attimo di pazienza please.<\/p>\n<p>Forse non tutti sanno che fare il sindaco \u00e8 una faticaccia, ma non per gli impegni legati alla cura della pubblica amministrazione, ma perch\u00e9 come si dice a Lecce &#8220;Nnu puei fare nnu pitetu, ca denta nnu cuerpu te cannune&#8221;, per chi non \u00e8 leccese il senso \u00e8 che \u00a0&#8221; Non puoi fare neanche una scorreggia che viene fatta passare per un colpo di cannone&#8221;. Ovviamente questo accade se il personaggio \u00e8 in vista e se questi in passato si \u00e8 distinto per aver fatto la morale al prossimo. In questi casi ognuno si sente leggimitato a gridare allo scandalo.<br \/>\nQuesta volta \u00e8 toccato al simpatico e barbuto sindaco di Gallipoli Stefano Minerva, che andandosene a passeggio a Galatina, per combattere il caldo della giornata era andato a dissetarsi con una fresca bevanda, in compagnia dei suoi amici al bar, \u00a0lasciando chiuso in macchina al caldo il suo amico a quattro zampe.<br \/>\nEd ecco come \u00a0Giampiero De Pascalis consigliere comunale a Galatina, racconta la storia.<\/p>\n<p><em>\u00abIl sindaco ha parcheggiato la sua auto in piazza Alighieri lasciando all\u2019interno il suo cane con un piccolo spiraglio per il ricircolo dell\u2019aria e si \u00e8 allontanato con un altro esponente di spicco del Pd locale e provinciale. La povera bestia, chiusa nell\u2019abitacolo che si surriscaldava al sole, ha cominciato a dare segni di insofferenza abbaiando furiosamente, ma il suo padrone era lontano e non poteva raccogliere la richiesta di aiuto che arrivava con i latrati. La sofferenza \u00e8 diventata tale che il povero cane ha cominciato a dimenarsi colpendo il vetro del finestrino sino a frantumarlo\u00bb.<\/em><br \/>\nA quel punto i cittadini che hanno assistito alla scena hanno chiamato i vigili urbani, che hanno provveduto a rifocillare l&#8217;animale e a scoprire che il proprietario dello stesso \u00a0era, pensate un po&#8217;, il primo cittadino della Citt\u00e0 bella.<br \/>\nDe Pascalis poi prosegue:<br \/>\n<em>\u00abQuello che \u00e8 accaduto \u00e8 inqualificabile\u00a0\u00a0e non servono ulteriori aggettivi per censurarlo, n\u00e9 ci sono giustificazioni che possano attenuare la gravit\u00e0 del fatto. Nonostante ci sia una legge che punisce il reato di maltrattamento degli animali questi episodi continuano a verificarsi e il paradosso, in questo caso, \u00e8 che a commetterlo \u00e8 stato un sindaco che si definisce politicamente corretto e che tra i suoi compiti istituzionali ha anche quello di curarsi dei cani presenti sul suo territorio. Mi auguro che la giustizia si muova per Minerva nella stessa misura e con lo stesso rigore che colpirebbe un qualsiasi cittadino\u00bb.<\/em><br \/>\nMorale della favola: chi di politicamente corretto ferisce, di politicamente corretto perisce<\/p>\n<fb:like href='https:\/\/www.leccecronaca.it\/index.php\/2018\/04\/21\/al-sindaco-di-gallipoli-minerva-un-bestione-gli-spacca-il-vetro-per-protesta\/' send='true' layout='button_count' show_faces='true' width='450' height='65' action='recommend' colorscheme='light' font='lucida grande'><\/fb:like><span class=\"fb_share\"><fb:like href=\"https:\/\/www.leccecronaca.it\/index.php\/2018\/04\/21\/al-sindaco-di-gallipoli-minerva-un-bestione-gli-spacca-il-vetro-per-protesta\/\" layout=\"button_count\"><\/fb:like><\/span>","protected":false},"excerpt":{"rendered":"<p>gm_______Chi \u00e8 il bestione in questione? Un disoccupato, un senza tetto, un avversario politico, un cittadino esasperato dalla lentezza della burocrazia comunale? Assolutamente no. Si tratta di un placido e tranquillo cane che ad un certo punto ha perso la pazienza. Pazienza che spero non perdiate voi amici lettori perch\u00e9 non sono andato subito al [&hellip;]<\/p>\n","protected":false},"author":4,"featured_media":0,"comment_status":"open","ping_status":"closed","sticky":false,"template":"","format":"standard","meta":[],"categories":[1,69,76],"tags":[],"_links":{"self":[{"href":"https:\/\/www.leccecronaca.it\/index.php\/wp-json\/wp\/v2\/posts\/135719"}],"collection":[{"href":"https:\/\/www.leccecronaca.it\/index.php\/wp-json\/wp\/v2\/posts"}],"about":[{"href":"https:\/\/www.leccecronaca.it\/index.php\/wp-json\/wp\/v2\/types\/post"}],"author":[{"embeddable":true,"href":"https:\/\/www.leccecronaca.it\/index.php\/wp-json\/wp\/v2\/users\/4"}],"replies":[{"embeddable":true,"href":"https:\/\/www.leccecronaca.it\/index.php\/wp-json\/wp\/v2\/comments?post=135719"}],"version-history":[{"count":3,"href":"https:\/\/www.leccecronaca.it\/index.php\/wp-json\/wp\/v2\/posts\/135719\/revisions"}],"predecessor-version":[{"id":135725,"href":"https:\/\/www.leccecronaca.it\/index.php\/wp-json\/wp\/v2\/posts\/135719\/revisions\/135725"}],"wp:attachment":[{"href":"https:\/\/www.leccecronaca.it\/index.php\/wp-json\/wp\/v2\/media?parent=135719"}],"wp:term":[{"taxonomy":"category","embeddable":true,"href":"https:\/\/www.leccecronaca.it\/index.php\/wp-json\/wp\/v2\/categories?post=135719"},{"taxonomy":"post_tag","embeddable":true,"href":"https:\/\/www.leccecronaca.it\/index.php\/wp-json\/wp\/v2\/tags?post=135719"}],"curies":[{"name":"wp","href":"https:\/\/api.w.org\/{rel}","templated":true}]}}