{"id":136002,"date":"2018-04-25T18:11:08","date_gmt":"2018-04-25T16:11:08","guid":{"rendered":"http:\/\/www.leccecronaca.it\/?p=136002"},"modified":"2018-04-25T18:26:30","modified_gmt":"2018-04-25T16:26:30","slug":"scritte-contro-il-gasdotto-sulle-pareti-esterne-della-chiesa-parrocchiale-di-santa-lucia-a-lecce-e-l-arcivescovo-avverte-i-responsabii-ne-dovrete-dar-conto-pure-alla-giustizia-divina-poi-argo","status":"publish","type":"post","link":"https:\/\/www.leccecronaca.it\/index.php\/2018\/04\/25\/scritte-contro-il-gasdotto-sulle-pareti-esterne-della-chiesa-parrocchiale-di-santa-lucia-a-lecce-e-l-arcivescovo-avverte-i-responsabii-ne-dovrete-dar-conto-pure-alla-giustizia-divina-poi-argo\/","title":{"rendered":"SCRITTE CONTRO IL GASDOTTO SULLE PARETI ESTERNE DELLA CHIESA PARROCCHIALE DI SANTA LUCIA A LECCE. E L&#8217; ARCIVESCOVO MICHELE SECCIA AVVERTE I RESPONSABILI: &#8220;Ne dovrete dar conto pure alla giustizia divina&#8221;. POI ARGOMENTA LE RAGIONI DELLA LOTTA NO TAP, QUELLA VERA, E LANCIA UN APPELLO AL DIALOGO"},"content":{"rendered":"<p><img decoding=\"async\" loading=\"lazy\" class=\"aligncenter wp-image-136003\" src=\"https:\/\/www.leccecronaca.it\/wordpress\/wp-content\/uploads\/2018\/04\/foto-ufficiale-200x300-200x300-1-200x300-1-1-200x300-1-200x300.png\" alt=\"\" width=\"400\" height=\"600\" \/>(g.p.)______Nuovo episodio di vandalismo, questa volta ai danni di una chiesa, quella parrocchiale di Santa Lucia, in via Asti, col pretesto della lotta No Tap.<\/p>\n<p>Nonostante le condanne unanimi, e le indagini della Digos, c&#8217;\u00e8 ancora qualche idiota che insiste, nel prendersela con gli edifici pubblici, anche quelli artistici, ora anche con i luoghi di culto.<\/p>\n<p>Un accanimento che appare ora anche sospetto. Ma il giornalista, il commentatore, non deve basarsi sulle dietrologie, sulle ipotesi: deve stare ai fatti.<\/p>\n<p>I fatti dicono che le scritte continuano a spuntare, e che si tratta di un errore gravissimo, come leccecronaca.it ha documentato e argomentato pi\u00f9 volte nelle scorse settimane.<\/p>\n<p>Ora, vai a spiegare che si tratta di gesti isolati, compiuti da chiss\u00e0 chi e da chiss\u00e0 dove giunto, da chiss\u00e0 quali intenzoni animato.<\/p>\n<p>Rimane il fatto, di cui indistintamente viene deturpato ora l\u2019 intero Movimento No Tap, e chi ideologicamente, politicamente e anche giornalisticamente lo sostiene, o lo guarda con simpatia, o interesse.<\/p>\n<p>Un errore gravissimo, chiunque lo abbia compiuto.<\/p>\n<p>Gi\u00e0, siamo nel Tremila, e fare le scritte sui muri, tanto pi\u00f9 queste di ieri sera che paiono di frustrazione, pi\u00f9 che di informazione, di vandalismo, pi\u00f9 che di ideologia, \u00e8 una roba da idioti, che non ha senso alcuno, e anzi risulta controproducente.<\/p>\n<p>Infatti.<\/p>\n<p>Nella fattispecie, poi, imputare di &#8220;complicit\u00e0&#8221; con la Tap la Chiesa di Lecce, guidata da un Arcivescovo, non da oggi, contrario alla realizzazione dell&#8217; opera, e che annovera fra le sue fila i sacerdoti di Melendugno che hanno sostenuto in tutti i modi la protesta dei cittadini, non \u00e8 pi\u00f9 nemmeno un errore, \u00e8 un orrore.<\/p>\n<p>Si parla oggi, si parler\u00e0 domani, della questione in s\u00e8, della sostanza dei fatti, delle strategie, dei danni e delle devastazioni al territorio del gasdotto?<\/p>\n<p>No, si parla e si parler\u00e0 dei muri dei palazzi imbrattati.<\/p>\n<p>Oggi, della chiesa di Santa Lucia.<\/p>\n<p>Lo fa, in un comunicato appena giunto in redazione, l&#8217; Arcivescovo Michele Seccia, che giustamente protesta e condanna, ma poi pure argomenta dal suo punto di vista e ribadisce la propria contrariet\u00e0 al gasdotto Tap.<\/p>\n<p>Sentiamo cosa dice, nella sua lunga e argomentata dichiarazione, del tutto condivisibile, dai toni, alla sostanza.______<\/p>\n<p><em>Opporsi e protestare contro chi vorrebbe deturpare per i propri interessi economici l\u2019ambiente e la natura,\u00a0patrimonio di tutti, e poi scagliarsi contro un edificio di culto che \u00e8 un bene collettivo, un punto\u00a0\u00a0di riferimento per l\u2019intero quartiere, un luogo di aggregazione che appartiene alla comunit\u00e0, non\u00a0solo \u00e8 un controsenso e una vera e propria ipocrisia ma \u00e8 il modo peggiore per far valere le proprie\u00a0ragioni. <\/em><\/p>\n<p><em>Il vandalismo e la violenza non sono certo la pi\u00f9 opportuna cornice a un dibattito sia\u00a0pur vivace e particolarmente sentito dalla nostra popolazione.<\/em><\/p>\n<p><em>Le vere lotte per la difesa di un diritto qual \u00e8 il rispetto dell\u2019ambiente e della\u00a0salute, sono battaglie di civilt\u00e0 per questo non possono e non devono sconfinare in episodi contro\u00a0il bene comune: rappresentano una contraddizione e creano ulteriori divisioni e grande disagio\u00a0sociale; come se non bastassero gi\u00e0 i drammi esistenti. <\/em><\/p>\n<p><em>L\u2019ho ripetuto in altre occasioni: abbassiamo\u00a0i toni e rifiutiamo con forza ogni forma di violenza. <\/em><\/p>\n<p><em>Scavalcare il limite della legalit\u00e0 pur nella\u00a0consapevolezza di ribellarsi a scelte nocive per il benessere di tutti, rimane comunque un atto del\u00a0quale dar conto non solo alla giustizia terrena ma anche a quella divina.<\/em><\/p>\n<p><em>Sulla vicenda del gasdotto &#8211; ribadisco quanto gi\u00e0 espresso\u00a0fin dal mio arrivo nel Salento: ci saranno davvero benefici per questa terra e per la sua gente?<\/em><br \/>\n<em>Qualcuno dovr\u00e0 pure spiegarlo alle popolazioni coinvolte da questa scelta. <\/em><\/p>\n<p><em>Papa Francesco nella\u00a0Laudato s\u00ec ricorda a tutti noi che il Creatore ha affidato la terra all\u2019uomo per proteggerla e tutelarla,\u00a0per \u2018coltivare e custodire\u2019 il giardino del mondo. Mentre \u00abcoltivare\u00bb &#8211; scrive il Papa &#8211; significa\u00a0<\/em><em>arare o lavorare un terreno, \u00abcustodire\u00bb vuol dire proteggere, curare, preservare, conservare, vigilare. Ci\u00f2\u00a0<\/em><em>implica una relazione di reciprocit\u00e0 responsabile tra essere umano e natura. <\/em><\/p>\n<p><em>Ogni comunit\u00e0 pu\u00f2 prendere\u00a0<\/em><em>dalla bont\u00e0 della terra ci\u00f2 di cui ha bisogno per la propria sopravvivenza, ma ha anche il dovere di tutelarla\u00a0<\/em><em>e garantire la continuit\u00e0 della sua fertilit\u00e0 per le generazioni future.<\/em><\/p>\n<p><em>Mentre auspico un immediato ritorno al dialogo e al sereno confronto tra le\u00a0parti coinvolte perch\u00e9 si cerchino soluzioni, le pi\u00f9 opportune, per il rispetto delle popolazioni e\u00a0delle future generazioni ma anche per la salvaguardia di un ambiente, il nostro, troppo spesso\u00a0\u2018turbato\u2019 dalle esigenze dello sviluppo e del mercato, sono vicino e solidale con il parroco e con\u00a0l\u2019intera comunit\u00e0 di Santa Lucia in Lecce dopo i fatti della scorsa notte e spero tanto che l\u2019episodio\u00a0ai danni dell\u2019edificio sacro possa essere l\u2019ultimo di una serie tra quelli che stanno sfigurando la\u00a0<\/em><em>bellezza e il decoro della nostra citt\u00e0.<\/em><\/p>\n<fb:like href='https:\/\/www.leccecronaca.it\/index.php\/2018\/04\/25\/scritte-contro-il-gasdotto-sulle-pareti-esterne-della-chiesa-parrocchiale-di-santa-lucia-a-lecce-e-l-arcivescovo-avverte-i-responsabii-ne-dovrete-dar-conto-pure-alla-giustizia-divina-poi-argo\/' send='true' layout='button_count' show_faces='true' width='450' height='65' action='recommend' colorscheme='light' font='lucida grande'><\/fb:like><span class=\"fb_share\"><fb:like href=\"https:\/\/www.leccecronaca.it\/index.php\/2018\/04\/25\/scritte-contro-il-gasdotto-sulle-pareti-esterne-della-chiesa-parrocchiale-di-santa-lucia-a-lecce-e-l-arcivescovo-avverte-i-responsabii-ne-dovrete-dar-conto-pure-alla-giustizia-divina-poi-argo\/\" layout=\"button_count\"><\/fb:like><\/span>","protected":false},"excerpt":{"rendered":"<p>(g.p.)______Nuovo episodio di vandalismo, questa volta ai danni di una chiesa, quella parrocchiale di Santa Lucia, in via Asti, col pretesto della lotta No Tap. Nonostante le condanne unanimi, e le indagini della Digos, c&#8217;\u00e8 ancora qualche idiota che insiste, nel prendersela con gli edifici pubblici, anche quelli artistici, ora anche con i luoghi di [&hellip;]<\/p>\n","protected":false},"author":4,"featured_media":136003,"comment_status":"open","ping_status":"closed","sticky":false,"template":"","format":"standard","meta":[],"categories":[69,76],"tags":[],"_links":{"self":[{"href":"https:\/\/www.leccecronaca.it\/index.php\/wp-json\/wp\/v2\/posts\/136002"}],"collection":[{"href":"https:\/\/www.leccecronaca.it\/index.php\/wp-json\/wp\/v2\/posts"}],"about":[{"href":"https:\/\/www.leccecronaca.it\/index.php\/wp-json\/wp\/v2\/types\/post"}],"author":[{"embeddable":true,"href":"https:\/\/www.leccecronaca.it\/index.php\/wp-json\/wp\/v2\/users\/4"}],"replies":[{"embeddable":true,"href":"https:\/\/www.leccecronaca.it\/index.php\/wp-json\/wp\/v2\/comments?post=136002"}],"version-history":[{"count":4,"href":"https:\/\/www.leccecronaca.it\/index.php\/wp-json\/wp\/v2\/posts\/136002\/revisions"}],"predecessor-version":[{"id":136007,"href":"https:\/\/www.leccecronaca.it\/index.php\/wp-json\/wp\/v2\/posts\/136002\/revisions\/136007"}],"wp:featuredmedia":[{"embeddable":true,"href":"https:\/\/www.leccecronaca.it\/index.php\/wp-json\/wp\/v2\/media\/136003"}],"wp:attachment":[{"href":"https:\/\/www.leccecronaca.it\/index.php\/wp-json\/wp\/v2\/media?parent=136002"}],"wp:term":[{"taxonomy":"category","embeddable":true,"href":"https:\/\/www.leccecronaca.it\/index.php\/wp-json\/wp\/v2\/categories?post=136002"},{"taxonomy":"post_tag","embeddable":true,"href":"https:\/\/www.leccecronaca.it\/index.php\/wp-json\/wp\/v2\/tags?post=136002"}],"curies":[{"name":"wp","href":"https:\/\/api.w.org\/{rel}","templated":true}]}}