{"id":136031,"date":"2018-04-26T21:44:31","date_gmt":"2018-04-26T19:44:31","guid":{"rendered":"http:\/\/www.leccecronaca.it\/?p=136031"},"modified":"2018-04-26T22:30:46","modified_gmt":"2018-04-26T20:30:46","slug":"l-urlo-del-popolo-degli-ulivi-contro-i-provvedimenti-di-maurizio-martina-il-decreto-dei-veleni-decisa-questa-era-a-lecce-in-una-articolata-massiccia-mobilitazione-fer-fermare-abbattimenti-del","status":"publish","type":"post","link":"https:\/\/www.leccecronaca.it\/index.php\/2018\/04\/26\/l-urlo-del-popolo-degli-ulivi-contro-i-provvedimenti-di-maurizio-martina-il-decreto-dei-veleni-decisa-questa-era-a-lecce-in-una-articolata-massiccia-mobilitazione-fer-fermare-abbattimenti-del\/","title":{"rendered":"IL NUOVO URLO DEL POPOLO DEGLI ULIVI CONTRO I PROVVEDIMENTI DI MAURIZIO MARTINA, &#8220;il decreto dei veleni&#8221;. DECISA QUESTA SERA A LECCE UNA ARTICOLATA, MASSICCIA MOBILITAZIONE FER FERMARE GLI ABBATTIMENTI DEGLI ALBERI  E L&#8217; IMPIEGO DI INSETTIICIDI"},"content":{"rendered":"<p><img decoding=\"async\" loading=\"lazy\" class=\"aligncenter wp-image-136032\" src=\"https:\/\/www.leccecronaca.it\/wordpress\/wp-content\/uploads\/2018\/04\/stefania-bove.jpg\" alt=\"\" width=\"800\" height=\"533\" srcset=\"https:\/\/www.leccecronaca.it\/wordpress\/wp-content\/uploads\/2018\/04\/stefania-bove.jpg 525w, https:\/\/www.leccecronaca.it\/wordpress\/wp-content\/uploads\/2018\/04\/stefania-bove-300x200.jpg 300w\" sizes=\"(max-width: 800px) 100vw, 800px\" \/><\/p>\n<p>(g.p.)______<\/p>\n<p>C&#8217; era anche lei, la cui foto, senza nulla togliere all&#8217; azione di centinaia e centinaia di attivisti che in pi\u00f9 occasioni tre anni fa si mobilitarono per impedire il folle abbattimento degli ulivi salentini previsto dal famigerato &#8216;piano Silletti&#8217;, poi fermato dalla Procura della Repubblica di Lecce, divenne il simbolo della lotta di popolo. L&#8217; urlo di <strong>Stefania Bove<\/strong> meglio dell&#8217; Urlo di Edvard Munch, per esprimere rabbia, sdegno, opposizione, sbigottimento, e gridare che i nostri ulivi non si toccano, sono la nostra cultura, la nostra storia; sono &#8216;cristiani&#8217;, sono i nostri fratelli, come dice il sindaco di Melendugno Marco Pot\u00ec.<\/p>\n<p>Con Stefania, c&#8217; erano decine di cittadini, rappresentanti di associazioni, agricoltori, questa sera, a Lecce, alla affollata e partecipata assemblea tenutasi presso il Centro Servizi per il Volontariato di via Gentile.<\/p>\n<p>Il piano Silletti non c&#8217;\u00e8 pi\u00f9, adesso c&#8217;\u00e8 il decreto Martina, &#8220;<em>il decreto dei veleni<\/em>&#8220;, come l&#8217; ha definito nel corso del suo intervento iniziale il presidente del CSV <strong>Luigi Russo<\/strong>: <em>&#8220;non ci fermano le intimidazioni, le minacce, le denunce, siamo un esercito, di cittadini, animati da passione civile, che pacificamente voglio difendere il nostro paesaggio, la nostra salute, i nostri unici interessi, minacciati da precise strategie di devastazione asservite invece a interessi economici di speculazione&#8221;.<\/em><\/p>\n<p>Dopo di lui, hanno parlato <strong>Ivano Gioffrida, <\/strong>titolare di un&#8217; azienda agricola biologica, e il professore di diritto costituzionale dell&#8217; UniSalento <strong>Nicola Grasso<\/strong>, a ribadire le ragioni della lotta, ora pi\u00f9 che mai, anzi mai come pure prima attuale, visto che Martina ministro ancora in carica ha previsto abbattimenti di alberi indiscriminati, ben pi\u00f9 del generale dell&#8217; allora Forestale, e un massiccio uso di insetticidi, con effetti che sarebbro per tutti e per tutto devastanti.<\/p>\n<p>Ribadite a profusione pure la mancanza di riscontri scientifici che provino la diffusione del batterio della &#8216;xylella&#8217; causa del disseccamento a opera dell&#8217; insetto chiamato &#8216;sputacchina&#8217;, presunta motivazione per le eradicazioni.<\/p>\n<p>La novit\u00e0, opportunamente evidenziata, sta invece adesso nel fatto che questi provvedimenti non tengono conto degli studi della libera ricerca nel frattempo sopravvenuti, che hanno indicato altre strade, come quello del batteriologo Marco Scortichini.<\/p>\n<p>Poi, gli interventi di alcuni dei tanti presenti. Applauditissimo, momento &#8211; forte della serata, quello di <strong>Carmelo Marti<\/strong>, 75 anni, di Cutrofiano (<em>&#8220;Ma tie ci sinti? Numb\u00e8 ca moi me denunci?&#8221;<\/em>), il quale si era portato da casa, anzi dal lavoro, dalla sua campagna insomma, alcuni insetti, ben vivi, avvolti in un cartoncino, per dimostrare &#8211; e l&#8217; ha fatto con indubbia efficacia, sia pur a modo suo &#8211; che le patologie vegetali che colpiscono gli ulivi esistono da sempre e che bisogna conviverci, adoperando i sistemi tradizionali, ma soprattutto mettendoci cura, cura intesa come fatica, e come passione.<\/p>\n<p>&#8216;Stesera \u00e8 tornato il Popolo degli Ulivi.<\/p>\n<p>Annunciata una nuova, imminente, massiccia mobilitazione.<\/p>\n<p>In primo luogo in sede di ricorsi amministrativi al Tar del Lazio, competente per territorio, contro il decreto Martina, una valanga di ricorsi per bloccarlo, sia da parte di singoli soggetti direttamente coinvolti, come gli agricoltori; sia di enti e associazioni, nel nome collettivo e per la difesa della salute, bene primario; sia, allo studio, da parte dei sindaci dei comuni interessati.<\/p>\n<p>Poi, una grande manifestazione a Bari davanti la sede della Regione Puglia.<\/p>\n<p>Infine, informazione massiccia, anzi, \u00e8 pi\u00f9 corretto dire contro informazione, su vecchi e nuovi mass media.<\/p>\n<p>La lotta continua.______<\/p>\n<p>LA RICERCA in alcuni dei nostri articoli pi\u00f9 recenti dedicati alla cos\u00ec detta &#8216;emergenza Xylella&#8217;<\/p>\n<blockquote class=\"wp-embedded-content\" data-secret=\"3EwZX6fufO\"><p><a href=\"https:\/\/www.leccecronaca.it\/index.php\/2018\/03\/22\/una-speranza-scientifica-per-salvare-l-olivicoltura-tradizionale-e-scongiurare-le-eradicazioni-a-leccecronaca-it-marco-scortichini-espone-le-sue-risposte-a-chi-ha-avanzato-dubbi-interessati\/\">UNA SPERANZA SCIENTIFICA, PER SALVARE L&#8217; OLIVICOLTURA TRADIZIONALE E SCONGIURARE LE ERADICAZIONI. A leccecronaca.it  MARCO SCORTICHINI ESPONE LE SUE RISPOSTE A CHI HA AVANZATO DUBBI. INTERESSATI<\/a><\/p><\/blockquote>\n<p><iframe class=\"wp-embedded-content\" sandbox=\"allow-scripts\" security=\"restricted\" style=\"position: absolute; clip: rect(1px, 1px, 1px, 1px);\" src=\"https:\/\/www.leccecronaca.it\/index.php\/2018\/03\/22\/una-speranza-scientifica-per-salvare-l-olivicoltura-tradizionale-e-scongiurare-le-eradicazioni-a-leccecronaca-it-marco-scortichini-espone-le-sue-risposte-a-chi-ha-avanzato-dubbi-interessati\/embed\/#?secret=3EwZX6fufO\" data-secret=\"3EwZX6fufO\" width=\"500\" height=\"282\" title=\"&#8220;UNA SPERANZA SCIENTIFICA, PER SALVARE L&#8217; OLIVICOLTURA TRADIZIONALE E SCONGIURARE LE ERADICAZIONI. A leccecronaca.it  MARCO SCORTICHINI ESPONE LE SUE RISPOSTE A CHI HA AVANZATO DUBBI. INTERESSATI&#8221; &#8212; LecceCronaca.it\" frameborder=\"0\" marginwidth=\"0\" marginheight=\"0\" scrolling=\"no\"><\/iframe><\/p>\n<blockquote class=\"wp-embedded-content\" data-secret=\"e4psbi3jgK\"><p><a href=\"https:\/\/www.leccecronaca.it\/index.php\/2018\/03\/30\/il-regalo-avvelenato-di-maurizio-martina-al-salento-vediamo-che-cosa-contiene-il-decreto-con-cui-l-ex-ministro-autorizza-i-reimpianti\/\">IL REGALO AVVELENATO DI MAURIZIO MARTINA AL SALENTO. VEDIAMO CHE COSA CONTIENE IL DECRETO CON CUI L&#8217; EX MINISTRO AUTORIZZA I REIMPIANTI<\/a><\/p><\/blockquote>\n<p><iframe class=\"wp-embedded-content\" sandbox=\"allow-scripts\" security=\"restricted\" style=\"position: absolute; clip: rect(1px, 1px, 1px, 1px);\" src=\"https:\/\/www.leccecronaca.it\/index.php\/2018\/03\/30\/il-regalo-avvelenato-di-maurizio-martina-al-salento-vediamo-che-cosa-contiene-il-decreto-con-cui-l-ex-ministro-autorizza-i-reimpianti\/embed\/#?secret=e4psbi3jgK\" data-secret=\"e4psbi3jgK\" width=\"500\" height=\"282\" title=\"&#8220;IL REGALO AVVELENATO DI MAURIZIO MARTINA AL SALENTO. VEDIAMO CHE COSA CONTIENE IL DECRETO CON CUI L&#8217; EX MINISTRO AUTORIZZA I REIMPIANTI&#8221; &#8212; LecceCronaca.it\" frameborder=\"0\" marginwidth=\"0\" marginheight=\"0\" scrolling=\"no\"><\/iframe><\/p>\n<blockquote class=\"wp-embedded-content\" data-secret=\"jhpFQKPsd0\"><p><a href=\"https:\/\/www.leccecronaca.it\/index.php\/2018\/04\/18\/pressioni-sul-governo-gia-quale-affinche-sia-ritirato-il-dcreto-martina-sull-eradicazione-degli-ulivi-e-l-uso-dei-pesticidi-minacciate-le-api-a-rischio-di-distruzione\/\">PRESSIONI SUL GOVERNO &#8211; GIA&#8217;, QUALE? &#8211; AFFINCHE&#8217; SIA RITIRATO IL DECRETO MARTINA SULL&#8217; ERADICAZIONE DEGLI ULIVI E L&#8217; USO DEI PESTICIDI. MINACCIATE IN PARTICOLAR MODO LE API, A RISCHIO DI DISTRUZIONE NEL SALENTO<\/a><\/p><\/blockquote>\n<p><iframe class=\"wp-embedded-content\" sandbox=\"allow-scripts\" security=\"restricted\" style=\"position: absolute; clip: rect(1px, 1px, 1px, 1px);\" src=\"https:\/\/www.leccecronaca.it\/index.php\/2018\/04\/18\/pressioni-sul-governo-gia-quale-affinche-sia-ritirato-il-dcreto-martina-sull-eradicazione-degli-ulivi-e-l-uso-dei-pesticidi-minacciate-le-api-a-rischio-di-distruzione\/embed\/#?secret=jhpFQKPsd0\" data-secret=\"jhpFQKPsd0\" width=\"500\" height=\"282\" title=\"&#8220;PRESSIONI SUL GOVERNO &#8211; GIA&#8217;, QUALE? &#8211; AFFINCHE&#8217; SIA RITIRATO IL DECRETO MARTINA SULL&#8217; ERADICAZIONE DEGLI ULIVI E L&#8217; USO DEI PESTICIDI. MINACCIATE IN PARTICOLAR MODO LE API, A RISCHIO DI DISTRUZIONE NEL SALENTO&#8221; &#8212; LecceCronaca.it\" frameborder=\"0\" marginwidth=\"0\" marginheight=\"0\" scrolling=\"no\"><\/iframe><\/p>\n<fb:like href='https:\/\/www.leccecronaca.it\/index.php\/2018\/04\/26\/l-urlo-del-popolo-degli-ulivi-contro-i-provvedimenti-di-maurizio-martina-il-decreto-dei-veleni-decisa-questa-era-a-lecce-in-una-articolata-massiccia-mobilitazione-fer-fermare-abbattimenti-del\/' send='true' layout='button_count' show_faces='true' width='450' height='65' action='recommend' colorscheme='light' font='lucida grande'><\/fb:like><span class=\"fb_share\"><fb:like href=\"https:\/\/www.leccecronaca.it\/index.php\/2018\/04\/26\/l-urlo-del-popolo-degli-ulivi-contro-i-provvedimenti-di-maurizio-martina-il-decreto-dei-veleni-decisa-questa-era-a-lecce-in-una-articolata-massiccia-mobilitazione-fer-fermare-abbattimenti-del\/\" layout=\"button_count\"><\/fb:like><\/span>","protected":false},"excerpt":{"rendered":"<p>(g.p.)______ C&#8217; era anche lei, la cui foto, senza nulla togliere all&#8217; azione di centinaia e centinaia di attivisti che in pi\u00f9 occasioni tre anni fa si mobilitarono per impedire il folle abbattimento degli ulivi salentini previsto dal famigerato &#8216;piano Silletti&#8217;, poi fermato dalla Procura della Repubblica di Lecce, divenne il simbolo della lotta di [&hellip;]<\/p>\n","protected":false},"author":4,"featured_media":136032,"comment_status":"open","ping_status":"closed","sticky":false,"template":"","format":"standard","meta":[],"categories":[1,69,31,75,76],"tags":[],"_links":{"self":[{"href":"https:\/\/www.leccecronaca.it\/index.php\/wp-json\/wp\/v2\/posts\/136031"}],"collection":[{"href":"https:\/\/www.leccecronaca.it\/index.php\/wp-json\/wp\/v2\/posts"}],"about":[{"href":"https:\/\/www.leccecronaca.it\/index.php\/wp-json\/wp\/v2\/types\/post"}],"author":[{"embeddable":true,"href":"https:\/\/www.leccecronaca.it\/index.php\/wp-json\/wp\/v2\/users\/4"}],"replies":[{"embeddable":true,"href":"https:\/\/www.leccecronaca.it\/index.php\/wp-json\/wp\/v2\/comments?post=136031"}],"version-history":[{"count":10,"href":"https:\/\/www.leccecronaca.it\/index.php\/wp-json\/wp\/v2\/posts\/136031\/revisions"}],"predecessor-version":[{"id":136042,"href":"https:\/\/www.leccecronaca.it\/index.php\/wp-json\/wp\/v2\/posts\/136031\/revisions\/136042"}],"wp:featuredmedia":[{"embeddable":true,"href":"https:\/\/www.leccecronaca.it\/index.php\/wp-json\/wp\/v2\/media\/136032"}],"wp:attachment":[{"href":"https:\/\/www.leccecronaca.it\/index.php\/wp-json\/wp\/v2\/media?parent=136031"}],"wp:term":[{"taxonomy":"category","embeddable":true,"href":"https:\/\/www.leccecronaca.it\/index.php\/wp-json\/wp\/v2\/categories?post=136031"},{"taxonomy":"post_tag","embeddable":true,"href":"https:\/\/www.leccecronaca.it\/index.php\/wp-json\/wp\/v2\/tags?post=136031"}],"curies":[{"name":"wp","href":"https:\/\/api.w.org\/{rel}","templated":true}]}}