{"id":136156,"date":"2018-04-28T17:40:13","date_gmt":"2018-04-28T15:40:13","guid":{"rendered":"http:\/\/www.leccecronaca.it\/?p=136156"},"modified":"2018-04-29T10:20:19","modified_gmt":"2018-04-29T08:20:19","slug":"le-belle-notizie-la-guerra-e-finita","status":"publish","type":"post","link":"https:\/\/www.leccecronaca.it\/index.php\/2018\/04\/28\/le-belle-notizie-la-guerra-e-finita\/","title":{"rendered":"LE BELLE NOTIZIE \/ &#8220;La guerra \u00e8 finita&#8221;"},"content":{"rendered":"<p><img decoding=\"async\" loading=\"lazy\" class=\"alignnone wp-image-136157\" src=\"https:\/\/www.leccecronaca.it\/wordpress\/wp-content\/uploads\/2018\/04\/download-2.jpg\" alt=\"\" width=\"900\" height=\"721\" \/><\/p>\n<p>(g.p.)______Il percorso \u00e8 ancora in salita, irto e difficile per le tante questioni che dovranno essere definite. Ma \u00e8 cominciato, insieme, e il resto si pu\u00f2 fare. Mano nella mano. &#8220;La guerra \u00e8 finita&#8221;, hanno annunciato ieri a Seul, durante lo storico\u00a0vertice di pace\u00a0tra Corea del Nord e Corea del Sud, i rispettivi leader\u00a0Kim Jong-un\u00a0e\u00a0Moon Jae-in.<\/p>\n<p>Epoi hanno fatto una passeggiata\u00a0attraverso il confine: un passo per entrare nel Nord, un altro per tornare nel Sud.<\/p>\n<p>Un altro segno della Storia. Crollano i muri, e anacronistici confini di divisione e odio vengono cancellati.<\/p>\n<p>Quasi settanta anni dopo, e quasi altrettanti di precario &#8220;armistizio&#8221;.<\/p>\n<p><img decoding=\"async\" loading=\"lazy\" class=\"alignnone size-medium wp-image-136158\" src=\"https:\/\/www.leccecronaca.it\/wordpress\/wp-content\/uploads\/2018\/04\/092921533-7daadfed-44e4-4bc2-92df-07c9dde6e284-300x226.jpg\" alt=\"\" width=\"300\" height=\"226\" srcset=\"https:\/\/www.leccecronaca.it\/wordpress\/wp-content\/uploads\/2018\/04\/092921533-7daadfed-44e4-4bc2-92df-07c9dde6e284-300x226.jpg 300w, https:\/\/www.leccecronaca.it\/wordpress\/wp-content\/uploads\/2018\/04\/092921533-7daadfed-44e4-4bc2-92df-07c9dde6e284-768x579.jpg 768w, https:\/\/www.leccecronaca.it\/wordpress\/wp-content\/uploads\/2018\/04\/092921533-7daadfed-44e4-4bc2-92df-07c9dde6e284-400x300.jpg 400w, https:\/\/www.leccecronaca.it\/wordpress\/wp-content\/uploads\/2018\/04\/092921533-7daadfed-44e4-4bc2-92df-07c9dde6e284.jpg 875w\" sizes=\"(max-width: 300px) 100vw, 300px\" \/><\/p>\n<p>La guerra di Corea fu il conflitto combattuto nella penisola coreana dal 1950 al 1953. Essa determin\u00f2 una delle fasi pi\u00f9 acute della Guerra fredda, con il rischio di un conflitto globale e il possibile utilizzo di bombe nucleari. Oltre a causare &#8211; stima prudenti &#8211; 2.800.000 morti.<\/p>\n<p>E quando fu firmato un armistizio, in quell&#8217; angolo del mondo, poco dopo, cominci\u00f2 la guerra del Vietnam.<\/p>\n<p>Una vergogna che si pu\u00f2 emendare. Come le paure da incubo che nei mesi scorsi suscitarono gli attacchi, per fortuna solamente a colpi di Tweet, di Donald Trump.<\/p>\n<p>Il sogno impossibile cantato quasi cinquanta anni fa da John Lennon aggiunge un altro significativo tassello di possibile, concreta realizzazione.<\/p>\n<p><iframe loading=\"lazy\" width=\"500\" height=\"281\" src=\"https:\/\/www.youtube.com\/embed\/YkgkThdzX-8?feature=oembed\" frameborder=\"0\" allow=\"autoplay; encrypted-media\" allowfullscreen><\/iframe><\/p>\n<fb:like href='https:\/\/www.leccecronaca.it\/index.php\/2018\/04\/28\/le-belle-notizie-la-guerra-e-finita\/' send='true' layout='button_count' show_faces='true' width='450' height='65' action='recommend' colorscheme='light' font='lucida grande'><\/fb:like><span class=\"fb_share\"><fb:like href=\"https:\/\/www.leccecronaca.it\/index.php\/2018\/04\/28\/le-belle-notizie-la-guerra-e-finita\/\" layout=\"button_count\"><\/fb:like><\/span>","protected":false},"excerpt":{"rendered":"<p>(g.p.)______Il percorso \u00e8 ancora in salita, irto e difficile per le tante questioni che dovranno essere definite. Ma \u00e8 cominciato, insieme, e il resto si pu\u00f2 fare. Mano nella mano. &#8220;La guerra \u00e8 finita&#8221;, hanno annunciato ieri a Seul, durante lo storico\u00a0vertice di pace\u00a0tra Corea del Nord e Corea del Sud, i rispettivi leader\u00a0Kim Jong-un\u00a0e\u00a0Moon [&hellip;]<\/p>\n","protected":false},"author":4,"featured_media":0,"comment_status":"open","ping_status":"closed","sticky":false,"template":"","format":"standard","meta":[],"categories":[69,76],"tags":[],"_links":{"self":[{"href":"https:\/\/www.leccecronaca.it\/index.php\/wp-json\/wp\/v2\/posts\/136156"}],"collection":[{"href":"https:\/\/www.leccecronaca.it\/index.php\/wp-json\/wp\/v2\/posts"}],"about":[{"href":"https:\/\/www.leccecronaca.it\/index.php\/wp-json\/wp\/v2\/types\/post"}],"author":[{"embeddable":true,"href":"https:\/\/www.leccecronaca.it\/index.php\/wp-json\/wp\/v2\/users\/4"}],"replies":[{"embeddable":true,"href":"https:\/\/www.leccecronaca.it\/index.php\/wp-json\/wp\/v2\/comments?post=136156"}],"version-history":[{"count":4,"href":"https:\/\/www.leccecronaca.it\/index.php\/wp-json\/wp\/v2\/posts\/136156\/revisions"}],"predecessor-version":[{"id":136164,"href":"https:\/\/www.leccecronaca.it\/index.php\/wp-json\/wp\/v2\/posts\/136156\/revisions\/136164"}],"wp:attachment":[{"href":"https:\/\/www.leccecronaca.it\/index.php\/wp-json\/wp\/v2\/media?parent=136156"}],"wp:term":[{"taxonomy":"category","embeddable":true,"href":"https:\/\/www.leccecronaca.it\/index.php\/wp-json\/wp\/v2\/categories?post=136156"},{"taxonomy":"post_tag","embeddable":true,"href":"https:\/\/www.leccecronaca.it\/index.php\/wp-json\/wp\/v2\/tags?post=136156"}],"curies":[{"name":"wp","href":"https:\/\/api.w.org\/{rel}","templated":true}]}}