{"id":136416,"date":"2018-05-04T17:33:55","date_gmt":"2018-05-04T15:33:55","guid":{"rendered":"http:\/\/www.leccecronaca.it\/?p=136416"},"modified":"2018-05-04T17:40:47","modified_gmt":"2018-05-04T15:40:47","slug":"il-bilancio-della-stagione-teatrale-del-comune-di-lecce-e-l-accessibilita-alla-programmazione","status":"publish","type":"post","link":"https:\/\/www.leccecronaca.it\/index.php\/2018\/05\/04\/il-bilancio-della-stagione-teatrale-del-comune-di-lecce-e-l-accessibilita-alla-programmazione\/","title":{"rendered":"IL BILANCIO DELLA STAGIONE TEATRALE DEL COMUNE DI LECCE, E L&#8217; ACCESSIBILIT\u00c0 ALLA PROGRAMMAZIONE"},"content":{"rendered":"<p><img decoding=\"async\" loading=\"lazy\" class=\"alignleft size-full wp-image-136417\" src=\"https:\/\/www.leccecronaca.it\/wordpress\/wp-content\/uploads\/2018\/05\/IMG_20180504_164902.jpg\" alt=\"\" width=\"3279\" height=\"1948\" \/>Mav_______<\/p>\n<p>Si \u00e8 svolta questa mattina presso il teatro Apollo la conferenza stampa di presentazione del bilancio della stagione teatrale del Comune di Lecce, che ha messo in rete i teatri con la citt\u00e0 sul filo dell&#8217;ironia.<\/p>\n<p>Presenti il sindaco di Lecce Carlo Salvemini, l&#8217;assessore alla cultura Antonella Agnoli e il direttore dell&#8217; ente Teatro Pubblico Pugliese Carmelo Grassi.<\/p>\n<p>\u00c8 subito emerso l&#8217;entusiasmo per gli obiettivi raggiunti grazie ad una sinergia tra amministrazioni, enti e associazioni presenti sul territorio; oltre ad una politica tutta incentrata sul coinvolgimento di una fetta sempre pi\u00f9 ampia di pubblico, da ricercare in quelle fasce di et\u00e0 o categorie che statisticamente non usufruiscono, per varie motivazioni, del teatro.<\/p>\n<p>La buona pratica del &#8220;biglietto sospeso&#8221; ha dato i suoi frutti, cos\u00ec come anche la riduzione\u00a0 a tutti gli under 35.<\/p>\n<p>Da segnalare inoltre l&#8217;esperienza innovativa di &#8220;Vengo anch&#8217;io&#8221;, promossa dal Comune di Lecce in collaborazione con il Teatro Pubblico Pugliese e curata da Fermenti Lattici: si tratta un servizio alle famiglie con bambini tra i 3 e i 12 anni, che ha consentito ai genitori di accomodarsi in sala mentre i bambini, negli appositi spazi allestiti nei teatri Apollo e Paisiello, partecipavano a laboratori e percorsi sullo stesso tema dello spettacolo in corso.<\/p>\n<p>Rilevante infine, la totale disponibilit\u00e0 ed accessibilit\u00e0 alle future programmazioni, attraverso la presentazione di adeguati progetti. Il Comune ha cominciato infatti gi\u00e0 con la stagione 2018 a tessere con i propri teatri e le realt\u00e0, a vario titolo coinvolte, una rete di idee, relazioni, comunicazioni e presenze. Un percorso intrapreso e che, si auspica, continuer\u00e0 a crescere nelle prossime stagioni. Provare per crederci!<\/p>\n<p><img decoding=\"async\" loading=\"lazy\" class=\"alignleft size-full wp-image-136418\" src=\"https:\/\/www.leccecronaca.it\/wordpress\/wp-content\/uploads\/2018\/05\/IMG-20180504-WA0005.jpg\" alt=\"\" width=\"1600\" height=\"900\" srcset=\"https:\/\/www.leccecronaca.it\/wordpress\/wp-content\/uploads\/2018\/05\/IMG-20180504-WA0005.jpg 1600w, https:\/\/www.leccecronaca.it\/wordpress\/wp-content\/uploads\/2018\/05\/IMG-20180504-WA0005-300x169.jpg 300w, https:\/\/www.leccecronaca.it\/wordpress\/wp-content\/uploads\/2018\/05\/IMG-20180504-WA0005-1024x576.jpg 1024w, https:\/\/www.leccecronaca.it\/wordpress\/wp-content\/uploads\/2018\/05\/IMG-20180504-WA0005-768x432.jpg 768w, https:\/\/www.leccecronaca.it\/wordpress\/wp-content\/uploads\/2018\/05\/IMG-20180504-WA0005-1536x864.jpg 1536w\" sizes=\"(max-width: 1600px) 100vw, 1600px\" \/><\/p>\n<fb:like href='https:\/\/www.leccecronaca.it\/index.php\/2018\/05\/04\/il-bilancio-della-stagione-teatrale-del-comune-di-lecce-e-l-accessibilita-alla-programmazione\/' send='true' layout='button_count' show_faces='true' width='450' height='65' action='recommend' colorscheme='light' font='lucida grande'><\/fb:like><span class=\"fb_share\"><fb:like href=\"https:\/\/www.leccecronaca.it\/index.php\/2018\/05\/04\/il-bilancio-della-stagione-teatrale-del-comune-di-lecce-e-l-accessibilita-alla-programmazione\/\" layout=\"button_count\"><\/fb:like><\/span>","protected":false},"excerpt":{"rendered":"<p>Mav_______ Si \u00e8 svolta questa mattina presso il teatro Apollo la conferenza stampa di presentazione del bilancio della stagione teatrale del Comune di Lecce, che ha messo in rete i teatri con la citt\u00e0 sul filo dell&#8217;ironia. Presenti il sindaco di Lecce Carlo Salvemini, l&#8217;assessore alla cultura Antonella Agnoli e il direttore dell&#8217; ente Teatro [&hellip;]<\/p>\n","protected":false},"author":4,"featured_media":136418,"comment_status":"open","ping_status":"closed","sticky":false,"template":"","format":"standard","meta":[],"categories":[1,31],"tags":[],"_links":{"self":[{"href":"https:\/\/www.leccecronaca.it\/index.php\/wp-json\/wp\/v2\/posts\/136416"}],"collection":[{"href":"https:\/\/www.leccecronaca.it\/index.php\/wp-json\/wp\/v2\/posts"}],"about":[{"href":"https:\/\/www.leccecronaca.it\/index.php\/wp-json\/wp\/v2\/types\/post"}],"author":[{"embeddable":true,"href":"https:\/\/www.leccecronaca.it\/index.php\/wp-json\/wp\/v2\/users\/4"}],"replies":[{"embeddable":true,"href":"https:\/\/www.leccecronaca.it\/index.php\/wp-json\/wp\/v2\/comments?post=136416"}],"version-history":[{"count":3,"href":"https:\/\/www.leccecronaca.it\/index.php\/wp-json\/wp\/v2\/posts\/136416\/revisions"}],"predecessor-version":[{"id":136421,"href":"https:\/\/www.leccecronaca.it\/index.php\/wp-json\/wp\/v2\/posts\/136416\/revisions\/136421"}],"wp:featuredmedia":[{"embeddable":true,"href":"https:\/\/www.leccecronaca.it\/index.php\/wp-json\/wp\/v2\/media\/136418"}],"wp:attachment":[{"href":"https:\/\/www.leccecronaca.it\/index.php\/wp-json\/wp\/v2\/media?parent=136416"}],"wp:term":[{"taxonomy":"category","embeddable":true,"href":"https:\/\/www.leccecronaca.it\/index.php\/wp-json\/wp\/v2\/categories?post=136416"},{"taxonomy":"post_tag","embeddable":true,"href":"https:\/\/www.leccecronaca.it\/index.php\/wp-json\/wp\/v2\/tags?post=136416"}],"curies":[{"name":"wp","href":"https:\/\/api.w.org\/{rel}","templated":true}]}}