{"id":136815,"date":"2018-05-12T18:30:02","date_gmt":"2018-05-12T16:30:02","guid":{"rendered":"http:\/\/www.leccecronaca.it\/?p=136815"},"modified":"2018-05-16T20:36:14","modified_gmt":"2018-05-16T18:36:14","slug":"mo-pure-loro-tengono-la-xylella-an-capu-la-rivoluzione-copernicana-del-movimento-5-stelle-anche-sulla-xylella-da-partito-di-lotta-contro-la-frode-a-partito-di-governo-che-appoggia-la-confagric","status":"publish","type":"post","link":"https:\/\/www.leccecronaca.it\/index.php\/2018\/05\/12\/mo-pure-loro-tengono-la-xylella-an-capu-la-rivoluzione-copernicana-del-movimento-5-stelle-anche-sulla-xylella-da-partito-di-lotta-contro-la-frode-a-partito-di-governo-che-appoggia-la-confagric\/","title":{"rendered":"MO PURE LORO TENGONO LA XYLELLA AN CAPU. LA &#8216;RIVOLUZIONE COPERNICANA&#8217; DEL MOVIMENTO 5 STELLE ANCHE SULLA XYLELLA. DA PARTITO DI LOTTA CONTRO LA FRODE, A PARTITO DI GOVERNO, CHE APPOGGIA LA COLDIRETTI. ECCO LE INCREDIBILI DICHIARAZIONI DI OGGI, FRA GLI ALTRI, DI DIEGO DE LORENZIS, E CRISTIAN CASILI"},"content":{"rendered":"<p><img decoding=\"async\" loading=\"lazy\" class=\"alignleft size-full wp-image-136816\" src=\"https:\/\/www.leccecronaca.it\/wordpress\/wp-content\/uploads\/2018\/05\/casili.jpg\" alt=\"\" width=\"700\" height=\"562\" srcset=\"https:\/\/www.leccecronaca.it\/wordpress\/wp-content\/uploads\/2018\/05\/casili.jpg 700w, https:\/\/www.leccecronaca.it\/wordpress\/wp-content\/uploads\/2018\/05\/casili-300x241.jpg 300w\" sizes=\"(max-width: 700px) 100vw, 700px\" \/>(g.p.)_______Si \u00e8 tenuto questa mattina a Lecce nella sede della Coldiretti un incontro dell&#8217; organizzazione con alcuni parlamentari salentini del M5S. E fin qua tutto bene, i parlamentari incontrano tutti coloro che lo chiedano, per ascoltare, e valutare.<\/p>\n<p>&nbsp;<\/p>\n<p>&nbsp;<\/p>\n<p>&nbsp;<\/p>\n<p>Il presidente di Coldiretti Lecce,\u00a0Pantaleo Piccinno, e il direttore\u00a0Giuseppe Brillante hanno parlato con\u00a0Diego De Lorenzis, deputato riconfermato,\u00a0Maria Soave Alemanno, deputata neo eletta,\u00a0Iunio Valerio Romano, neo senatore,\u00a0Leonardo Donno, neo deputato, e Cristian Casili, consigliere regionale, ai quali hanno legittimamente esposto le rivendicazioni della loro organizzazione, vale a dire: <em>&#8220;un corposo finanziamento pluriennale con cui rimpinguare il Contratto di distretto destinato alla rigenerazione agricola dei territori colpiti dal batterio; aiuti Pac specifici per le aziende che si stanno riconvertendo ad altre colture o che stanno riprendendo la produzione olearia; ed un imput sostanzioso alla ricerca per la realizzazione del Laboratorio a cielo aperto<\/em>&#8220;.<\/p>\n<p>E anche per questo tutto bene, conoscevamo le rivendicazioni della Coldiretti, ribadite oggi, e il retroterra, \u00e8 il caso di dirlo, politico e &#8216;culturale&#8217; da cui provengono.<\/p>\n<p>\u201c<em>Il tanto atteso decreto che autorizza il reimpianto di ulivi nell\u2019area infetta \u00e8 stato pubblicato sulla Gazzetta ufficiale. E\u2019 ormai pronta anche la procedura autorizzativa da parte dell\u2019Osservatorio fitosanitario regionale<\/em> &#8211; sono le parole del presidente di Coldiretti Lecce Pantaleo Piccinno &#8211; <em>si rid\u00e0 in questo modo speranza di futuro ai territorio martoriati dalla malattia e fiducia nello spirito imprenditoriale degli agricoltori salentini\u201d.\u00a0<\/em><\/p>\n<p>Per i dirigenti Coldiretti il futuro dell\u2019olivicoltura nazionale dipender\u00e0 dalle azioni di difesa e contrasto alla malattia \u201c<em>che sapremo attivare proprio nel Salento. Xylella non potr\u00e0 pi\u00f9 essere confinata come emergenza localistica ne\u2019 si dovranno pi\u00f9 tollerare disallineamenti istituzionali tra i diversi livelli governativi usati in modo strumentale\u201d.<\/em><\/p>\n<p>E poi sostegno alla ricerca, nuovi fondi per il contratto di distretto in occasione del prossimo Documento di programmazione di economia e Finanza, <em>\u201ca cui collegare interventi provenienti da provvedimenti legislativi ordinari, ma finalizzati al sostegno di strumenti e infrastrutture per la ricostruzione del paesaggio salentino<\/em> &#8211; sottolinea il direttore di Coldiretti Lecce, Giuseppe Brillante &#8211; <em>I pochi fondi definiti dalla stessa Finanziaria del 2018, comma 128, devono essere finalizzati al settore olivicolo nelle aree colpite dal batterio il cosiddetto Fondo latte e cereali con finanziamenti per gli investimenti, il consolidamento delle passivit\u00e0 bancarie e dei debiti commerciali\u201d.<\/em><\/p>\n<p>E ancora un aiuto accoppiato specifico della Pac (Politica agricola comunitaria) \u201c riservato alle aree di crisi delle aziende agricole infette da xylella, detentrici di fascicolo aziendale, che si stanno riconvertendo o riprendendo la produzione olearia e che devono contare su un aiuto quinquennale in attesa della nuova produzione\u201d.<\/p>\n<p>Bene.<\/p>\n<p>E i pentastellati, cosa hanno detto?<\/p>\n<p>Per quanto sia incredibile, almeno alla luce di anni e anni di precedenti prese di posizione, documentazioni, convegni e polemiche contro la &#8216;frode&#8217; della Xylella, oggi hanno cambiato idea.<\/p>\n<p>Pure essi &#8216;mo tengono la Xylella an capu, per citare un celeberrimo slogan &#8211; accusa dei manifestanti ambientalisti.<\/p>\n<p><img decoding=\"async\" loading=\"lazy\" class=\"alignleft size-full wp-image-136824\" src=\"https:\/\/www.leccecronaca.it\/wordpress\/wp-content\/uploads\/2018\/05\/xylella-proteste-san-pietro.jpg\" alt=\"\" width=\"960\" height=\"720\" srcset=\"https:\/\/www.leccecronaca.it\/wordpress\/wp-content\/uploads\/2018\/05\/xylella-proteste-san-pietro.jpg 960w, https:\/\/www.leccecronaca.it\/wordpress\/wp-content\/uploads\/2018\/05\/xylella-proteste-san-pietro-300x225.jpg 300w, https:\/\/www.leccecronaca.it\/wordpress\/wp-content\/uploads\/2018\/05\/xylella-proteste-san-pietro-768x576.jpg 768w, https:\/\/www.leccecronaca.it\/wordpress\/wp-content\/uploads\/2018\/05\/xylella-proteste-san-pietro-400x300.jpg 400w\" sizes=\"(max-width: 960px) 100vw, 960px\" \/><\/p>\n<p>Questo c&#8217;\u00e8 scritto nelle loro dichiarazioni. Eccole.<\/p>\n<p>&#8220;<em>Siamo pronti a sottoscrivere e a portare avanti le richiese di Coldiretti per l\u2019emergenza xylella<\/em>\u201d. Nello specifico,\u00a0<strong>Diego De Lorenzis<\/strong> ha parlato a nome degli altri parlamentari presenti all&#8217;incontro, ricordati prima:\u00a0<em>\u201cLe richieste di Coldiretti sono di buon senso\u00a0 e non abbiamo nessuna difficolt\u00e0 a sottoscriverle e portarle avanti. Condividiamo l\u2019importanza di avere una visione del futuro oltre che di gestire le problematiche imminenti. Ci sono state altre terribili fitopatie nel passato, penso alla fillossera, che avevano lasciato presagire l&#8217;estinzione di una coltura in alcuni territori, cosa che poi non \u00e8 avvenuta e questo ci fa sperare in qualcosa di analogo per l&#8217;olivicoltura in Puglia<\/em>. <em>C&#8217;\u00e8 un&#8217;esigenza di delegiferare in Italia, per cui crediamo sia pi\u00f9 opportuno ricorrere a strumenti normativi ordinari, gi\u00e0 esistenti, che possano dare risposte concrete e immediate\u201d.<\/em><\/p>\n<p>All&#8217;incontro \u00e8 intervenuto anche\u00a0<strong>Cristian Casili<\/strong>, (nella foto), che ha sottolineato l&#8217;importanza di una pacificazione sociale rispetto al problema Xylella: <em>\u201cIl periodo delle polemiche deve finire. Il Salento Leccese ha bisogno di una rivoluzione copernicana. L\u2019uliveto rappresenta un valore assoluto per questo territorio, un valore anche paesaggistico, e quindi alla luce del disastro causato da xylella devono arrivare risorse per l\u2019agricoltura ma anche per la riqualificazione del territorio\u201d.<\/em><\/p>\n<p>Potremmo qui di seguito riportare decine e decine di articoli su quanto il Movimento 5 Stelle, quello vero, fino a pochi mesi fa, prima che ne diventasse capo politico Luigi Di Maio, quello che ora non c&#8217;\u00e8 pi\u00f9, sosteneva su tutto questo. Ma tanto non serve a niente. Conta il presente.<\/p>\n<p>Un presente che \u00e8 fatto di adesione, cio\u00e8 resa incondizionata. E di ossequio a <em>&#8216;strumenti normativi ordinari&#8217;<\/em>, come i provvedimenti in atto previsti dal decreto Martina, il decreto dell&#8217; abbattimento degli alberi, e dei veleni in agricoltura.<\/p>\n<p><img decoding=\"async\" loading=\"lazy\" class=\"alignleft size-full wp-image-137065\" src=\"https:\/\/www.leccecronaca.it\/wordpress\/wp-content\/uploads\/2018\/05\/11701173_1464120543886639_2613565364038177734_n-1.jpg\" alt=\"\" width=\"528\" height=\"960\" srcset=\"https:\/\/www.leccecronaca.it\/wordpress\/wp-content\/uploads\/2018\/05\/11701173_1464120543886639_2613565364038177734_n-1.jpg 528w, https:\/\/www.leccecronaca.it\/wordpress\/wp-content\/uploads\/2018\/05\/11701173_1464120543886639_2613565364038177734_n-1-165x300.jpg 165w\" sizes=\"(max-width: 528px) 100vw, 528px\" \/><\/p>\n<p>&nbsp;<\/p>\n<p>LA RICERCA nel nostro articolo del giorno successivo<\/p>\n<blockquote class=\"wp-embedded-content\" data-secret=\"iXT2Iexlb9\"><p><a href=\"https:\/\/www.leccecronaca.it\/index.php\/2018\/05\/13\/la-pac-e-altro-una-risposta-a-coldiretti\/\">LA &#8216;PAC&#8217; E ALTRO \/ UNA RISPOSTA A COLDIRETTI<\/a><\/p><\/blockquote>\n<p><iframe class=\"wp-embedded-content\" sandbox=\"allow-scripts\" security=\"restricted\" style=\"position: absolute; clip: rect(1px, 1px, 1px, 1px);\" src=\"https:\/\/www.leccecronaca.it\/index.php\/2018\/05\/13\/la-pac-e-altro-una-risposta-a-coldiretti\/embed\/#?secret=iXT2Iexlb9\" data-secret=\"iXT2Iexlb9\" width=\"500\" height=\"282\" title=\"&#8220;LA &#8216;PAC&#8217; E ALTRO \/ UNA RISPOSTA A COLDIRETTI&#8221; &#8212; LecceCronaca.it\" frameborder=\"0\" marginwidth=\"0\" marginheight=\"0\" scrolling=\"no\"><\/iframe><\/p>\n<p>&nbsp;<\/p>\n<fb:like href='https:\/\/www.leccecronaca.it\/index.php\/2018\/05\/12\/mo-pure-loro-tengono-la-xylella-an-capu-la-rivoluzione-copernicana-del-movimento-5-stelle-anche-sulla-xylella-da-partito-di-lotta-contro-la-frode-a-partito-di-governo-che-appoggia-la-confagric\/' send='true' layout='button_count' show_faces='true' width='450' height='65' action='recommend' colorscheme='light' font='lucida grande'><\/fb:like><span class=\"fb_share\"><fb:like href=\"https:\/\/www.leccecronaca.it\/index.php\/2018\/05\/12\/mo-pure-loro-tengono-la-xylella-an-capu-la-rivoluzione-copernicana-del-movimento-5-stelle-anche-sulla-xylella-da-partito-di-lotta-contro-la-frode-a-partito-di-governo-che-appoggia-la-confagric\/\" layout=\"button_count\"><\/fb:like><\/span>","protected":false},"excerpt":{"rendered":"<p>(g.p.)_______Si \u00e8 tenuto questa mattina a Lecce nella sede della Coldiretti un incontro dell&#8217; organizzazione con alcuni parlamentari salentini del M5S. E fin qua tutto bene, i parlamentari incontrano tutti coloro che lo chiedano, per ascoltare, e valutare. &nbsp; &nbsp; &nbsp; Il presidente di Coldiretti Lecce,\u00a0Pantaleo Piccinno, e il direttore\u00a0Giuseppe Brillante hanno parlato con\u00a0Diego De [&hellip;]<\/p>\n","protected":false},"author":4,"featured_media":136816,"comment_status":"open","ping_status":"closed","sticky":false,"template":"","format":"standard","meta":[],"categories":[1,69,76],"tags":[],"_links":{"self":[{"href":"https:\/\/www.leccecronaca.it\/index.php\/wp-json\/wp\/v2\/posts\/136815"}],"collection":[{"href":"https:\/\/www.leccecronaca.it\/index.php\/wp-json\/wp\/v2\/posts"}],"about":[{"href":"https:\/\/www.leccecronaca.it\/index.php\/wp-json\/wp\/v2\/types\/post"}],"author":[{"embeddable":true,"href":"https:\/\/www.leccecronaca.it\/index.php\/wp-json\/wp\/v2\/users\/4"}],"replies":[{"embeddable":true,"href":"https:\/\/www.leccecronaca.it\/index.php\/wp-json\/wp\/v2\/comments?post=136815"}],"version-history":[{"count":12,"href":"https:\/\/www.leccecronaca.it\/index.php\/wp-json\/wp\/v2\/posts\/136815\/revisions"}],"predecessor-version":[{"id":137066,"href":"https:\/\/www.leccecronaca.it\/index.php\/wp-json\/wp\/v2\/posts\/136815\/revisions\/137066"}],"wp:featuredmedia":[{"embeddable":true,"href":"https:\/\/www.leccecronaca.it\/index.php\/wp-json\/wp\/v2\/media\/136816"}],"wp:attachment":[{"href":"https:\/\/www.leccecronaca.it\/index.php\/wp-json\/wp\/v2\/media?parent=136815"}],"wp:term":[{"taxonomy":"category","embeddable":true,"href":"https:\/\/www.leccecronaca.it\/index.php\/wp-json\/wp\/v2\/categories?post=136815"},{"taxonomy":"post_tag","embeddable":true,"href":"https:\/\/www.leccecronaca.it\/index.php\/wp-json\/wp\/v2\/tags?post=136815"}],"curies":[{"name":"wp","href":"https:\/\/api.w.org\/{rel}","templated":true}]}}