{"id":137155,"date":"2018-05-23T00:03:01","date_gmt":"2018-05-22T22:03:01","guid":{"rendered":"http:\/\/www.leccecronaca.it\/?p=137155"},"modified":"2018-05-23T13:15:46","modified_gmt":"2018-05-23T11:15:46","slug":"anteprima-del-festival-di-musica-da-camera-classiche-forme-ad-arenesano-e-lecce-da-giovedi-24","status":"publish","type":"post","link":"https:\/\/www.leccecronaca.it\/index.php\/2018\/05\/23\/anteprima-del-festival-di-musica-da-camera-classiche-forme-ad-arenesano-e-lecce-da-giovedi-24\/","title":{"rendered":"ANTEPRIMA DEL FESTIVAL DI MUSICA DA CAMERA &#8216;CLASSICHE FORME&#8217; AD ARNESANO E LECCE DA GIOVEDI&#8217; 24"},"content":{"rendered":"<p><img decoding=\"async\" loading=\"lazy\" class=\"alignleft size-full wp-image-137156\" src=\"https:\/\/www.leccecronaca.it\/wordpress\/wp-content\/uploads\/2018\/05\/32332467_1990348864331526_854695609980944384_n.jpg\" alt=\"\" width=\"960\" height=\"640\" srcset=\"https:\/\/www.leccecronaca.it\/wordpress\/wp-content\/uploads\/2018\/05\/32332467_1990348864331526_854695609980944384_n.jpg 960w, https:\/\/www.leccecronaca.it\/wordpress\/wp-content\/uploads\/2018\/05\/32332467_1990348864331526_854695609980944384_n-300x200.jpg 300w, https:\/\/www.leccecronaca.it\/wordpress\/wp-content\/uploads\/2018\/05\/32332467_1990348864331526_854695609980944384_n-768x512.jpg 768w\" sizes=\"(max-width: 960px) 100vw, 960px\" \/>(adr)______ In attesa di conoscere i dettagli dell\u2019edizione 2018,\u00a0CLASSICHE FORME,\u00a0\u00a0il Festival Internazionale di Musica da Camera diretto dalla pianista salentina\u00a0Beatrice Rana\u00a0in programma a Spongano dal 6 all\u20198 luglio. si presenta in questi giorni con una speciale\u00a0ANTEPRIMA di primavera, che offrir\u00e0 anticipazioni di contenuto e di suono, anche grazie all\u2019intervento della sua Direttrice Artistica.<\/p>\n<p>L\u2019ANTEPRIMA del Festival si terr\u00e0 dal 24 al 26 maggio, a Lecce\u00a0e ad\u00a0Arnesano: saranno tre giornate di musica, con concerti ed approfondimenti, tutti a ingresso grtuito.<\/p>\n<p>&nbsp;<\/p>\n<p>Si inizia\u00a0<strong>gioved\u00ec 24 maggio<\/strong>\u00a0alle ore <strong>20.30<\/strong>. Nella\u00a0Sala Botte\u00a0del\u00a0Palazzo Marchesale\u00a0di\u00a0<strong>Arnesano\u00a0<\/strong>si terr\u00e0 il concerto del\u00a0Trio Santa Cecilia, formato dalla pianista\u00a0Lucija Majstorovic, dal violinista\u00a0Matteo Bovo\u00a0e dalla violoncellista salentina\u00a0Ludovica Rana (nella foto). Il neonato trio, gi\u00e0 molto affiatato, che si \u00e8 gi\u00e0 prodotto in importanti Stagioni Concertistiche Nazionali come il Mantova Chamber Music Festival, nato in seno al corso di Musica da Camera dell\u2019Accademia Nazionale di Santa Cecilia, nella classe del M\u00b0 Carlo Fabiano, proporr\u00e0 degli autentici capolavori della letteratura cameristica come il Trio per archi e Pianoforte Op. 70 No. 2 di L. van Beethoven e il Trio per archi e Pianoforte Op. 65 No. 3 di A. Dvo\u0159\u00e1k.<\/p>\n<p>La serata sar\u00e0 in collaborazione con le Associazioni\u00a0Lilt\u00a0e\u00a0Avis, sezioni di Arnesano.<\/p>\n<p>&nbsp;<\/p>\n<p><strong>Venerd\u00ec 25<\/strong>, alle ore <strong>11.00<\/strong>, a <strong>Lecce<\/strong>, il\u00a0Chiostro del Monastero degli Olivetani\u00a0dell\u2019Universit\u00e0 del Salento\u00a0ospiter\u00e0\u00a0la presentazione del Festival 2018:\u00a0la pianista e Direttrice Artistica\u00a0Beatrice Rana\u00a0illustrer\u00e0 il programma della II edizione di CLASSICHE FORME, gli artisti ospiti, le Istituzioni che collaborano e gli sponsor. Poi, insieme alla sorella\u00a0Ludovica Rana,\u00a0violoncellista ventiduenne vincitrice di numerosi concorsi e selezionata nel prestigioso Festival Kronberg Academy,\u00a0offrir\u00e0 al pubblico un piccolo recital cameristico.<\/p>\n<p>Sono previsti gli interventi di Loredana\u00a0Capone,\u00a0Assessore all\u2019Industria Turistica e Culturale della Regione Puglia, del prof. Vincenzo\u00a0Zara, Rettore dell\u2019Universit\u00e0 del Salento, del dott. Luigi\u00a0De Luca, Direttore del Polo Biblio Museale di Lecce, del prof. Giuseppe\u00a0Spedicati, direttore del Conservatorio Tito Schipa di Lecce, del prof. GianlucaTagliamonte, Direttore del Dipartimento di Beni Culturali, della prof.ssa\u00a0Daniela Castaldo,\u00a0Presidente del Corso di Laurea del DAMS di Lecce, del prof. Gianfranco\u00a0Salvatore,\u00a0Docente al DAMS di Lecce, e del prof. Luca\u00a0Bandirali,\u00a0Docente al DAMS di Lecce e conduttore radiofonico.<\/p>\n<p>&nbsp;<\/p>\n<p><strong>Sabato 26<\/strong> maggio\u00a0si torner\u00e0\u00a0nella Sala Botte del Palazzo Marchesale di <strong>Arnesano<\/strong> dove alle\u00a0<strong>20.30<\/strong>\u00a0protagonista sar\u00e0 il\u00a0Duo Sarti,\u00a0duo non solo artistico ma anche nella vita, formato dal violinista\u00a0Roberto Noferini\u00a0e dalla pianista\u00a0Chiara Cattani. Attivo\u00a0dal 2008, vanta un\u2019intensa attivit\u00e0 concertistica nelle pi\u00f9 importanti citt\u00e0 in Italia (tra le quali Bologna, Milano, Monza, Lucca, Treviso, Modena, Napoli, Trento, Firenze, Ravenna, Matera, Campobasso) e all\u2019estero (Francia, Inghilterra), riscuotendo ovunque unanimi consensi di pubblico e critica.\u00a0Proporranno\u00a0la Sonata n. 2 0p. 100 in La maggiore di J. Brahms, Preludio e Allegro di F. Kreysler, Chansons polonaise op. 12 n. 2 di H. Wieniawsky e la Suite populaire Espagnole di M. de Falla<\/p>\n<p>La serata sar\u00e0 in collaborazione con\u00a0l\u2019Associazione Apprendisti Cittadini\u00a0di Arnesano.<\/p>\n<p>&nbsp;<\/p>\n<p>&nbsp;<\/p>\n<fb:like href='https:\/\/www.leccecronaca.it\/index.php\/2018\/05\/23\/anteprima-del-festival-di-musica-da-camera-classiche-forme-ad-arenesano-e-lecce-da-giovedi-24\/' send='true' layout='button_count' show_faces='true' width='450' height='65' action='recommend' colorscheme='light' font='lucida grande'><\/fb:like><span class=\"fb_share\"><fb:like href=\"https:\/\/www.leccecronaca.it\/index.php\/2018\/05\/23\/anteprima-del-festival-di-musica-da-camera-classiche-forme-ad-arenesano-e-lecce-da-giovedi-24\/\" layout=\"button_count\"><\/fb:like><\/span>","protected":false},"excerpt":{"rendered":"<p>(adr)______ In attesa di conoscere i dettagli dell\u2019edizione 2018,\u00a0CLASSICHE FORME,\u00a0\u00a0il Festival Internazionale di Musica da Camera diretto dalla pianista salentina\u00a0Beatrice Rana\u00a0in programma a Spongano dal 6 all\u20198 luglio. si presenta in questi giorni con una speciale\u00a0ANTEPRIMA di primavera, che offrir\u00e0 anticipazioni di contenuto e di suono, anche grazie all\u2019intervento della sua Direttrice Artistica. L\u2019ANTEPRIMA del [&hellip;]<\/p>\n","protected":false},"author":4,"featured_media":137156,"comment_status":"open","ping_status":"closed","sticky":false,"template":"","format":"standard","meta":[],"categories":[31,75],"tags":[],"_links":{"self":[{"href":"https:\/\/www.leccecronaca.it\/index.php\/wp-json\/wp\/v2\/posts\/137155"}],"collection":[{"href":"https:\/\/www.leccecronaca.it\/index.php\/wp-json\/wp\/v2\/posts"}],"about":[{"href":"https:\/\/www.leccecronaca.it\/index.php\/wp-json\/wp\/v2\/types\/post"}],"author":[{"embeddable":true,"href":"https:\/\/www.leccecronaca.it\/index.php\/wp-json\/wp\/v2\/users\/4"}],"replies":[{"embeddable":true,"href":"https:\/\/www.leccecronaca.it\/index.php\/wp-json\/wp\/v2\/comments?post=137155"}],"version-history":[{"count":2,"href":"https:\/\/www.leccecronaca.it\/index.php\/wp-json\/wp\/v2\/posts\/137155\/revisions"}],"predecessor-version":[{"id":137481,"href":"https:\/\/www.leccecronaca.it\/index.php\/wp-json\/wp\/v2\/posts\/137155\/revisions\/137481"}],"wp:featuredmedia":[{"embeddable":true,"href":"https:\/\/www.leccecronaca.it\/index.php\/wp-json\/wp\/v2\/media\/137156"}],"wp:attachment":[{"href":"https:\/\/www.leccecronaca.it\/index.php\/wp-json\/wp\/v2\/media?parent=137155"}],"wp:term":[{"taxonomy":"category","embeddable":true,"href":"https:\/\/www.leccecronaca.it\/index.php\/wp-json\/wp\/v2\/categories?post=137155"},{"taxonomy":"post_tag","embeddable":true,"href":"https:\/\/www.leccecronaca.it\/index.php\/wp-json\/wp\/v2\/tags?post=137155"}],"curies":[{"name":"wp","href":"https:\/\/api.w.org\/{rel}","templated":true}]}}