{"id":137531,"date":"2018-05-24T08:58:49","date_gmt":"2018-05-24T06:58:49","guid":{"rendered":"http:\/\/www.leccecronaca.it\/?p=137531"},"modified":"2018-05-24T10:21:41","modified_gmt":"2018-05-24T08:21:41","slug":"lartista-donato-pagano-e-la-madonna","status":"publish","type":"post","link":"https:\/\/www.leccecronaca.it\/index.php\/2018\/05\/24\/lartista-donato-pagano-e-la-madonna\/","title":{"rendered":"L&#8217;ARTISTA DONATO PAGANO&#8230;E LA MADONNA"},"content":{"rendered":"<p><img decoding=\"async\" loading=\"lazy\" class=\"alignleft size-full wp-image-137532\" src=\"https:\/\/www.leccecronaca.it\/wordpress\/wp-content\/uploads\/2018\/05\/pagano-madonna-leccecronaca.jpg\" alt=\"\" width=\"1182\" height=\"2054\" srcset=\"https:\/\/www.leccecronaca.it\/wordpress\/wp-content\/uploads\/2018\/05\/pagano-madonna-leccecronaca.jpg 1182w, https:\/\/www.leccecronaca.it\/wordpress\/wp-content\/uploads\/2018\/05\/pagano-madonna-leccecronaca-173x300.jpg 173w, https:\/\/www.leccecronaca.it\/wordpress\/wp-content\/uploads\/2018\/05\/pagano-madonna-leccecronaca-589x1024.jpg 589w, https:\/\/www.leccecronaca.it\/wordpress\/wp-content\/uploads\/2018\/05\/pagano-madonna-leccecronaca-768x1335.jpg 768w, https:\/\/www.leccecronaca.it\/wordpress\/wp-content\/uploads\/2018\/05\/pagano-madonna-leccecronaca-884x1536.jpg 884w, https:\/\/www.leccecronaca.it\/wordpress\/wp-content\/uploads\/2018\/05\/pagano-madonna-leccecronaca-1179x2048.jpg 1179w\" sizes=\"(max-width: 1182px) 100vw, 1182px\" \/>vm________Oggi rendiamo omaggio al lavoro di Donato Pagano, l&#8217;artista che nella foto vediamo all&#8217;opera, o meglio intravediamo il suo pennello che si appresta a dare gli ultimi ritocchi, sulla tela di \u00a0questo bellissimo quadro dove \u00e8 raffigurata una Madonna, dall&#8217;espressione serafica e le mani giunte.<\/p>\n<p>L&#8217; artista dopo il Liceo artistico, ha frequentato l&#8217;Accademia di Belle Arti di Lecce, vive e lavora a Trepuzzi in provincia di Lecce.<br \/>\nGli sviluppi della sua produzione artistica, illustrazione e pittura riflettono situazioni interiori differenti, ma generate dalla medesima urgenza espressiva. Caratteristici delle sue opere, nonostante al profano possa ricordare un certo manierismo, nella realt\u00e0 sono la ricerca della sintesi, un processo di interiorizzazione e interpretazione della realt\u00e0 e una dimensione surreale fatta di atmosfere sospese e fantastiche. Supporto e materiale espressivo \u00e8 la carta, ma sopratutto la tela con la quale sperimenta svariate tecniche. Molte delle sue opere sono esposte in gallerie private e alcune di queste sono bella vista in noti locali alla moda.<br \/>\nDiverse le mostre a cui ha partecipato, sia personali che collettive, la prossima collettiva \u00e8 prevista per quest&#8217;estate che avr\u00e0 come tema: la Mitica 4 F.<br \/>\nL&#8217;artista ci ha annunciato che sar\u00e0 accompagnata da un importante evento, ma non ha voluto dirci altro.<br \/>\nNon sappiamo ancora se questo enigmatico titolo&#8221;Mitica 4 F&#8221;, si riferisca ad un tipo di aereo, e quindi \u00a0all&#8217;aereopittura, al futurismo o ad altro.<br \/>\nUna mostra che di sicuro non ci perderemo e di cui vi daremo notizia.<\/p>\n<fb:like href='https:\/\/www.leccecronaca.it\/index.php\/2018\/05\/24\/lartista-donato-pagano-e-la-madonna\/' send='true' layout='button_count' show_faces='true' width='450' height='65' action='recommend' colorscheme='light' font='lucida grande'><\/fb:like><span class=\"fb_share\"><fb:like href=\"https:\/\/www.leccecronaca.it\/index.php\/2018\/05\/24\/lartista-donato-pagano-e-la-madonna\/\" layout=\"button_count\"><\/fb:like><\/span>","protected":false},"excerpt":{"rendered":"<p>vm________Oggi rendiamo omaggio al lavoro di Donato Pagano, l&#8217;artista che nella foto vediamo all&#8217;opera, o meglio intravediamo il suo pennello che si appresta a dare gli ultimi ritocchi, sulla tela di \u00a0questo bellissimo quadro dove \u00e8 raffigurata una Madonna, dall&#8217;espressione serafica e le mani giunte. L&#8217; artista dopo il Liceo artistico, ha frequentato l&#8217;Accademia di [&hellip;]<\/p>\n","protected":false},"author":4,"featured_media":0,"comment_status":"open","ping_status":"closed","sticky":false,"template":"","format":"standard","meta":[],"categories":[31],"tags":[],"_links":{"self":[{"href":"https:\/\/www.leccecronaca.it\/index.php\/wp-json\/wp\/v2\/posts\/137531"}],"collection":[{"href":"https:\/\/www.leccecronaca.it\/index.php\/wp-json\/wp\/v2\/posts"}],"about":[{"href":"https:\/\/www.leccecronaca.it\/index.php\/wp-json\/wp\/v2\/types\/post"}],"author":[{"embeddable":true,"href":"https:\/\/www.leccecronaca.it\/index.php\/wp-json\/wp\/v2\/users\/4"}],"replies":[{"embeddable":true,"href":"https:\/\/www.leccecronaca.it\/index.php\/wp-json\/wp\/v2\/comments?post=137531"}],"version-history":[{"count":8,"href":"https:\/\/www.leccecronaca.it\/index.php\/wp-json\/wp\/v2\/posts\/137531\/revisions"}],"predecessor-version":[{"id":137540,"href":"https:\/\/www.leccecronaca.it\/index.php\/wp-json\/wp\/v2\/posts\/137531\/revisions\/137540"}],"wp:attachment":[{"href":"https:\/\/www.leccecronaca.it\/index.php\/wp-json\/wp\/v2\/media?parent=137531"}],"wp:term":[{"taxonomy":"category","embeddable":true,"href":"https:\/\/www.leccecronaca.it\/index.php\/wp-json\/wp\/v2\/categories?post=137531"},{"taxonomy":"post_tag","embeddable":true,"href":"https:\/\/www.leccecronaca.it\/index.php\/wp-json\/wp\/v2\/tags?post=137531"}],"curies":[{"name":"wp","href":"https:\/\/api.w.org\/{rel}","templated":true}]}}