{"id":137546,"date":"2018-05-24T11:06:09","date_gmt":"2018-05-24T09:06:09","guid":{"rendered":"http:\/\/www.leccecronaca.it\/?p=137546"},"modified":"2018-05-24T11:34:58","modified_gmt":"2018-05-24T09:34:58","slug":"ecco-savanza-uno-strano-presidente-del-consiglio","status":"publish","type":"post","link":"https:\/\/www.leccecronaca.it\/index.php\/2018\/05\/24\/ecco-savanza-uno-strano-presidente-del-consiglio\/","title":{"rendered":"ECCO S&#8217;AVANZA UNO STRANO PRESIDENTE DEL CONSIGLIO"},"content":{"rendered":"<p><img decoding=\"async\" loading=\"lazy\" class=\"alignleft size-full wp-image-137547\" src=\"https:\/\/www.leccecronaca.it\/wordpress\/wp-content\/uploads\/2018\/05\/Conte-amico-di-maria-elena-boschi.jpg\" alt=\"\" width=\"845\" height=\"563\" srcset=\"https:\/\/www.leccecronaca.it\/wordpress\/wp-content\/uploads\/2018\/05\/Conte-amico-di-maria-elena-boschi.jpg 845w, https:\/\/www.leccecronaca.it\/wordpress\/wp-content\/uploads\/2018\/05\/Conte-amico-di-maria-elena-boschi-300x200.jpg 300w, https:\/\/www.leccecronaca.it\/wordpress\/wp-content\/uploads\/2018\/05\/Conte-amico-di-maria-elena-boschi-768x512.jpg 768w\" sizes=\"(max-width: 845px) 100vw, 845px\" \/>(g.p.)______<\/p>\n<p>Il problema di Giuseppe Conte non \u00e8 il curriculum, quello che c&#8217;\u00e8, i master universitari inventati.<\/p>\n<p>Il problema di Giuseppe Conte \u00e8 il curriculum, quello che non c&#8217;\u00e8.<\/p>\n<p>Egli \u00e8 un tecnico, un burocrate, non eletto da nessuno, chiamato a guidare, anzi, pi\u00f9 precisamente, a dirigere, ma sulla base di un programma a lui alieno, un esecutivo politico, cui gli eletori, votando Movimento 5 Stelle e Lega, avevano affidato le proprie ansie di miglioramento economico e le proprie voglie di riscatto sociale.<\/p>\n<p>Saranno soddisfatte, in qualche modo, sia pur parzialmente?<\/p>\n<p>Vedremo, valuteremo i fatti. Come pure, preparandoci al peggio, aspettiamo la lista dei ministri.<\/p>\n<p>Ma intanto c&#8217;\u00e8 da valutare questa figura anomala, questo strano presidente del consiglio incaricato, della guida di una Nazione, non di un senato accademico, o di un consesso burocratico.<\/p>\n<p>Spulciando il suo profilo Twitter, appaiono chiare le sue simpatie ideologiche per l&#8217; Unione Europea, come le sue avversioni per la Sovranit\u00e0 nazionale.<\/p>\n<p>Non \u00e8 certo un bel biglietto da visita per Matteo Salvini, per quel po&#8217; che pure a lui \u00e8 rimasto nei fatti di una concreta volont\u00e0 di cambiamento, che passa inevitabilmente dal recupero della sovranit\u00e0 nazionale, della capacit\u00e0 di battere moneta e della fuori uscita dalle logiche disumanizzanti del cos\u00ec detto &#8216;mercato&#8217; della globalizzazione.<\/p>\n<p>Si \u00e8 piegato alle logiche di Luigi Di Maio, o chi per lui.<\/p>\n<p>Ma da dove l&#8217; hanno trovato, questo Giuseppe Conte sconosciuto? Non si era mai visto un presidente del consiglio che necessitava della lettura del suo curriculum per farsi conoscere dagli Italiani.<\/p>\n<p>Non si era mai visto un tecnico alla guida di un governo politico.<\/p>\n<p>Ma da quale casting di Rocco Casalino, da quale lobby di Vincenzo Spadafora, \u00e8 spuntato?<\/p>\n<p>Come \u00e8 possibile, poi, accreditare politicamente, alla luce di quel che ancora rimane del Movimento 5 Stelle originario, poco e punto, uno che mentre gli attivisti della prima ora facevano le battaglie per i beni comuni, faceva le sue battaglie personali per accreditarsi negli incarichi di regime? e mentre gli attivisti della prima e della seconda ora facevano le battaglie contro la casta, frequentava, da renziano col cuore a sinistra,\u00a0 quella peggiore, per i propri affari personali, gli studi fiorentini di Denis Verdini e di Maria Elena Boschi?______<\/p>\n<p>LA RICERCA nei nostri articoli di tre giorni fa<\/p>\n<blockquote class=\"wp-embedded-content\" data-secret=\"KzErF9zsjK\"><p><a href=\"https:\/\/www.leccecronaca.it\/index.php\/2018\/05\/21\/va-dove-ti-porta-il-cuore-a-sinistra-in-unione-europea\/\">VA&#8217; DOVE TI PORTA IL CUORE (A SINISTRA)<\/a><\/p><\/blockquote>\n<p><iframe class=\"wp-embedded-content\" sandbox=\"allow-scripts\" security=\"restricted\" style=\"position: absolute; clip: rect(1px, 1px, 1px, 1px);\" src=\"https:\/\/www.leccecronaca.it\/index.php\/2018\/05\/21\/va-dove-ti-porta-il-cuore-a-sinistra-in-unione-europea\/embed\/#?secret=KzErF9zsjK\" data-secret=\"KzErF9zsjK\" width=\"500\" height=\"282\" title=\"&#8220;VA&#8217; DOVE TI PORTA IL CUORE (A SINISTRA)&#8221; &#8212; LecceCronaca.it\" frameborder=\"0\" marginwidth=\"0\" marginheight=\"0\" scrolling=\"no\"><\/iframe><\/p>\n<blockquote class=\"wp-embedded-content\" data-secret=\"aYkSnq2F0o\"><p><a href=\"https:\/\/www.leccecronaca.it\/index.php\/2018\/05\/21\/chi-e-giuseppe-conte-colui-che-si-vocifera-possa-essere-il-nuovo-premier\/\">UNA RICERCA SOCIAL \/ ECCO CHI E&#8217; GIUSEPPE CONTE, COLUI CHE SI VOCIFERA POSSA ESSERE IL NUOVO PREMIER<\/a><\/p><\/blockquote>\n<p><iframe class=\"wp-embedded-content\" sandbox=\"allow-scripts\" security=\"restricted\" style=\"position: absolute; clip: rect(1px, 1px, 1px, 1px);\" src=\"https:\/\/www.leccecronaca.it\/index.php\/2018\/05\/21\/chi-e-giuseppe-conte-colui-che-si-vocifera-possa-essere-il-nuovo-premier\/embed\/#?secret=aYkSnq2F0o\" data-secret=\"aYkSnq2F0o\" width=\"500\" height=\"282\" title=\"&#8220;UNA RICERCA SOCIAL \/ ECCO CHI E&#8217; GIUSEPPE CONTE, COLUI CHE SI VOCIFERA POSSA ESSERE IL NUOVO PREMIER&#8221; &#8212; LecceCronaca.it\" frameborder=\"0\" marginwidth=\"0\" marginheight=\"0\" scrolling=\"no\"><\/iframe><\/p>\n<p>&nbsp;<\/p>\n<p>&nbsp;<\/p>\n<p>&nbsp;<\/p>\n<p>&nbsp;<\/p>\n<p>&nbsp;<\/p>\n<fb:like href='https:\/\/www.leccecronaca.it\/index.php\/2018\/05\/24\/ecco-savanza-uno-strano-presidente-del-consiglio\/' send='true' layout='button_count' show_faces='true' width='450' height='65' action='recommend' colorscheme='light' font='lucida grande'><\/fb:like><span class=\"fb_share\"><fb:like href=\"https:\/\/www.leccecronaca.it\/index.php\/2018\/05\/24\/ecco-savanza-uno-strano-presidente-del-consiglio\/\" layout=\"button_count\"><\/fb:like><\/span>","protected":false},"excerpt":{"rendered":"<p>(g.p.)______ Il problema di Giuseppe Conte non \u00e8 il curriculum, quello che c&#8217;\u00e8, i master universitari inventati. Il problema di Giuseppe Conte \u00e8 il curriculum, quello che non c&#8217;\u00e8. Egli \u00e8 un tecnico, un burocrate, non eletto da nessuno, chiamato a guidare, anzi, pi\u00f9 precisamente, a dirigere, ma sulla base di un programma a lui [&hellip;]<\/p>\n","protected":false},"author":4,"featured_media":137547,"comment_status":"open","ping_status":"closed","sticky":false,"template":"","format":"standard","meta":[],"categories":[69,76],"tags":[],"_links":{"self":[{"href":"https:\/\/www.leccecronaca.it\/index.php\/wp-json\/wp\/v2\/posts\/137546"}],"collection":[{"href":"https:\/\/www.leccecronaca.it\/index.php\/wp-json\/wp\/v2\/posts"}],"about":[{"href":"https:\/\/www.leccecronaca.it\/index.php\/wp-json\/wp\/v2\/types\/post"}],"author":[{"embeddable":true,"href":"https:\/\/www.leccecronaca.it\/index.php\/wp-json\/wp\/v2\/users\/4"}],"replies":[{"embeddable":true,"href":"https:\/\/www.leccecronaca.it\/index.php\/wp-json\/wp\/v2\/comments?post=137546"}],"version-history":[{"count":8,"href":"https:\/\/www.leccecronaca.it\/index.php\/wp-json\/wp\/v2\/posts\/137546\/revisions"}],"predecessor-version":[{"id":137555,"href":"https:\/\/www.leccecronaca.it\/index.php\/wp-json\/wp\/v2\/posts\/137546\/revisions\/137555"}],"wp:featuredmedia":[{"embeddable":true,"href":"https:\/\/www.leccecronaca.it\/index.php\/wp-json\/wp\/v2\/media\/137547"}],"wp:attachment":[{"href":"https:\/\/www.leccecronaca.it\/index.php\/wp-json\/wp\/v2\/media?parent=137546"}],"wp:term":[{"taxonomy":"category","embeddable":true,"href":"https:\/\/www.leccecronaca.it\/index.php\/wp-json\/wp\/v2\/categories?post=137546"},{"taxonomy":"post_tag","embeddable":true,"href":"https:\/\/www.leccecronaca.it\/index.php\/wp-json\/wp\/v2\/tags?post=137546"}],"curies":[{"name":"wp","href":"https:\/\/api.w.org\/{rel}","templated":true}]}}