{"id":137648,"date":"2018-05-26T11:17:13","date_gmt":"2018-05-26T09:17:13","guid":{"rendered":"http:\/\/www.leccecronaca.it\/?p=137648"},"modified":"2018-05-26T16:25:13","modified_gmt":"2018-05-26T14:25:13","slug":"invasione-a-gamba-tesa-dei-mercanti-lo-spread-dei-tedeschi-sfonda-le-linee-luigi-cadorna-dall-alto-del-colle-si-impunta-impettito-matteo-salvini-molto-arrabbiato-attesta-la-linea-del-piave-s","status":"publish","type":"post","link":"https:\/\/www.leccecronaca.it\/index.php\/2018\/05\/26\/invasione-a-gamba-tesa-dei-mercanti-lo-spread-dei-tedeschi-sfonda-le-linee-luigi-cadorna-dall-alto-del-colle-si-impunta-impettito-matteo-salvini-molto-arrabbiato-attesta-la-linea-del-piave-s\/","title":{"rendered":"INVASIONE A GAMBA TESA DEI MERCANTI, LO SPREAD DEI TEDESCHI SFONDA LE LINEE, LUIGI CADORNA DALL&#8217; ALTO DEL COLLE SI IMPUNTA  IMPETTITO, MATTEO SALVINI &#8220;davvero arrabbiato&#8221; ATTESTA LA LINEA DEL PIAVE SU SAVONA"},"content":{"rendered":"<p><img decoding=\"async\" loading=\"lazy\" class=\"alignleft size-full wp-image-137649\" src=\"https:\/\/www.leccecronaca.it\/wordpress\/wp-content\/uploads\/2018\/05\/Caporetto.jpg\" alt=\"\" width=\"800\" height=\"400\" srcset=\"https:\/\/www.leccecronaca.it\/wordpress\/wp-content\/uploads\/2018\/05\/Caporetto.jpg 800w, https:\/\/www.leccecronaca.it\/wordpress\/wp-content\/uploads\/2018\/05\/Caporetto-300x150.jpg 300w, https:\/\/www.leccecronaca.it\/wordpress\/wp-content\/uploads\/2018\/05\/Caporetto-768x384.jpg 768w, https:\/\/www.leccecronaca.it\/wordpress\/wp-content\/uploads\/2018\/05\/Caporetto-600x300.jpg 600w\" sizes=\"(max-width: 800px) 100vw, 800px\" \/>di <strong>Giuseppe Puppo______<\/strong><\/p>\n<p>Quando, per la seconda volta, sembrava tutto a posto, di nuovo niente era in ordine. Il governo M5S-Lega \u00e8 ancora in forse, ora pi\u00f9 che mai. Legittimato dal popolo sovrano &#8211; rivendichiamo, nel nostro piccolo, di aver scritto che dovevano andare a governare, per primi, la notte dello spoglio dei voti, al secondo exit poll &#8211; ma osteggiato dai cos\u00ec detti &#8220;mercati&#8221;, il nemico principale, vale a dire i mercanti del tempio europeo, gli speculatori dell&#8217; alta finanza internazionale.<\/p>\n<p>Lo ribadiamo: il responso degli elettori \u00e8 stato chiarissimo, chiunque, a qualsiasi titolo, si opponga alla costituzione del nuovo esecutivo, commette un sacrilegio politico.<\/p>\n<p>Altro discorso che governo vogliono fare, che cosa saranno capaci di fare, tutto oggetto di verifica, di controllo, di critica, per quanto ci riguarda, giornalistica, di proposta, ma fermo restando tanto quanto.<\/p>\n<p>Un errore \u00e8 stato gi\u00e0 commesso: quello &#8211; non sappiamo come e perch\u00e8 &#8211; di aver scelto un presidente del consiglio designato debole, grigio, un tecnico, un burocrate, non un politico.<\/p>\n<p>Matteo Salvini non intende commetterne altri.<\/p>\n<p>Ieri, come \u00e8 apparso chiaro solamente questa notte, sono successe due cose.<\/p>\n<p>Primo: il presidente della Repubblica si \u00e8 impuntato nel non volere alla guida del Tesoro il designato Paolo Savona, soltanto perch\u00e8 sospettato di essere &#8220;euroscettico&#8221;.<\/p>\n<p>Ch &#8216;pericolo&#8217; possa essere per l&#8217; Unione Europea una persona anziana che viene dal Risorgimento, dal Partito Repubblicano di Ugo La Malfa, dalle cariche Istituzionali della Prima Repubblica, che dice solamente quello che dicono tutti: che l&#8217; Unione Europea cos\u00ec come \u00e8 diventata non va pi\u00f9 bene e che bisogna in qualche modo riformarla, rimane un mistero.<\/p>\n<p>E&#8217; chiaro che non \u00e8 questo il motivo del contendere, o, almeno, \u00e8 solamente quello apparente: la vera partita \u00e8 invece il controllo, le scelte operative, che Sergio Mattarella vorrebbe avere sul governo, esattamente come fece ripetutamente il suo predecessore Giorgio Napolitano.<\/p>\n<p>Secondo: i &#8216;mercati&#8217;, questo guazzabuglio di speculatori dell&#8217; alta finanza internazionale, completamente avulsi dall&#8217; economia vera e concreta, che giocano con le speculazioni finanziarie, a servizio dei ricchi sempre pi\u00f9 ricchi, e a danno dei poveri, degli esclusi, degli indigenti, delle persone a vario titolo in difficolt\u00e0, hanno cominciato a mandare avvertimenti, facendo salire lo spread, muovendo le agenzie di rating, soffiando nelle orecchie dei loro amici Italiani, ringhiando loro sul collo, a cominciare dal Colle.<\/p>\n<p>Matteo Salvini, l&#8217; azionista di minoranza della maggioranza, ma l&#8217; unico che pu\u00f2 intercettare il sentimento popolare pi\u00f9 autentico, ha reagito. Sono bastate tre parole su &#8216;Facebook&#8217;: &#8220;Sono davvero arrabbiato&#8221;, e ha detto tutto.<\/p>\n<p>Su Paolo Savona non molla.<\/p>\n<p>Si \u00e8 aperta a questo punto una crisi profonda, dagli esiti incerti.<\/p>\n<p>Comunque vadano le cose, Matteo Salvini, che ne ha le potenzialit\u00e0, vedremo le capacit\u00e0, ha davanti a s\u00e8 un compito storico: rivendicare ed attuare la Sovranit\u00e0 nazionale, capire e far capire che sono i mercati il nemico principale, mandare segnali concreti su l&#8217; unica ragione per cui un governo veramente di cambiamento pu\u00f2 esistere: che cio\u00e8 la politica riprenda finalmente il primato sull&#8217; economia, la diriga, la metta in riga, e poi la gestisca attraverso l&#8217; emissione della moneta sovrana da parte di un istituto di emissione nazionale.<\/p>\n<p>&nbsp;<\/p>\n<p>&nbsp;<\/p>\n<fb:like href='https:\/\/www.leccecronaca.it\/index.php\/2018\/05\/26\/invasione-a-gamba-tesa-dei-mercanti-lo-spread-dei-tedeschi-sfonda-le-linee-luigi-cadorna-dall-alto-del-colle-si-impunta-impettito-matteo-salvini-molto-arrabbiato-attesta-la-linea-del-piave-s\/' send='true' layout='button_count' show_faces='true' width='450' height='65' action='recommend' colorscheme='light' font='lucida grande'><\/fb:like><span class=\"fb_share\"><fb:like href=\"https:\/\/www.leccecronaca.it\/index.php\/2018\/05\/26\/invasione-a-gamba-tesa-dei-mercanti-lo-spread-dei-tedeschi-sfonda-le-linee-luigi-cadorna-dall-alto-del-colle-si-impunta-impettito-matteo-salvini-molto-arrabbiato-attesta-la-linea-del-piave-s\/\" layout=\"button_count\"><\/fb:like><\/span>","protected":false},"excerpt":{"rendered":"<p>di Giuseppe Puppo______ Quando, per la seconda volta, sembrava tutto a posto, di nuovo niente era in ordine. Il governo M5S-Lega \u00e8 ancora in forse, ora pi\u00f9 che mai. Legittimato dal popolo sovrano &#8211; rivendichiamo, nel nostro piccolo, di aver scritto che dovevano andare a governare, per primi, la notte dello spoglio dei voti, al [&hellip;]<\/p>\n","protected":false},"author":4,"featured_media":137649,"comment_status":"open","ping_status":"closed","sticky":false,"template":"","format":"standard","meta":[],"categories":[76],"tags":[],"_links":{"self":[{"href":"https:\/\/www.leccecronaca.it\/index.php\/wp-json\/wp\/v2\/posts\/137648"}],"collection":[{"href":"https:\/\/www.leccecronaca.it\/index.php\/wp-json\/wp\/v2\/posts"}],"about":[{"href":"https:\/\/www.leccecronaca.it\/index.php\/wp-json\/wp\/v2\/types\/post"}],"author":[{"embeddable":true,"href":"https:\/\/www.leccecronaca.it\/index.php\/wp-json\/wp\/v2\/users\/4"}],"replies":[{"embeddable":true,"href":"https:\/\/www.leccecronaca.it\/index.php\/wp-json\/wp\/v2\/comments?post=137648"}],"version-history":[{"count":7,"href":"https:\/\/www.leccecronaca.it\/index.php\/wp-json\/wp\/v2\/posts\/137648\/revisions"}],"predecessor-version":[{"id":137661,"href":"https:\/\/www.leccecronaca.it\/index.php\/wp-json\/wp\/v2\/posts\/137648\/revisions\/137661"}],"wp:featuredmedia":[{"embeddable":true,"href":"https:\/\/www.leccecronaca.it\/index.php\/wp-json\/wp\/v2\/media\/137649"}],"wp:attachment":[{"href":"https:\/\/www.leccecronaca.it\/index.php\/wp-json\/wp\/v2\/media?parent=137648"}],"wp:term":[{"taxonomy":"category","embeddable":true,"href":"https:\/\/www.leccecronaca.it\/index.php\/wp-json\/wp\/v2\/categories?post=137648"},{"taxonomy":"post_tag","embeddable":true,"href":"https:\/\/www.leccecronaca.it\/index.php\/wp-json\/wp\/v2\/tags?post=137648"}],"curies":[{"name":"wp","href":"https:\/\/api.w.org\/{rel}","templated":true}]}}