{"id":137729,"date":"2018-05-27T20:51:31","date_gmt":"2018-05-27T18:51:31","guid":{"rendered":"http:\/\/www.leccecronaca.it\/?p=137729"},"modified":"2018-05-27T22:57:20","modified_gmt":"2018-05-27T20:57:20","slug":"mattarella-ha-deciso-il-governo-del-cambiamento-non-si-fara","status":"publish","type":"post","link":"https:\/\/www.leccecronaca.it\/index.php\/2018\/05\/27\/mattarella-ha-deciso-il-governo-del-cambiamento-non-si-fara\/","title":{"rendered":"COME HA DECISO SERGIO MATTARELLA, COSI&#8217; IL GOVERNO DEL CAMBIAMENTO M5S-LEGA NON SI FARA&#8217;"},"content":{"rendered":"<p><img decoding=\"async\" loading=\"lazy\" class=\"alignleft size-full wp-image-137752\" src=\"https:\/\/www.leccecronaca.it\/wordpress\/wp-content\/uploads\/2018\/05\/savona-e-mattarella.jpg\" alt=\"\" width=\"520\" height=\"520\" srcset=\"https:\/\/www.leccecronaca.it\/wordpress\/wp-content\/uploads\/2018\/05\/savona-e-mattarella.jpg 520w, https:\/\/www.leccecronaca.it\/wordpress\/wp-content\/uploads\/2018\/05\/savona-e-mattarella-300x300.jpg 300w, https:\/\/www.leccecronaca.it\/wordpress\/wp-content\/uploads\/2018\/05\/savona-e-mattarella-150x150.jpg 150w, https:\/\/www.leccecronaca.it\/wordpress\/wp-content\/uploads\/2018\/05\/savona-e-mattarella-60x60.jpg 60w\" sizes=\"(max-width: 520px) 100vw, 520px\" \/>di <strong>Valerio Melcore<\/strong>________Il Presidente della Repubblica <strong>Mattarella<\/strong> ha deciso di <strong>mette<\/strong>re <strong>il veto sull&#8217;economista Paolo Savona,<\/strong> \u00a0proposto dalla Lega e accettato dal M5S, quale Ministro dell&#8217;Economia del nascente governo.<br \/>\nTutto questo perch\u00e9 nel 2015 Savona scrisse un libro nel quale sosteneva che pur essendo un europeista convinto, l&#8217;Italia, nel contesto europeo doveva farsi rispettare, ed avere un piano B.<\/p>\n<p>Quale era questo tanto contestato piano B, questa pietra dello scandalo?<br \/>\nSemplicemente l&#8217;economista suggeriva che avere due opzioni \u00e8 meglio di averne una sola, che se domani la situazione dovesse precipitare e per un qualsiasi motivo l&#8217;Europa venisse meno, l&#8217;Italia doveva essere in grado di camminare con le sue gambe.<br \/>\nDel resto se vuoi farti valere al tavolo delle contrattazioni \u00e8 buona norma che i partner sappiano che hai scelto di fare il percorso \u00a0insieme a loro, ma che saresti in grasso anche di farlo \u00a0senza di loro. Mi pare che ci\u00f2 sia semplice buon senso.<br \/>\nMa in queste settimane ci hanno spiegato che i mercati finanziari e la speculazione non funziona cos\u00ec. E chi ce lo ha spiegato?<\/p>\n<p>I poteri forti, che potete chiamarli come volete, alta finanza, speculatori, banchieri , Confindustria, Europa, e tutti i boiardi del regime, sostenuti da tutte le televisioni, pubbliche e private, \u00a0che hanno tentato disperatamente di far saltare l&#8217;accordo Lega-M5Stelle, \u00a0affinch\u00e9 non dessero vita ad un governo che rivoltasse l&#8217;Italia come un calzino \u00a0facendo l&#8217;esatto contrario dei governi passati.<br \/>\nDopo aver tentato inutilmente di mettere zizzania tra Lega e M5S, ora possono dirsi soddisfatti grazie al veto di Mattarella, che cos\u00ec come la Costituzione gli consente, decide lui e non gli italiani quale debba essere la politica del governo, anche in tema di economia.<br \/>\nVogliamo ricordare che Paolo Savona ha ricoperto innumerevoli incarichi istituzionali, in Italia ed in Europa, \u00a0tra l&#8217;altro \u00e8 stato Ministro del governo Ciampi, e mai nessuno ha avuto nulla da eccepire. Ora improvvisamente diventa la pietra dello scandalo perch\u00e9 il Capo dello Stato decide che le sue politiche economiche ci porterebbero fuori dall&#8217;Europa.<br \/>\nOra qualcuno potrebbe pure chiedersi quali competenze in materia di economia abbia Mattarella, ma potete stare tranquilli che nessuno oser\u00e0 domandarlo.<br \/>\nA seguito del veto di Mattarella, il\u00a0\u00a0Presidente del Consiglio Giuseppe Conte questa sera ha rinunciato al mandato.<br \/>\nMa torniamo al professor Savona, diamo uno sguardo a quelle televisioni che da settimane attaccano un governo che ancora non c&#8217;\u00e8.<br \/>\nUna per tutte, neanche la pi\u00f9 faziosa, \u00a0La7, nella &#8220;Maratona Mentana&#8221; in questa diretta tutta tesa a dimostrare come Mattarella abbia ragione da vendere, e come tutte le colpe siano da attribuire \u00a0a Salvini e a Di Maio, Mentana che \u00e8 in compagnia del giornalista Marco Damilano, ascoltano \u00a0l&#8217;inviata la quale racconta:<\/p>\n<p>&#8220;Il Quirinale boccia Savona perch\u00e9 la lettera che ha inviato, \u00e8 troppo in linea con il programma firmato dal M5S e Lega&#8221; &#8211; \u00a0Ha poi riferito di alcune \u00a0indiscrezioni circolate in ambienti vicini al Quirinale a proposito della lettera di Savona: &#8221; Lettera ma quale, lettera, ma quale autonomia garantisce quella lettera&#8221;.<br \/>\nOra c&#8217;\u00e8 da chiedersi, se il fatto che le dichiarazioni di un ministro di un futuro governo che siano in linea con il programma dello stesso rappresentino un vulnus.<br \/>\nL&#8217;essere in linea con il governo di cui si fa parte dovrebbe\u00a0\u00a0essere un dato positivo e coerente, e su ci\u00f2 non ci dovrebbe essere discussione, ed invece no. Negli ambienti vicini a Mattarella non \u00e8 cos\u00ec? E per quanto riguarda l&#8217;autonomia del professor Mattarella mi sembra del tutto evidenziata in tutto ci\u00f2 che scrive, rigo dopo rigo.<\/p>\n<p>Ma cosa ha scritto il Professor Savona e che Mattarella ha ritenuto \u00a0fosse cos\u00ec pericoloso per l&#8217;economia italiana.<\/p>\n<p>Queste <strong>le frasi incriminate<\/strong>: <strong>&#8220;Ridurre il debito non con l\u2019austerit\u00e0 ma con la crescita<\/strong>&#8221; \u00a0e questa altra &#8220;<strong>Voglio una Europa diversa,\u00a0pi\u00f9\u00a0forte, ma pi\u00f9\u00a0equa<\/strong>&#8220;.<\/p>\n<p class=\"selectionShareable\">Questo quanto riportato nella lettera: &#8220;Non sono mai intervenuto in questi giorni nella scomposta polemica che si\u00a0\u00e8\u00a0svolta sulle mie idee in materia di Unione Europea e, in particolare, sul tema dell\u2019euro, perch\u00e9\u00a0chiaramente espresse nelle mie memorie consegnate all\u2019Editore il 31 dicembre 2017, circolate a stampa in questi giorni, in particolare alle pagine 126-127. Per il rispetto che porto alle Istituzioni, sento il dovere di riassumerle brevemente&#8221;. Poi elenca i suoi punti:<\/p>\n<blockquote class=\"article-blockquote selectionShareable\">\n<p class=\"selectionShareable\">&#8220;Creare una scuola europea di ogni ordine e grado per pervenire a una cultura comune che consenta l\u2019affermarsi di consenso alla nascita di un\u2019unione politica\u00a0\u2026..<\/p>\n<p class=\"selectionShareable\">Assegnare alla BCE le funzioni svolte dalle principali banche centrali del mondo per perseguire il duplice obiettivo della stabilit\u00e0\u00a0monetaria e della crescita reale ..\u2026<\/p>\n<p class=\"selectionShareable\">Attribuire al Parlamento europeo poteri legislativi sulle materie che non possono essere governate con pari efficacia a livello nazionale,\u00a0\u2026..<\/p>\n<\/blockquote>\n<p>Poi Savona aggiunge: \u00abL\u2019azione del Governo sar\u00e0 mirata a un programma di riduzione del debito pubblico non gi\u00e0 per mezzo di interventi basati su tasse e austerit\u00e0 \u2013 politiche che si sono rivelate errate ad ottenere tale obiettivo \u2013 bens\u00ec per il tramite della crescita del PIL, da ottenersi con un rilancio della domanda interna dal lato degli investimenti ad alto moltiplicatore e politiche di sostegno del potere di acquisto delle famiglie, sia della domanda estera, creando condizioni favorevoli alle esportazioni\u00bb. E poi ha chiuso con queste parole: \u00abSpero di aver contribuito a chiarire quali sono le mie posizioni sul tema dibattuto e quelle del Governo che si va costituendo interpretando correttamente la volont\u00e0 del Paese. Sintetizzo dicendo: Voglio un Europa diversa, pi\u00f9 forte, ma pi\u00f9 equa\u00bb.<\/p>\n<p>Evidentemente a Bruxelles e a Francoforte, queste parole non sono piaciute.<br \/>\nIn autunno si vota, vedremo come risponderanno gli italiani.<\/p>\n<p>Intanto Alessandro Di Battista durante un comizio in cui era presente tra gli altri anche Di Maio ha preannunciato che il Movimento 5 Stelle chieder\u00e0 l&#8217;impeachment per il Presidente della Repubblica Sergio Mattarella, \u00a0per aver impedito la nomina del Ministro dell&#8217;Economia sulla base di un pregiudizio politico.<\/p>\n<fb:like href='https:\/\/www.leccecronaca.it\/index.php\/2018\/05\/27\/mattarella-ha-deciso-il-governo-del-cambiamento-non-si-fara\/' send='true' layout='button_count' show_faces='true' width='450' height='65' action='recommend' colorscheme='light' font='lucida grande'><\/fb:like><span class=\"fb_share\"><fb:like href=\"https:\/\/www.leccecronaca.it\/index.php\/2018\/05\/27\/mattarella-ha-deciso-il-governo-del-cambiamento-non-si-fara\/\" layout=\"button_count\"><\/fb:like><\/span>","protected":false},"excerpt":{"rendered":"<p>di Valerio Melcore________Il Presidente della Repubblica Mattarella ha deciso di mettere il veto sull&#8217;economista Paolo Savona, \u00a0proposto dalla Lega e accettato dal M5S, quale Ministro dell&#8217;Economia del nascente governo. Tutto questo perch\u00e9 nel 2015 Savona scrisse un libro nel quale sosteneva che pur essendo un europeista convinto, l&#8217;Italia, nel contesto europeo doveva farsi rispettare, ed [&hellip;]<\/p>\n","protected":false},"author":4,"featured_media":0,"comment_status":"open","ping_status":"closed","sticky":false,"template":"","format":"standard","meta":[],"categories":[76],"tags":[],"_links":{"self":[{"href":"https:\/\/www.leccecronaca.it\/index.php\/wp-json\/wp\/v2\/posts\/137729"}],"collection":[{"href":"https:\/\/www.leccecronaca.it\/index.php\/wp-json\/wp\/v2\/posts"}],"about":[{"href":"https:\/\/www.leccecronaca.it\/index.php\/wp-json\/wp\/v2\/types\/post"}],"author":[{"embeddable":true,"href":"https:\/\/www.leccecronaca.it\/index.php\/wp-json\/wp\/v2\/users\/4"}],"replies":[{"embeddable":true,"href":"https:\/\/www.leccecronaca.it\/index.php\/wp-json\/wp\/v2\/comments?post=137729"}],"version-history":[{"count":19,"href":"https:\/\/www.leccecronaca.it\/index.php\/wp-json\/wp\/v2\/posts\/137729\/revisions"}],"predecessor-version":[{"id":137784,"href":"https:\/\/www.leccecronaca.it\/index.php\/wp-json\/wp\/v2\/posts\/137729\/revisions\/137784"}],"wp:attachment":[{"href":"https:\/\/www.leccecronaca.it\/index.php\/wp-json\/wp\/v2\/media?parent=137729"}],"wp:term":[{"taxonomy":"category","embeddable":true,"href":"https:\/\/www.leccecronaca.it\/index.php\/wp-json\/wp\/v2\/categories?post=137729"},{"taxonomy":"post_tag","embeddable":true,"href":"https:\/\/www.leccecronaca.it\/index.php\/wp-json\/wp\/v2\/tags?post=137729"}],"curies":[{"name":"wp","href":"https:\/\/api.w.org\/{rel}","templated":true}]}}