{"id":137915,"date":"2018-06-03T00:03:51","date_gmt":"2018-06-02T22:03:51","guid":{"rendered":"http:\/\/www.leccecronaca.it\/?p=137915"},"modified":"2018-06-01T17:11:11","modified_gmt":"2018-06-01T15:11:11","slug":"targa-a-lecce-lunedi-4-da-finire","status":"publish","type":"post","link":"https:\/\/www.leccecronaca.it\/index.php\/2018\/06\/03\/targa-a-lecce-lunedi-4-da-finire\/","title":{"rendered":"TARGA RICORDO SERIE B A LECCE LUNEDI&#8217; 4"},"content":{"rendered":"<p><img decoding=\"async\" loading=\"lazy\" class=\"alignleft size-full wp-image-137916\" src=\"https:\/\/www.leccecronaca.it\/wordpress\/wp-content\/uploads\/2018\/05\/LA-TARGA.jpeg\" alt=\"\" width=\"1024\" height=\"768\" srcset=\"https:\/\/www.leccecronaca.it\/wordpress\/wp-content\/uploads\/2018\/05\/LA-TARGA.jpeg 1024w, https:\/\/www.leccecronaca.it\/wordpress\/wp-content\/uploads\/2018\/05\/LA-TARGA-300x225.jpeg 300w, https:\/\/www.leccecronaca.it\/wordpress\/wp-content\/uploads\/2018\/05\/LA-TARGA-768x576.jpeg 768w, https:\/\/www.leccecronaca.it\/wordpress\/wp-content\/uploads\/2018\/05\/LA-TARGA-400x300.jpeg 400w\" sizes=\"(max-width: 1024px) 100vw, 1024px\" \/><\/p>\n<p>&nbsp;<\/p>\n<p>Mav______<\/p>\n<p>Luned\u00ec 4 giugno, alle 19.15, a Lecce, nel salone della Parrocchia Santa Lucia, con ingresso libero da via Giorgio Di Lecce, alle spalle dell\u2019ingresso principale della Chiesa in via Asti, per iniziativa dell&#8217; associazione Valori e Rinnovamento, consegna di una targa &#8211; ricordo (nella foto) al presidente dell&#8217; Unione Sportiva Lecce.<\/p>\n<p>Ecco il programma della serata:<\/p>\n<p>Saluto del parroco di Santa Lucia, Mons. Antonio Montinaro<\/p>\n<p>Intervento del presidente di \u201cValori e Rinnovamento\u201d, Wojtek Pankiewicz<\/p>\n<p>Intervento del decano dei giornalisti leccesi, Elio Donno<\/p>\n<p>Intervento di Mimmo Renna, allenatore del Lecce della storica promozione 1975\/76<\/p>\n<p>Consegna della targa<\/p>\n<p>Intervento del presidente dell\u2019 U.S. Lecce, Saverio Sticchi Damiani<\/p>\n<p>Il Presidente di \u201cValori e Rinnovamento\u201d Wojtek Pankiewicz ha dichiarato :<em> \u201cCon l&#8217;avvento di questa dirigenza si \u00e8 aperta finalmente una nuova era per il calcio leccese. Si \u00e8 riaccesa la speranza. Si sono riscaldati i cuori del meraviglioso popolo giallorosso\u201d.<\/em><\/p>\n<p>\u201c<em>Noi del Movimento col logo col Sole e con le Ali Azzurre<\/em> \u2013 ha continuato Pankiewicz &#8211; a<em>bbiamo la nostra visione, il nostro progetto \u201cSalento Ideale\u201d e riteniamo che il Lecce sia davvero espressione dell&#8217;identit\u00e0 territoriale del Salento, ma di un Salento nuovo, vivo, dinamico, creativo che persegue un modello di sviluppo coerente con la sua vocazione territoriale, che \u00e8 la Bellezza. Il Lecce \u00e8 patrimonio di tutto il Salento, ci fa sentire in pieno il nostro senso di appartenenza ed \u00e8 inoltre formidabile veicolo di promozione turistica anche delle nostre bellezze naturali ed artistiche\u201d.<\/em><\/p>\n<p><em>&#8220;Sar\u00e0 presente alla cerimonia&#8221;<\/em> \u2013 ha concluso Pankiewicz &#8211; &#8220;<em>una rappresentanza della Scuola Calcio della Parrocchia di Santa Lucia, guidata dai due mister Antimo De Masi e Daniele Verri, poich\u00e9 i giovani devono impegnarsi per un mondo migliore, senza barriere e confini, ma partendo sempre dalla loro identit\u00e0 territoriale, di cui il Lecce \u00e8 portabandiera\u201d.<\/em><\/p>\n<p>&nbsp;<\/p>\n<fb:like href='https:\/\/www.leccecronaca.it\/index.php\/2018\/06\/03\/targa-a-lecce-lunedi-4-da-finire\/' send='true' layout='button_count' show_faces='true' width='450' height='65' action='recommend' colorscheme='light' font='lucida grande'><\/fb:like><span class=\"fb_share\"><fb:like href=\"https:\/\/www.leccecronaca.it\/index.php\/2018\/06\/03\/targa-a-lecce-lunedi-4-da-finire\/\" layout=\"button_count\"><\/fb:like><\/span>","protected":false},"excerpt":{"rendered":"<p>&nbsp; Mav______ Luned\u00ec 4 giugno, alle 19.15, a Lecce, nel salone della Parrocchia Santa Lucia, con ingresso libero da via Giorgio Di Lecce, alle spalle dell\u2019ingresso principale della Chiesa in via Asti, per iniziativa dell&#8217; associazione Valori e Rinnovamento, consegna di una targa &#8211; ricordo (nella foto) al presidente dell&#8217; Unione Sportiva Lecce. Ecco il [&hellip;]<\/p>\n","protected":false},"author":4,"featured_media":0,"comment_status":"open","ping_status":"closed","sticky":false,"template":"","format":"standard","meta":[],"categories":[69],"tags":[],"_links":{"self":[{"href":"https:\/\/www.leccecronaca.it\/index.php\/wp-json\/wp\/v2\/posts\/137915"}],"collection":[{"href":"https:\/\/www.leccecronaca.it\/index.php\/wp-json\/wp\/v2\/posts"}],"about":[{"href":"https:\/\/www.leccecronaca.it\/index.php\/wp-json\/wp\/v2\/types\/post"}],"author":[{"embeddable":true,"href":"https:\/\/www.leccecronaca.it\/index.php\/wp-json\/wp\/v2\/users\/4"}],"replies":[{"embeddable":true,"href":"https:\/\/www.leccecronaca.it\/index.php\/wp-json\/wp\/v2\/comments?post=137915"}],"version-history":[{"count":4,"href":"https:\/\/www.leccecronaca.it\/index.php\/wp-json\/wp\/v2\/posts\/137915\/revisions"}],"predecessor-version":[{"id":138087,"href":"https:\/\/www.leccecronaca.it\/index.php\/wp-json\/wp\/v2\/posts\/137915\/revisions\/138087"}],"wp:attachment":[{"href":"https:\/\/www.leccecronaca.it\/index.php\/wp-json\/wp\/v2\/media?parent=137915"}],"wp:term":[{"taxonomy":"category","embeddable":true,"href":"https:\/\/www.leccecronaca.it\/index.php\/wp-json\/wp\/v2\/categories?post=137915"},{"taxonomy":"post_tag","embeddable":true,"href":"https:\/\/www.leccecronaca.it\/index.php\/wp-json\/wp\/v2\/tags?post=137915"}],"curies":[{"name":"wp","href":"https:\/\/api.w.org\/{rel}","templated":true}]}}