{"id":137987,"date":"2018-05-31T13:18:44","date_gmt":"2018-05-31T11:18:44","guid":{"rendered":"http:\/\/www.leccecronaca.it\/?p=137987"},"modified":"2018-05-31T13:19:09","modified_gmt":"2018-05-31T11:19:09","slug":"ri-parte-salentoinbus","status":"publish","type":"post","link":"https:\/\/www.leccecronaca.it\/index.php\/2018\/05\/31\/ri-parte-salentoinbus\/","title":{"rendered":"(RI) PARTE &#8216;SALENTOINBUS&#8217;"},"content":{"rendered":"<p><img decoding=\"async\" loading=\"lazy\" class=\"alignleft wp-image-137988\" src=\"https:\/\/www.leccecronaca.it\/wordpress\/wp-content\/uploads\/2018\/05\/images.jpg\" alt=\"\" width=\"535\" height=\"400\" \/>(Rdl)______Comincia domani, venerd\u00ec 1 giugno \u201cSalentoinBus\u201d, il consueto servizio di trasporto pubblico estivo organizzato dalla Provincia di Lecce, rivolto a chi \u00e8 in vacanza nel Salento, ma molto utilizzato anche dagli stessi salentini.<\/p>\n<p>Qualche occasione in pi\u00f9, insomma, di potersi muovere in maniera un po&#8217; pi\u00f9 decente, nella indecente e disastrata situazione dei trasporti pubblici nella nostra zona.<\/p>\n<p>Fino al 30 settembre, ci saranno nove linee principali tra Lecce citt\u00e0, dal City Terminal di viale Porta d&#8217; Europa, e le localit\u00e0 costiere, integrate da altre diciotto\u00a0 linee secondarie, su tutto il territorio provinciale.<\/p>\n<p>&nbsp;<\/p>\n<p>&nbsp;<\/p>\n<fb:like href='https:\/\/www.leccecronaca.it\/index.php\/2018\/05\/31\/ri-parte-salentoinbus\/' send='true' layout='button_count' show_faces='true' width='450' height='65' action='recommend' colorscheme='light' font='lucida grande'><\/fb:like><span class=\"fb_share\"><fb:like href=\"https:\/\/www.leccecronaca.it\/index.php\/2018\/05\/31\/ri-parte-salentoinbus\/\" layout=\"button_count\"><\/fb:like><\/span>","protected":false},"excerpt":{"rendered":"<p>(Rdl)______Comincia domani, venerd\u00ec 1 giugno \u201cSalentoinBus\u201d, il consueto servizio di trasporto pubblico estivo organizzato dalla Provincia di Lecce, rivolto a chi \u00e8 in vacanza nel Salento, ma molto utilizzato anche dagli stessi salentini. Qualche occasione in pi\u00f9, insomma, di potersi muovere in maniera un po&#8217; pi\u00f9 decente, nella indecente e disastrata situazione dei trasporti pubblici [&hellip;]<\/p>\n","protected":false},"author":4,"featured_media":137988,"comment_status":"open","ping_status":"closed","sticky":false,"template":"","format":"standard","meta":[],"categories":[69],"tags":[],"_links":{"self":[{"href":"https:\/\/www.leccecronaca.it\/index.php\/wp-json\/wp\/v2\/posts\/137987"}],"collection":[{"href":"https:\/\/www.leccecronaca.it\/index.php\/wp-json\/wp\/v2\/posts"}],"about":[{"href":"https:\/\/www.leccecronaca.it\/index.php\/wp-json\/wp\/v2\/types\/post"}],"author":[{"embeddable":true,"href":"https:\/\/www.leccecronaca.it\/index.php\/wp-json\/wp\/v2\/users\/4"}],"replies":[{"embeddable":true,"href":"https:\/\/www.leccecronaca.it\/index.php\/wp-json\/wp\/v2\/comments?post=137987"}],"version-history":[{"count":2,"href":"https:\/\/www.leccecronaca.it\/index.php\/wp-json\/wp\/v2\/posts\/137987\/revisions"}],"predecessor-version":[{"id":137990,"href":"https:\/\/www.leccecronaca.it\/index.php\/wp-json\/wp\/v2\/posts\/137987\/revisions\/137990"}],"wp:featuredmedia":[{"embeddable":true,"href":"https:\/\/www.leccecronaca.it\/index.php\/wp-json\/wp\/v2\/media\/137988"}],"wp:attachment":[{"href":"https:\/\/www.leccecronaca.it\/index.php\/wp-json\/wp\/v2\/media?parent=137987"}],"wp:term":[{"taxonomy":"category","embeddable":true,"href":"https:\/\/www.leccecronaca.it\/index.php\/wp-json\/wp\/v2\/categories?post=137987"},{"taxonomy":"post_tag","embeddable":true,"href":"https:\/\/www.leccecronaca.it\/index.php\/wp-json\/wp\/v2\/tags?post=137987"}],"curies":[{"name":"wp","href":"https:\/\/api.w.org\/{rel}","templated":true}]}}