{"id":137999,"date":"2018-05-31T14:51:35","date_gmt":"2018-05-31T12:51:35","guid":{"rendered":"http:\/\/www.leccecronaca.it\/?p=137999"},"modified":"2018-06-02T12:40:17","modified_gmt":"2018-06-02T10:40:17","slug":"l-affaire-xylella-le-audizioni-dei-non-allineati-santoni-e-complottisti-no-interlocutori-legittimati-e-validi-ecco-tutte-le-questioni-poste-ai-commissari-europei","status":"publish","type":"post","link":"https:\/\/www.leccecronaca.it\/index.php\/2018\/05\/31\/l-affaire-xylella-le-audizioni-dei-non-allineati-santoni-e-complottisti-no-interlocutori-legittimati-e-validi-ecco-tutte-le-questioni-poste-ai-commissari-europei\/","title":{"rendered":"L&#8217; AFFAIRE XYLELLA \/ LE AUDIZIONI DEI &#8216;NON ALLINEATI&#8217;. SANTONI E COMPLOTTISTI ? NO, INTERLOCUTORI LEGITTIMATI E VALIDI! ECCO TUTTE LE QUESTIONI POSTE AI COMMISSARI INVIATI IN PUGLIA DALL&#8217; UNIONE EUROPEA"},"content":{"rendered":"<p><img decoding=\"async\" loading=\"lazy\" class=\"alignleft size-full wp-image-138000\" src=\"https:\/\/www.leccecronaca.it\/wordpress\/wp-content\/uploads\/2018\/05\/20180530_124013.jpg\" alt=\"\" width=\"4608\" height=\"2592\" \/>di <strong>Crocifisso Aloisi <\/strong>* (consigliere comunale Galatone &#8211; per leccecronaca.it)______<\/p>\n<p>Gli ispettori dell&#8217; Unione Europea giunti in Puglia per la faccenda della Xylella hanno ascoltato attentamente ieri a Brindisi (nelle foto) i cittadini, le associazioni, le aziende bio ed i ricercatori &#8216;non allineati&#8217;:\u00a0insomma quelli che in Puglia ultimamente sono sotto pressione mediatica e politica, soprattutto dopo l&#8217;ultimo consiglio regionale, offesi con i termini &#8216;santoni&#8217; e &#8216;complottisti&#8217;.<\/p>\n<p>Per gli ispettori UE sono invece interlocutori validi e legittimati a parlare.<br \/>\nLe posizioni emerse durante l&#8217;Audit sono sempre di contrapposizione tra due blocchi granitici: da una parte le associazioni di categoria che chiedono soldi e reimpianti, misure che porterebbero alla inevitabile trasformazione dell&#8217;olivicoltura e del Salento in generale. Con la novit\u00e0 che anche loro\u00a0<a class=\"matchTooltip\">oggi<\/a>\u00a0iniziano ad accusare la stessa Europa per le responsabilit\u00e0 circa i mancati controlli dell&#8217;importazione delle piante.<br \/>\nDall&#8217; altra invece chi vuole vuole evitare tutto ci\u00f2 ed intende preservare e difendere il territorio, l&#8217;economia e la salute di chi ci vive. \u00c8 incredibile come alle associazioni di categoria non sembrano interessare le sperimentazioni in campo per salvare i nostri olivi autoctoni, alcune delle quali sono molto robuste ed hanno avuto anche una validazione scientifica.<br \/>\n<b>Dagli interventi \u00e8 emerso anche che, nel cantiere Tap, dei 404 ulivi sradicati poche settimane fa per i lavori del gasdotto, sarebbero stati trovati infetti SOLO 3 ULIVI ! 3 su 404 (cio\u00e8 lo 0 virgola qualcosa %) !<\/b><br \/>\nStiamo parlando di un campionamento fatto in zona dichiarata infetta (compreso tutta la provincia di Lecce) gi\u00e0 dal 2015: dopo 3 anni e soprattutto dopo tutto quello che abbiamo sentito, questo \u00e8 un dato incredibile, NON DA ZONA INFETTA !<br \/>\nAttenzione per\u00f2 a non confondere i disseccamenti con la presenza del batterio: in alcuni report ufficiali sono stati pubblicati numeri consistenti di alberi che stanno seccando e che per\u00f2 sono risultati negativi alla presenza del batterio, come la relazione fornita dal Mipaf del 06\/07\/2015 con la sua tabella ripilogativa di pag.33 .\u00a0<b>Cio\u00e8 seccano per altri motivi e quindi non \u00e8 automatica l&#8217;implicazione albero con sintomi allora positivo al batterio<\/b>. Ed i numeri sembrano confermare anche questo dato. Gli ispettori hanno ascoltato attentamente e preso nota. Si preannuncia un altro periodo caldo.<br \/>\nCome al solito qualche soggetto \u00e8 nuovamente intervenuto con le solite accuse ai cittadini, associazioni e ricercatori che contestano scientificamente le versioni ufficiali, incuranti di tutte le contraddizioni che continuamente emergono. A tal proposito \u00e8 bene ricordare, a chi continua con l&#8217;addossare ai cittadini responsabilit\u00e0 inesistenti, alcuni fondamentali passaggi.<\/p>\n<p>Nel\u00a0<b>2010<\/b>\u00a0si tenne, all&#8217; <strong>Istituto Agronomico Mediterraneo<\/strong>\u00a0<b>di Valenzano<\/b>, un workshop su come affrontare rapidamente un&#8217;eventuale batteriosi di xylella. Questo accadeva 3 anni prima del ritrovamento ufficiale che, secondo le autorit\u00e0 preposte, \u00e8 avvenuto ad\u00a0<b>ottobre 2013<\/b>. La prima volta nel continente europeo, dissero sia l&#8217;italia che l&#8217;Europa. Quindi scattarono subito le norme da quarantena, si parl\u00f2 subito di emergenza e, dopo pochissimi mesi si parlava gi\u00e0 di milioni di piante infette senza aver mai prodotto almeno un milione di test positivi. Addirittura c&#8217;\u00e8 chi adesso parla di 10 milioni di piante infette SENZA ANCORA PRODURRE EVIDENZE DI LABORATORIO ! (se si potessero avere queste milionate di test positivi sarebbe utile al dibattito pubblico, ma dubito fortemente che ci siano). Non solo, ma se davvero ci fossero 10 milioni di piante infette e non pi\u00f9 produttive su 11 circa di olivi,\u00a0<b>da dove proviene allora tutto l&#8217;olio che viene ancora prodotto come olio locale, dop o altro ??\u00a0<\/b>Forse nella foga di dare fiato alle trombe di una emergenza tutta ancora da dimostrare con le prove di laboratorio, qualcuno si \u00e8 clamorosamente incartato da solo.<\/p>\n<p>Ad\u00a0<b>aprile 2015<\/b>\u00a0il Salento fu dichiarato &#8216;zona infetta&#8217;, cio\u00e8 zona in cui il batterio non sarebbe stato pi\u00f9 possibile eradicare, mentre a\u00a0<b>luglio 2015<\/b>\u00a0il Mipaf present\u00f2 una relazione all&#8217;UE , il 06\/07\/2015, e a pag. 33 di quella relazione pubblic\u00f2 una tabella riassuntiva: su oltre 25.516 campioni analizzati, 23.142 sono risultati negativi e, su 1.035 piante con sintomi, poco pi\u00f9 di 600 sono risultati positivi mentre i restanti 400, pur presentando sintomi di disseccamento, sono risultati negativi alla presenza del batterio (questo vuol dire che stavano seccano per altri motivi). Tutto in zona infetta (provincia di Lecce pi\u00f9 Oria).<\/p>\n<div dir=\"auto\">\n<p>La protesta di massa dei cittadini ebbe inizio a\u00a0<b>marzo 2015\u00a0<\/b>(il Popolo degli Ulivi nacque dopo la manifestazione di Lecce del 29\/03\/2015) ed il primo ricorso al Tar fu accolto dopo l&#8217;estate del 2015, mentre l&#8217;inchiesta della Procura di Lecce con relativi avvisi di garanzia fu ufficializzata a\u00a0<b>dicembre 2015<\/b>\u00a0.Le domande inevitabili sono:<\/p>\n<p>cosa hanno fatto le autorit\u00e0 preposte dal 2010 fino a marzo 2015 (se si vuole credere alla storiella che la protesta abbia fermato il piano di intervento) oppure fino ad ottobre 2015 (se si vuole credere alla storiella che i ricorsi al Tar abbiano ostacolato il piano di interventi) per risolvere il problema ? Eppure i disseccamenti erano stati segnalati anche diversi anni prima del 2010.<\/p>\n<p>Perch\u00e9 non fu sradicato subito il primo focolaio di Gallipoli, fosse vero tutto quello che abbiamo sempre ascoltato sull&#8217;efficacia degli sradicamenti per fermare il batterio ? Erano poche piante e nessun movimento di massa era ancora nato.<\/p>\n<\/div>\n<div dir=\"auto\"><b>Si pu\u00f2 parlare di epidemia da xylella con questi numeri ?<\/b><br \/>\nQueste domande le abbiamo sempre fatte ma non abbiamo mai ricevuto risposta.<br \/>\n\u00c8 possibile porsi queste domande senza essere accusati di complottismo o negazionismo ??Alla luce di tutto questo e oltre a tutto il resto, il\u00a0<b>Comitato Tecnico scientifico<\/b>, istituito con decreto ministeriale, cosa ha prodotto in concreto per risolvere il problema e dare risposte ai dubbi sollevati ? Qualcuno in Regione, massimo organo amministrativo territoriale, potrebbe chiedere spiegazioni ?La\u00a0<b>Task Force<\/b>\u00a0regionale forse avrebbe potuto dare un contributo e, allo stesso tempo, bilanciare l&#8217;attivit\u00e0 del citato comitato tecnico: forse avrebbe anche potuto rendere meno conflittuale il confronto tra i due blocchi, se qualcuno l&#8217;avesse fatta davvero funzionare e avesse veramente voluto appianare lo scontro in atto. Ma, non solo non viene convocata da almeno due anni, adesso qualcuno in Regione vorrebbe addirittura eliminarla. Perch\u00e9 ? Qual \u00e8 la motivazione ufficiale ?Da quando \u00e8 iniziata a circolare la storia del batterio che sarebbe stato importato &#8220;probabilmente con piante ornamentali dal Costa Rica&#8221; chiediamo: fosse andata veramente cos\u00ec i nostri governanti, invece di prendersela con i cittadini che chiedevano solo spiegazioni, gi\u00e0 da tempo avrebbero dovuto approfondire questo aspetto ed eventualmente chiedere conto a chi era preposto ai controlli. Fosse veramente andata cos\u00ec..ma, ma risulta davvero incredibile che, con tutte le piante che annualmente il paese centroamericano esporta in tutto il mondo, solo qui da noi si sia poturo verificare il problema. E poi quell&#8217; avverbio &#8220;probabilmente&#8221;, che sembra messo l\u00ec per lasciarsi diverse &#8216;possibilit\u00e0 di fuga&#8217; , come molti altri avverbi di cui \u00e8 costellata questa storia, alcuni inseriti anche in decreti legge (!): potrebbe addirittura vanificare la richiesta di risarcimento danni all&#8217; UE avanzata\u00a0<a class=\"matchTooltip\">oggi<\/a>\u00a0anche dalla Regione Puglia ed associazioni di categoria. Perch\u00e9 mai l&#8217;Europa dovrebbe pagare se gi\u00e0 nella versione italiana della faccenda xylella non c&#8217;\u00e8 certezza sulla provenienza del batterio ?<\/p>\n<\/div>\n<p>&nbsp;<\/p>\n<p><img decoding=\"async\" loading=\"lazy\" class=\"alignleft size-full wp-image-138001\" src=\"https:\/\/www.leccecronaca.it\/wordpress\/wp-content\/uploads\/2018\/05\/20180530_104733.jpg\" alt=\"\" width=\"4608\" height=\"3456\" \/><\/p>\n<fb:like href='https:\/\/www.leccecronaca.it\/index.php\/2018\/05\/31\/l-affaire-xylella-le-audizioni-dei-non-allineati-santoni-e-complottisti-no-interlocutori-legittimati-e-validi-ecco-tutte-le-questioni-poste-ai-commissari-europei\/' send='true' layout='button_count' show_faces='true' width='450' height='65' action='recommend' colorscheme='light' font='lucida grande'><\/fb:like><span class=\"fb_share\"><fb:like href=\"https:\/\/www.leccecronaca.it\/index.php\/2018\/05\/31\/l-affaire-xylella-le-audizioni-dei-non-allineati-santoni-e-complottisti-no-interlocutori-legittimati-e-validi-ecco-tutte-le-questioni-poste-ai-commissari-europei\/\" layout=\"button_count\"><\/fb:like><\/span>","protected":false},"excerpt":{"rendered":"<p>di Crocifisso Aloisi * (consigliere comunale Galatone &#8211; per leccecronaca.it)______ Gli ispettori dell&#8217; Unione Europea giunti in Puglia per la faccenda della Xylella hanno ascoltato attentamente ieri a Brindisi (nelle foto) i cittadini, le associazioni, le aziende bio ed i ricercatori &#8216;non allineati&#8217;:\u00a0insomma quelli che in Puglia ultimamente sono sotto pressione mediatica e politica, soprattutto [&hellip;]<\/p>\n","protected":false},"author":4,"featured_media":0,"comment_status":"open","ping_status":"closed","sticky":false,"template":"","format":"standard","meta":[],"categories":[1],"tags":[],"_links":{"self":[{"href":"https:\/\/www.leccecronaca.it\/index.php\/wp-json\/wp\/v2\/posts\/137999"}],"collection":[{"href":"https:\/\/www.leccecronaca.it\/index.php\/wp-json\/wp\/v2\/posts"}],"about":[{"href":"https:\/\/www.leccecronaca.it\/index.php\/wp-json\/wp\/v2\/types\/post"}],"author":[{"embeddable":true,"href":"https:\/\/www.leccecronaca.it\/index.php\/wp-json\/wp\/v2\/users\/4"}],"replies":[{"embeddable":true,"href":"https:\/\/www.leccecronaca.it\/index.php\/wp-json\/wp\/v2\/comments?post=137999"}],"version-history":[{"count":7,"href":"https:\/\/www.leccecronaca.it\/index.php\/wp-json\/wp\/v2\/posts\/137999\/revisions"}],"predecessor-version":[{"id":138125,"href":"https:\/\/www.leccecronaca.it\/index.php\/wp-json\/wp\/v2\/posts\/137999\/revisions\/138125"}],"wp:attachment":[{"href":"https:\/\/www.leccecronaca.it\/index.php\/wp-json\/wp\/v2\/media?parent=137999"}],"wp:term":[{"taxonomy":"category","embeddable":true,"href":"https:\/\/www.leccecronaca.it\/index.php\/wp-json\/wp\/v2\/categories?post=137999"},{"taxonomy":"post_tag","embeddable":true,"href":"https:\/\/www.leccecronaca.it\/index.php\/wp-json\/wp\/v2\/tags?post=137999"}],"curies":[{"name":"wp","href":"https:\/\/api.w.org\/{rel}","templated":true}]}}