{"id":138183,"date":"2018-06-03T09:03:33","date_gmt":"2018-06-03T07:03:33","guid":{"rendered":"http:\/\/www.leccecronaca.it\/?p=138183"},"modified":"2018-06-09T15:05:27","modified_gmt":"2018-06-09T13:05:27","slug":"intervista-al-regista-neretino-tiziano-russo-vincitore-del-4-formia-film-festival","status":"publish","type":"post","link":"https:\/\/www.leccecronaca.it\/index.php\/2018\/06\/03\/intervista-al-regista-neretino-tiziano-russo-vincitore-del-4-formia-film-festival\/","title":{"rendered":"INTERVISTA AL REGISTA NERETINO TIZIANO RUSSO, VINCITORE DEL 4\u00b0 &#8220;FORMIA FILM FESTIVAL&#8221;"},"content":{"rendered":"<p><img decoding=\"async\" loading=\"lazy\" class=\"alignleft size-full wp-image-138184\" src=\"https:\/\/www.leccecronaca.it\/wordpress\/wp-content\/uploads\/2018\/06\/Russo.jpg\" alt=\"\" width=\"812\" height=\"1000\" srcset=\"https:\/\/www.leccecronaca.it\/wordpress\/wp-content\/uploads\/2018\/06\/Russo.jpg 812w, https:\/\/www.leccecronaca.it\/wordpress\/wp-content\/uploads\/2018\/06\/Russo-244x300.jpg 244w, https:\/\/www.leccecronaca.it\/wordpress\/wp-content\/uploads\/2018\/06\/Russo-768x946.jpg 768w\" sizes=\"(max-width: 812px) 100vw, 812px\" \/>di <strong>Carlo Infante<\/strong>_______<\/p>\n<p>Un mese fa a Formia si \u00e8 concluso il 4\u00b0 &#8220;Formia Film Festival&#8221; che,\u00a0nella categoria &#8220;Best Italian Short Film&#8221;, ha premiato il cortometraggio\u00a0di Fantascienza &#8220;L&#8217;uomo proibito&#8221; (da 19 minuti), diretto da <strong>Tiziano Russo<\/strong>.\u00a0Miglior costumista \u00e8 stata eletta la nota stilista leccese <strong>Carol Cordella\u00a0<\/strong>(per lo stesso corto).<\/p>\n<p>&#8220;Un virus contratto durante una missione spaziale costringe Andrea a\u00a0vivere in isolamento&#8230;&#8221;, inizia cos\u00ec la sinossi ufficiale dell&#8217;opera, che sta\u00a0girando i\u00a0festival; ne abbiamo approfittato per rivolgere alcune domande al\u00a0regista.<\/p>\n<p>D.) Data e luogo di nascita?<\/p>\n<p><em><strong>R.) Sono nato il 12 settembre 1985, a Nard\u00f2.<\/strong><\/em><\/p>\n<p>&nbsp;<\/p>\n<p>D.) Abitante a?<\/p>\n<p><em><strong>R.) Roma.<\/strong><\/em><\/p>\n<p>&nbsp;<\/p>\n<p>D.) Nel 19\u00b0 &#8220;Festival del Cinema Europeo&#8221; (conclusosi a Lecce, il 14 aprile)\u00a0fu premiato, ce ne vuole riferire in dettaglio? Vi\u00a0partecipava\u00a0per la prima\u00a0volta?<\/p>\n<p><em><strong>R.) S\u00ec, era la prima volta per me e la prima proiezione per &#8220;L&#8217;uomo <\/strong><\/em><em><strong>proibito&#8221;. \u00a0<\/strong><\/em><em><strong>Sono contento del riconoscimento di Rai Cinema, \u00e8 stata una <\/strong><\/em><em><strong>grande\u00a0<\/strong><\/em><em><strong>soddisfazione. Niente male per un&#8217;anteprima.<\/strong><\/em><\/p>\n<p>&nbsp;<\/p>\n<p>E&#8217; il caso di ricordare la motivazione del Premio &#8220;Rai Cinema Channel&#8221; (di\u00a03mila euro): &#8220;per essere riuscito ad orchestrare sapientemente un\u2019opera che strizza l\u2019occhio al futuro, senza mai perdere di credibilit\u00e0 e che \u00e8\u00a0capace di usare ad arte un linguaggio cinematografico, finalmente, insolito\u201d.<\/p>\n<p>D.) Per chi non \u00e8 potuto essere in sala, vi saranno prossime proiezioni nel\u00a0Salento?<\/p>\n<p><em><strong>R.) Siamo stati selezionati per il 16\u00b0 &#8220;Salento Finibus Terrae&#8221;; dunque <\/strong><\/em><em><strong>entro\u00a0<\/strong><\/em><em><strong>luglio sar\u00e0\u00a0nuovamente proiettato.<\/strong><\/em><\/p>\n<p>&nbsp;<\/p>\n<p>D.) Sappiamo che abbia lavorato anche con i Negramaro, vuole dettagliare?<\/p>\n<p><em><strong>R.) Lavoro con i Negramaro da dieci anni, curando la regia di molti video. <\/strong><\/em><em><strong>Siamo ormai grandi amici e ci troveremo presto a lavorare insieme.<\/strong><\/em><\/p>\n<p>&nbsp;<\/p>\n<p>D.) Ha lavori in corso?<\/p>\n<p><em><strong>R.) Sto realizzando alcuni videoclip e sto scrivendo.<\/strong><\/em><\/p>\n<p>&nbsp;<\/p>\n<p>D.) Il Suo film preferito? Ed (eventualmente) perch\u00e9?<\/p>\n<p><em><strong>R.) Non ho un film preferito, ma posso dire che Pola\u0144ski e I\u00f1\u00e1rritu mi <\/strong><\/em><em><strong>hanno\u00a0<\/strong><\/em><em><strong>insegnato tanto.<\/strong><\/em><\/p>\n<p><img decoding=\"async\" loading=\"lazy\" class=\"alignleft size-full wp-image-138207\" src=\"https:\/\/www.leccecronaca.it\/wordpress\/wp-content\/uploads\/2018\/06\/2-Russo.jpg\" alt=\"\" width=\"936\" height=\"1878\" srcset=\"https:\/\/www.leccecronaca.it\/wordpress\/wp-content\/uploads\/2018\/06\/2-Russo.jpg 936w, https:\/\/www.leccecronaca.it\/wordpress\/wp-content\/uploads\/2018\/06\/2-Russo-150x300.jpg 150w, https:\/\/www.leccecronaca.it\/wordpress\/wp-content\/uploads\/2018\/06\/2-Russo-510x1024.jpg 510w, https:\/\/www.leccecronaca.it\/wordpress\/wp-content\/uploads\/2018\/06\/2-Russo-768x1541.jpg 768w, https:\/\/www.leccecronaca.it\/wordpress\/wp-content\/uploads\/2018\/06\/2-Russo-766x1536.jpg 766w\" sizes=\"(max-width: 936px) 100vw, 936px\" \/><\/p>\n<p>&nbsp;<\/p>\n<p>&nbsp;<\/p>\n<fb:like href='https:\/\/www.leccecronaca.it\/index.php\/2018\/06\/03\/intervista-al-regista-neretino-tiziano-russo-vincitore-del-4-formia-film-festival\/' send='true' layout='button_count' show_faces='true' width='450' height='65' action='recommend' colorscheme='light' font='lucida grande'><\/fb:like><span class=\"fb_share\"><fb:like href=\"https:\/\/www.leccecronaca.it\/index.php\/2018\/06\/03\/intervista-al-regista-neretino-tiziano-russo-vincitore-del-4-formia-film-festival\/\" layout=\"button_count\"><\/fb:like><\/span>","protected":false},"excerpt":{"rendered":"<p>di Carlo Infante_______ Un mese fa a Formia si \u00e8 concluso il 4\u00b0 &#8220;Formia Film Festival&#8221; che,\u00a0nella categoria &#8220;Best Italian Short Film&#8221;, ha premiato il cortometraggio\u00a0di Fantascienza &#8220;L&#8217;uomo proibito&#8221; (da 19 minuti), diretto da Tiziano Russo.\u00a0Miglior costumista \u00e8 stata eletta la nota stilista leccese Carol Cordella\u00a0(per lo stesso corto). &#8220;Un virus contratto durante una missione [&hellip;]<\/p>\n","protected":false},"author":4,"featured_media":138207,"comment_status":"open","ping_status":"closed","sticky":false,"template":"","format":"standard","meta":[],"categories":[31],"tags":[],"_links":{"self":[{"href":"https:\/\/www.leccecronaca.it\/index.php\/wp-json\/wp\/v2\/posts\/138183"}],"collection":[{"href":"https:\/\/www.leccecronaca.it\/index.php\/wp-json\/wp\/v2\/posts"}],"about":[{"href":"https:\/\/www.leccecronaca.it\/index.php\/wp-json\/wp\/v2\/types\/post"}],"author":[{"embeddable":true,"href":"https:\/\/www.leccecronaca.it\/index.php\/wp-json\/wp\/v2\/users\/4"}],"replies":[{"embeddable":true,"href":"https:\/\/www.leccecronaca.it\/index.php\/wp-json\/wp\/v2\/comments?post=138183"}],"version-history":[{"count":4,"href":"https:\/\/www.leccecronaca.it\/index.php\/wp-json\/wp\/v2\/posts\/138183\/revisions"}],"predecessor-version":[{"id":138208,"href":"https:\/\/www.leccecronaca.it\/index.php\/wp-json\/wp\/v2\/posts\/138183\/revisions\/138208"}],"wp:featuredmedia":[{"embeddable":true,"href":"https:\/\/www.leccecronaca.it\/index.php\/wp-json\/wp\/v2\/media\/138207"}],"wp:attachment":[{"href":"https:\/\/www.leccecronaca.it\/index.php\/wp-json\/wp\/v2\/media?parent=138183"}],"wp:term":[{"taxonomy":"category","embeddable":true,"href":"https:\/\/www.leccecronaca.it\/index.php\/wp-json\/wp\/v2\/categories?post=138183"},{"taxonomy":"post_tag","embeddable":true,"href":"https:\/\/www.leccecronaca.it\/index.php\/wp-json\/wp\/v2\/tags?post=138183"}],"curies":[{"name":"wp","href":"https:\/\/api.w.org\/{rel}","templated":true}]}}