{"id":138383,"date":"2018-06-05T10:46:12","date_gmt":"2018-06-05T08:46:12","guid":{"rendered":"http:\/\/www.leccecronaca.it\/?p=138383"},"modified":"2018-06-05T11:53:04","modified_gmt":"2018-06-05T09:53:04","slug":"i-fascisti-sono-al-governo","status":"publish","type":"post","link":"https:\/\/www.leccecronaca.it\/index.php\/2018\/06\/05\/i-fascisti-sono-al-governo\/","title":{"rendered":"&#8216;I FASCISTI SONO AL GOVERNO&#8217; E NELLE ZUCCHE VUOTE"},"content":{"rendered":"<p><img decoding=\"async\" loading=\"lazy\" class=\"aligncenter size-full wp-image-138384\" src=\"https:\/\/www.leccecronaca.it\/wordpress\/wp-content\/uploads\/2018\/06\/travaglio-zucconi-la7.jpg\" alt=\"\" width=\"1144\" height=\"776\" srcset=\"https:\/\/www.leccecronaca.it\/wordpress\/wp-content\/uploads\/2018\/06\/travaglio-zucconi-la7.jpg 1144w, https:\/\/www.leccecronaca.it\/wordpress\/wp-content\/uploads\/2018\/06\/travaglio-zucconi-la7-300x203.jpg 300w, https:\/\/www.leccecronaca.it\/wordpress\/wp-content\/uploads\/2018\/06\/travaglio-zucconi-la7-1024x695.jpg 1024w, https:\/\/www.leccecronaca.it\/wordpress\/wp-content\/uploads\/2018\/06\/travaglio-zucconi-la7-768x521.jpg 768w\" sizes=\"(max-width: 1144px) 100vw, 1144px\" \/>mv________Ha 73 anni, \u00e8 uno dei pi\u00f9 autorevoli giornalisti italiani, redattore di Repubblica, uno dei pi\u00f9 importanti giornali italiani, stiamo parlando di\u00a0<strong>Vittorio Zucconi. <\/strong>E&#8217; lui, che durante la trasmissione di \u00a0<em>Piazza Pulita su La7<\/em>\u00a0, di qualche sera fa, dov&#8217;era stato invitato insieme \u00a0a Ferruccio De Bortoli, Antonio Padellaro e Gianluigi Paragone, a commentare il nuovo esecutivo Lega-5 Stelle, ha\u00a0affermato che <strong>&#8220;i fascisti sono al governo&#8221;<\/strong>.<\/p>\n<p>Ci si sarebbe aspettato che il conduttore, il<em>\u00a0compagno<\/em>\u00a0Corrado Formigli, saltasse sulla sedia a tale affermazione, invece ha continuato come se nulla fosse, sino a quando\u00a0Antonio Padellaro, visto che il conduttore non interveniva, ha bloccato il collega, chiedendogli se era a conoscenza di fatti che gli altri ignoravano, \u00a0perch\u00e9 quella che i fascisti fossero al potere, era uno scoop, non era una notizia che potesse passare sotto silenzio.<br \/>\nPer cui gli ha chiesto chi sarebbero i cosiddetti fascisti al governo. La risposta di Zucconi \u00e8 stata chiara, &#8220;tu una volta eri di sinistra&#8221; e l&#8217;altro gli ha risposto &#8221; e lo sono ancora ma non vedo fascisti nel governo, se tua sai che ci sono hai il dovere di dirlo&#8221;. A questo punto Zucconi non sapendo che pesci prendere se ne uscito con: \u201cQuelli che trattano gli <strong>immigrati <\/strong>come delle merd\u2026\u201d.<br \/>\nEvidentemente la paura che i compagni delle cooperative rosse, possano perdere in futuro i milioni di euro, che sino ad oggi hanno intascato sulla pelle dei migranti, lo ha mandato in bestia.<\/p>\n<p>Insomma il compagno Zucconi non ce l\u2019ha proprio fatta a nascondere tutta la sua amarezza per la presa di potere politico di Matteo <strong>Salvini <\/strong>e Luigi <strong>Di Maio<\/strong>.<br \/>\nE nonostante Travaglio in un confronto diretto lo abbia inchiodato alle sue responsabilit\u00e0, tanto che Zucconi ha ritrattato dicendo che non aveva mai parlato di programma fascista, riferito al programma di governo, il giornalista di Repubblica continua ad essere invitato al La 7, e da l\u00ec a pontificare.<\/p>\n<p>Oggi, sempre su La7, \u00e8 stata la volta, di un altro personaggio incartapecorito, \u00a0il compagno professor Luciano Canfora,\u00a0 ospite fisso nelle trasmissioni di questa televisione, che ha ripreso l&#8217;intervento di Zucconi e anche stavolta la conduttrice ha lasciato correre come se le idiozie dette dal professore fossero verit\u00e0 acclarate.<br \/>\nAppare sempre pi\u00f9 evidente che La7 \u00e8 la portavoce della sinistra, in particolare modo di quella comunista maggiormente avvelenata dalla ideologia, che non riesce a vivere nel presente, e legge la realt\u00e0 con la lente distorta dalla ideologia.<\/p>\n<p>Ecco in Italia il pericolo non sono gli ipotetici governanti fascisti, ma questi &#8220;importanti&#8221; giornalisti, questi intellettuali, questi manipolatori, che possono stravolgere a piacimento la realt\u00e0, inventando pericoli inesistenti e facendo distogliere l&#8217;attenzione dai problemi reali.<br \/>\nLa faziosit\u00e0 de La7 \u00e8 addirittura superiore a quella della RAI \u00a0gestita dal PD, il che \u00a0\u00e8 tutto dire.<\/p>\n<fb:like href='https:\/\/www.leccecronaca.it\/index.php\/2018\/06\/05\/i-fascisti-sono-al-governo\/' send='true' layout='button_count' show_faces='true' width='450' height='65' action='recommend' colorscheme='light' font='lucida grande'><\/fb:like><span class=\"fb_share\"><fb:like href=\"https:\/\/www.leccecronaca.it\/index.php\/2018\/06\/05\/i-fascisti-sono-al-governo\/\" layout=\"button_count\"><\/fb:like><\/span>","protected":false},"excerpt":{"rendered":"<p>mv________Ha 73 anni, \u00e8 uno dei pi\u00f9 autorevoli giornalisti italiani, redattore di Repubblica, uno dei pi\u00f9 importanti giornali italiani, stiamo parlando di\u00a0Vittorio Zucconi. E&#8217; lui, che durante la trasmissione di \u00a0Piazza Pulita su La7\u00a0, di qualche sera fa, dov&#8217;era stato invitato insieme \u00a0a Ferruccio De Bortoli, Antonio Padellaro e Gianluigi Paragone, a commentare il nuovo [&hellip;]<\/p>\n","protected":false},"author":4,"featured_media":0,"comment_status":"open","ping_status":"closed","sticky":false,"template":"","format":"standard","meta":[],"categories":[1,31,76],"tags":[],"_links":{"self":[{"href":"https:\/\/www.leccecronaca.it\/index.php\/wp-json\/wp\/v2\/posts\/138383"}],"collection":[{"href":"https:\/\/www.leccecronaca.it\/index.php\/wp-json\/wp\/v2\/posts"}],"about":[{"href":"https:\/\/www.leccecronaca.it\/index.php\/wp-json\/wp\/v2\/types\/post"}],"author":[{"embeddable":true,"href":"https:\/\/www.leccecronaca.it\/index.php\/wp-json\/wp\/v2\/users\/4"}],"replies":[{"embeddable":true,"href":"https:\/\/www.leccecronaca.it\/index.php\/wp-json\/wp\/v2\/comments?post=138383"}],"version-history":[{"count":3,"href":"https:\/\/www.leccecronaca.it\/index.php\/wp-json\/wp\/v2\/posts\/138383\/revisions"}],"predecessor-version":[{"id":138391,"href":"https:\/\/www.leccecronaca.it\/index.php\/wp-json\/wp\/v2\/posts\/138383\/revisions\/138391"}],"wp:attachment":[{"href":"https:\/\/www.leccecronaca.it\/index.php\/wp-json\/wp\/v2\/media?parent=138383"}],"wp:term":[{"taxonomy":"category","embeddable":true,"href":"https:\/\/www.leccecronaca.it\/index.php\/wp-json\/wp\/v2\/categories?post=138383"},{"taxonomy":"post_tag","embeddable":true,"href":"https:\/\/www.leccecronaca.it\/index.php\/wp-json\/wp\/v2\/tags?post=138383"}],"curies":[{"name":"wp","href":"https:\/\/api.w.org\/{rel}","templated":true}]}}