{"id":138421,"date":"2018-06-06T09:30:28","date_gmt":"2018-06-06T07:30:28","guid":{"rendered":"http:\/\/www.leccecronaca.it\/?p=138421"},"modified":"2018-06-06T13:17:40","modified_gmt":"2018-06-06T11:17:40","slug":"paolo-de-castro-del-pd-e-raffaele-fitto-di-direzione-italia-hanno-le-idee-chiare-sulla-xylella-abbattere-gli-ulivi-2","status":"publish","type":"post","link":"https:\/\/www.leccecronaca.it\/index.php\/2018\/06\/06\/paolo-de-castro-del-pd-e-raffaele-fitto-di-direzione-italia-hanno-le-idee-chiare-sulla-xylella-abbattere-gli-ulivi-2\/","title":{"rendered":"PAOLO DE CASTRO, PD E RAFFAELE FITTO, DIREZIONE ITALIA, HANNO LE IDEE CHIARE: ABBATTERE GLI ULIVI"},"content":{"rendered":"<div class=\"page\" title=\"Page 1\">\n<div class=\"layoutArea\">\n<div class=\"column\">\n<p><img decoding=\"async\" loading=\"lazy\" class=\"aligncenter size-full wp-image-138422\" src=\"https:\/\/www.leccecronaca.it\/wordpress\/wp-content\/uploads\/2018\/06\/ulivi-del-salento-yxilella-1.jpg\" alt=\"\" width=\"1612\" height=\"1112\" srcset=\"https:\/\/www.leccecronaca.it\/wordpress\/wp-content\/uploads\/2018\/06\/ulivi-del-salento-yxilella-1.jpg 1612w, https:\/\/www.leccecronaca.it\/wordpress\/wp-content\/uploads\/2018\/06\/ulivi-del-salento-yxilella-1-300x207.jpg 300w, https:\/\/www.leccecronaca.it\/wordpress\/wp-content\/uploads\/2018\/06\/ulivi-del-salento-yxilella-1-1024x706.jpg 1024w, https:\/\/www.leccecronaca.it\/wordpress\/wp-content\/uploads\/2018\/06\/ulivi-del-salento-yxilella-1-768x530.jpg 768w, https:\/\/www.leccecronaca.it\/wordpress\/wp-content\/uploads\/2018\/06\/ulivi-del-salento-yxilella-1-1536x1060.jpg 1536w\" sizes=\"(max-width: 1612px) 100vw, 1612px\" \/>gm_______Questi alberi alberi secolari che vedete nella foto, queste due sculture viventi, insieme ad altre migliaia di ulivi del Salento andrebbero abbattuti per far posto a degli alberelli proveniente da qualche laboratorio che garantisce \u00a0nuove piante s resistenti alla Xylella.<br \/>\nPare che in questo modo i deputati che noi mandiamo in Europa intendano difendere i nostri interessi, la nostra terra, la nostra identit\u00e0, la nostra cultura oltre che la nostra economia.<br \/>\nAlmeno questo ci sembra di aver capito.<br \/>\nE cos\u00ec per informarvi pi\u00f9 nel dettaglio, facciamo parlare i diretti interessati.<br \/>\nSi tratta dei parlamentari europei Paolo De Castro del PD e di Raffaele Fitto, prima di Forza Italia, poi di Conservatori riformisti, poi&#8230;.infine di Direzione Italia.<br \/>\nEcco il testo della lettera inviata ad un organo di stampa nazionale:<\/p>\n<p>&#8220;Caro Direttore, Le scriviamo in merito all\u2019inchiesta pubblicata oggi sul Suo quotidiano \u2018Allarme Xylella fastidiosa in Puglia: milioni di ulivi colpiti, l\u2019Ue pronta a chiedere i danni\u2019 a firma di Federico Fubini.<\/p>\n<p>Vogliamo innanzitutto congratularci con quanto riportato: raramente in questi anni era stata fatta un\u2019analisi tanto puntuale quanto razionale della drammatica situazione che sta affliggendo gli ulivicoltori non solo salentini ma, purtroppo, di una crescente porzione della Puglia.<\/p>\n<p>Tuttavia, ci permettiamo di sottolineare come non tutti siano stati proni ai movimenti negazionisti e complottisti nati e diffusisi negli ultimi anni: infatti, come parlamentari europei e pur appartenendo a due gruppi politici differenti, ci siamo mobilitati fin dal 2013 per sottolineare la gravit\u00e0 della situazione, inviando alla Commissione europea un\u2019interrogazione che chiedeva cosa \u201cintendesse fare per contrastare la propagazione repentina della malattia (che potrebbe estendersi ad altre parti del territorio europeo) e per aiutare lo Stato membro interessato e gli agricoltori colpiti a fronteggiare questa crisi\u201d.<\/p>\n<p>Nonostante l\u2019opportunit\u00e0 politica potesse portare ad altre prese di posizione, la preoccupazione che quanto vediamo nel Salento possa propagarsi ulteriormente, mettendo in ginocchio l\u2019intero settore ulivicolo della Puglia, ci ha portato a sostenere le dure contromisure (tra cui gli abbattimenti) previste dalla Decisione (UE) 789 del 2015.<\/p>\n<\/div>\n<\/div>\n<div class=\"layoutArea\">\n<div class=\"column\">\n<p>Parlamento europeo &#8211; Rue Wiertz 60, B-1047 Bruxelles<\/p>\n<\/div>\n<\/div>\n<\/div>\n<div class=\"page\" title=\"Page 2\">\n<div class=\"layoutArea\">\n<div class=\"column\">\n<p>Abbiamo inoltre continuato a difendere i nostri olivicoltori, chiedendo alla Commissione UE e ottenendo l\u2019abrogazione dell\u2019articolo 5 di tale Decisione, che vietava l&#8217;impianto di piante potenzialmente ospiti del batterio nelle zone gi\u00e0 infette. La possibilit\u00e0 di reimpianto di variet\u00e0 di ulivo resistenti nella zona infetta, dar\u00e0 infatti un contributo fondamentale al fine di creare le condizioni per un rilancio dell&#8217;attivit\u00e0 imprenditoriale dei produttori, attenuando l&#8217;effetto di retrocessione economica provocata dalla diffusione della Xylella fastidiosa sull&#8217;intera attivit\u00e0 agricola di queste aeree.<\/p>\n<p>RingraziandoLa ancora una volta per l\u2019analisi che il Suo giornale ha fatto, La salutiamo cordialmente.<\/p>\n<p>Paolo De Castro (Parlamentare europeo, S&amp;D) Raffaele Fitto (Parlamentare europeo, ECR)<\/p>\n<p>Questa la lettera inviata al Corriere della Sera a firma di Paolo De Castro del Partito di Renzi e Raffaele Fitto del partito suo medesimo.<br \/>\n<strong>E qui sotto vi alleghiamo il comunicato che questi due parlamentari europei hanno inviato alla stampa avente per oggetto:<em>Xylella, De Cstro e Fitto piano nazionale per la ricostruzione olivicoltura salentina.<img decoding=\"async\" loading=\"lazy\" class=\"aligncenter size-full wp-image-138415\" src=\"https:\/\/www.leccecronaca.it\/wordpress\/wp-content\/uploads\/2018\/06\/fitto-1.jpg\" alt=\"\" width=\"1280\" height=\"1537\" srcset=\"https:\/\/www.leccecronaca.it\/wordpress\/wp-content\/uploads\/2018\/06\/fitto-1.jpg 1280w, https:\/\/www.leccecronaca.it\/wordpress\/wp-content\/uploads\/2018\/06\/fitto-1-250x300.jpg 250w, https:\/\/www.leccecronaca.it\/wordpress\/wp-content\/uploads\/2018\/06\/fitto-1-853x1024.jpg 853w, https:\/\/www.leccecronaca.it\/wordpress\/wp-content\/uploads\/2018\/06\/fitto-1-768x922.jpg 768w\" sizes=\"(max-width: 1280px) 100vw, 1280px\" \/><\/em><\/strong><\/p>\n<p>Ora gi\u00e0 parlare di ricostruzione in agricoltura mi sembra fuorviante, una casa, una struttura, persino un paese le cui case siano pericolanti, si pu\u00f2 abbattere e ricostruire in poche settimane o pochi mesi, un albero, un oliveto, un bosco, \u00a0non si ricostruiscono, per &#8220;ricostruire&#8221; gli ulivi che si vogliono abbattere nel Salento servono alcuni secoli.<\/p>\n<p>Secondo questi due politici, ma tanti altri ce ne stanno, qualcuno ha pure qualche interesse nell&#8217;eliminazione degli ulivi autoctoni e l&#8217;introduzioni di alberi &#8220;prodotti&#8221; in laboratorio, bisognerebbe estirpare alberi di 1000 anni per mettere a dimora degli alberelli?<br \/>\nMa questi signori si sono resi conto che <strong>gli ulivi del Salento non producono solo olio, ma sono bellezza paesaggistica e quindi producono turismo, la fisionomia del Salento sarebbe sfregiata per sempre se questi alberi fossero abbattuti<\/strong>. Si tratta di sculture viventi, che la natura ha modellato in centinaia di anni, un patrimonio a cui i salentini, e non solo loro, non possono, non debbono e non vogliono rinunciare.<br \/>\nLa bellezza non si pu\u00f2 distruggere e non la si pu\u00f2 svendere al miglior offerente.<br \/>\nQuello degli ulivi millenari non \u00e8 questione che riguardi solo gli agricoltori, Fitto e e De Castro \u00e8 bene che lo sappiano.<\/p>\n<\/div>\n<\/div>\n<\/div>\n<fb:like href='https:\/\/www.leccecronaca.it\/index.php\/2018\/06\/06\/paolo-de-castro-del-pd-e-raffaele-fitto-di-direzione-italia-hanno-le-idee-chiare-sulla-xylella-abbattere-gli-ulivi-2\/' send='true' layout='button_count' show_faces='true' width='450' height='65' action='recommend' colorscheme='light' font='lucida grande'><\/fb:like><span class=\"fb_share\"><fb:like href=\"https:\/\/www.leccecronaca.it\/index.php\/2018\/06\/06\/paolo-de-castro-del-pd-e-raffaele-fitto-di-direzione-italia-hanno-le-idee-chiare-sulla-xylella-abbattere-gli-ulivi-2\/\" layout=\"button_count\"><\/fb:like><\/span>","protected":false},"excerpt":{"rendered":"<p>gm_______Questi alberi alberi secolari che vedete nella foto, queste due sculture viventi, insieme ad altre migliaia di ulivi del Salento andrebbero abbattuti per far posto a degli alberelli proveniente da qualche laboratorio che garantisce \u00a0nuove piante s resistenti alla Xylella. Pare che in questo modo i deputati che noi mandiamo in Europa intendano difendere i [&hellip;]<\/p>\n","protected":false},"author":4,"featured_media":0,"comment_status":"open","ping_status":"closed","sticky":false,"template":"","format":"standard","meta":[],"categories":[1,76],"tags":[],"_links":{"self":[{"href":"https:\/\/www.leccecronaca.it\/index.php\/wp-json\/wp\/v2\/posts\/138421"}],"collection":[{"href":"https:\/\/www.leccecronaca.it\/index.php\/wp-json\/wp\/v2\/posts"}],"about":[{"href":"https:\/\/www.leccecronaca.it\/index.php\/wp-json\/wp\/v2\/types\/post"}],"author":[{"embeddable":true,"href":"https:\/\/www.leccecronaca.it\/index.php\/wp-json\/wp\/v2\/users\/4"}],"replies":[{"embeddable":true,"href":"https:\/\/www.leccecronaca.it\/index.php\/wp-json\/wp\/v2\/comments?post=138421"}],"version-history":[{"count":5,"href":"https:\/\/www.leccecronaca.it\/index.php\/wp-json\/wp\/v2\/posts\/138421\/revisions"}],"predecessor-version":[{"id":138431,"href":"https:\/\/www.leccecronaca.it\/index.php\/wp-json\/wp\/v2\/posts\/138421\/revisions\/138431"}],"wp:attachment":[{"href":"https:\/\/www.leccecronaca.it\/index.php\/wp-json\/wp\/v2\/media?parent=138421"}],"wp:term":[{"taxonomy":"category","embeddable":true,"href":"https:\/\/www.leccecronaca.it\/index.php\/wp-json\/wp\/v2\/categories?post=138421"},{"taxonomy":"post_tag","embeddable":true,"href":"https:\/\/www.leccecronaca.it\/index.php\/wp-json\/wp\/v2\/tags?post=138421"}],"curies":[{"name":"wp","href":"https:\/\/api.w.org\/{rel}","templated":true}]}}