{"id":138447,"date":"2018-06-06T19:11:55","date_gmt":"2018-06-06T17:11:55","guid":{"rendered":"http:\/\/www.leccecronaca.it\/?p=138447"},"modified":"2018-06-06T20:05:23","modified_gmt":"2018-06-06T18:05:23","slug":"ecco-il-governo-del-cambiamento-alla-prese-on-i-fatti-e-con-fitto-presto-il-ministro-in-puglia-un-centinaio-di-dubbi","status":"publish","type":"post","link":"https:\/\/www.leccecronaca.it\/index.php\/2018\/06\/06\/ecco-il-governo-del-cambiamento-alla-prese-on-i-fatti-e-con-fitto-presto-il-ministro-in-puglia-un-centinaio-di-dubbi\/","title":{"rendered":"ECCO &#8216;IL GOVERNO DEL CAMBIAMENTO&#8217; ALLA PRESE CON I FATTI: SULL&#8217; &#8216;AFFAIRE XYLELLA&#8217; E&#8217; CON FITTO? &#8220;Presto il ministro in Puglia&#8221;. UN CENTINAIO DI DUBBI"},"content":{"rendered":"<p><img decoding=\"async\" loading=\"lazy\" class=\"aligncenter size-full wp-image-138450\" src=\"https:\/\/www.leccecronaca.it\/wordpress\/wp-content\/uploads\/2018\/06\/ab6fa4c6b232ef92ad31f5ce1d0cb8f4_L.jpg\" alt=\"\" width=\"700\" height=\"424\" srcset=\"https:\/\/www.leccecronaca.it\/wordpress\/wp-content\/uploads\/2018\/06\/ab6fa4c6b232ef92ad31f5ce1d0cb8f4_L.jpg 700w, https:\/\/www.leccecronaca.it\/wordpress\/wp-content\/uploads\/2018\/06\/ab6fa4c6b232ef92ad31f5ce1d0cb8f4_L-300x182.jpg 300w\" sizes=\"(max-width: 700px) 100vw, 700px\" \/>(g.p.)______Questa sera un comunicato del consigliere regionale <strong>Andrea Caroppo<\/strong>, della Lega, che \u00e8 poi anche il segretario regionale del partito, annuncia:&#8221;<em>Il ministro dell&#8217;Agricoltura, <strong>Gian Marco Centinaio<\/strong>, sar\u00e0 quanto prima in Puglia per prendere contezza di persona del drammatico e indisturbato avanzare della Xylella e incontrare i rappresentanti istituzionali e di categoria. Appena ricevuta notizia della sua nomina a ministro ho rappresentato a Centinaio l&#8217;assoluta priorit\u00e0 del tema che necessita di un approccio energico dopo anni di incertezze e colpevoli omissioni. Nella giornata di oggi ho nuovamente contattato personalmente il ministro il quale mi ha confermato che presto sar\u00e0 tra gli ulivi infetti della nostra regione&#8221;.<\/em><\/p>\n<p>Come Caroppo abbia rappresentato al ministro del suo stesso partito, esponente del Nord Italia e mai intervenuto sulla questione in questi anni da deputato, non lo sppiamo, e nella dichiarazione del consigliere non c&#8217;\u00e8 scritto.<\/p>\n<p>Certo, dal lessico una qualche idea \u00e8 possibile ricavarla, su quali sia <em><strong>&#8220;l&#8217; approccio energico&#8221;<\/strong><\/em> caldeggiato, ma siccome non ci piacciono i processi alle intenzioni, lasciamo ai nostri lettori di farsela per conto proprio.<\/p>\n<p>Quale documentazione aggiuntiva, che purtroppo &#8211; ma anche qui non vogliamo fare sempre i &#8216;cattivi&#8217; gesuitici &#8211; poco di buono lascia sperare, trascriviamo l&#8217; unica altra esternazione del consigliere Caroppo che abbiamo trovato, risalente a pochi gioni fa, eccola: <em>&#8220;Mentre oggi il consorzio nazionale olivicoltori ha depositato un esposto alla Procura di Bari contro chi, in questi anni, ha diffuso notizie false e infondate determinando scelte che hanno favorito la diffusione dell\u2019epidemia da Xylella, Emiliano \u00e8 stato ancora una volta incauto e irresponsabile.<\/em><br \/>\n<em>Oggi, dopo aver detto &#8211; finalmente!- che l\u2019insetto vettore va fermato, Emiliano ha parlato di presunte cure, quali quella Scortichini che, lungi dall\u2019aver avuto riscontro scientifico, pare non stiano nemmeno dando i risultati sperati..\u00a0<\/em><br \/>\n<em>Emiliano si sforzi di provare a essere responsabile, senza alimentare la stessa disinformazione e le stesse false speranze che, osteggiando il piano Silletti e qualunque forma di contasto al batterio, hanno condotto alla morte di decine di milioni di ulivi e alla crisi dell\u2019intero settore&#8221;.<\/em><\/p>\n<p>Per il resto, nella nostra DOCUMENTAZIONE qui sotto, i nostri lettori potranno trovare cosa pensa della questione l&#8217; altro eponente salentino della Lega, <strong>Roberto Marti.<\/strong><\/p>\n<p>Vedremo cosa dir\u00e0, e soprattutto, cosa far\u00e0 il neo ministro per l&#8217; agricoltura Gian Marco Centinaio (nella foto).<\/p>\n<p>Ma se queste sono le premesse, nascono gi\u00e0 un centinaio di dubbi, di cui elenchiamo solo i principali.<\/p>\n<p>Quindi il governo del cambiamento avalla il decreto dei veleni del precedente ministro Maurizio Martina, e, invece di revocarlo, lo far\u00e0 applicare?<\/p>\n<p>Quindi il ministro leghista sta con gli un tempo detestati burocrati di Bruxelles, che dell&#8221;&#8217;affaire Xylella&#8221; hanno capito poco e punto?<\/p>\n<p>Un bel piano Silletti bis, anzi, per procedere alle eradicazioni, alla devastazione del territorio, ai rempianti funzionali alle logiche dei grandi proprietari, dei lobbysti e delle multinazionali?<\/p>\n<p>Manderemo queto pezzo, al consigliere Caroppo e saremo ben lieti se vorr\u00e0 risponderci, soprattutto se potr\u00e0 smentirci. Magari dicendoci quali siano le<em><strong> &#8220;notizie false e infondate&#8221;<\/strong><\/em> diffuse in questi anni, e chi lo abbia fatto: ci dica, consigliere Caroppo, per favore, ce lo spieghi, siamo davvero curiosi, di codesto suo complottismo alla rovescia, che poi imputa ad altri, a chi? di aver condotto alla morte,\u00a0\u00a0dai: &#8220;decine di milioni di ulivi&#8221;, aveva scritto poprio cos\u00ec?!? nel suo diciamo singolare modo di argomentare?<\/p>\n<p>Giacch\u00e9 ci siamo, lo manderemo anche all&#8217; altro ministro, anche se indirettamente, coinvolto, quello per il Sud, <strong>Barbara Lezzi<\/strong>, la quale non sappiamo se sia d&#8217; accordo con la &#8216;rivoluzione copernicana&#8217; annunciata e attuata poche settimane fa qui in Puglia, una vera e propria invesione a U, dagli altri dei suoi, di cui ci siamo gi\u00e0 ampiamente occupati: ci far\u00e0 piacere, se vorr\u00e0 risponderci, sapere se accompagner\u00e0 Centinaio nel suo viaggio, e che cosa avr\u00e0 da dirgli nella fattispcie, se gli parler\u00e0 al riguardo.<\/p>\n<p>Aspettiamo fiduciosi.______<\/p>\n<p>L&#8217; APPROFONDIMENTO nel nostro articolo del 19 maggio scorso<\/p>\n<p><a href=\"https:\/\/www.leccecronaca.it\/?s=marti\">https:\/\/www.leccecronaca.it\/?s=marti<\/a><\/p>\n<p>&nbsp;<\/p>\n<fb:like href='https:\/\/www.leccecronaca.it\/index.php\/2018\/06\/06\/ecco-il-governo-del-cambiamento-alla-prese-on-i-fatti-e-con-fitto-presto-il-ministro-in-puglia-un-centinaio-di-dubbi\/' send='true' layout='button_count' show_faces='true' width='450' height='65' action='recommend' colorscheme='light' font='lucida grande'><\/fb:like><span class=\"fb_share\"><fb:like href=\"https:\/\/www.leccecronaca.it\/index.php\/2018\/06\/06\/ecco-il-governo-del-cambiamento-alla-prese-on-i-fatti-e-con-fitto-presto-il-ministro-in-puglia-un-centinaio-di-dubbi\/\" layout=\"button_count\"><\/fb:like><\/span>","protected":false},"excerpt":{"rendered":"<p>(g.p.)______Questa sera un comunicato del consigliere regionale Andrea Caroppo, della Lega, che \u00e8 poi anche il segretario regionale del partito, annuncia:&#8221;Il ministro dell&#8217;Agricoltura, Gian Marco Centinaio, sar\u00e0 quanto prima in Puglia per prendere contezza di persona del drammatico e indisturbato avanzare della Xylella e incontrare i rappresentanti istituzionali e di categoria. Appena ricevuta notizia della [&hellip;]<\/p>\n","protected":false},"author":4,"featured_media":138450,"comment_status":"open","ping_status":"closed","sticky":false,"template":"","format":"standard","meta":[],"categories":[69,76],"tags":[],"_links":{"self":[{"href":"https:\/\/www.leccecronaca.it\/index.php\/wp-json\/wp\/v2\/posts\/138447"}],"collection":[{"href":"https:\/\/www.leccecronaca.it\/index.php\/wp-json\/wp\/v2\/posts"}],"about":[{"href":"https:\/\/www.leccecronaca.it\/index.php\/wp-json\/wp\/v2\/types\/post"}],"author":[{"embeddable":true,"href":"https:\/\/www.leccecronaca.it\/index.php\/wp-json\/wp\/v2\/users\/4"}],"replies":[{"embeddable":true,"href":"https:\/\/www.leccecronaca.it\/index.php\/wp-json\/wp\/v2\/comments?post=138447"}],"version-history":[{"count":13,"href":"https:\/\/www.leccecronaca.it\/index.php\/wp-json\/wp\/v2\/posts\/138447\/revisions"}],"predecessor-version":[{"id":138463,"href":"https:\/\/www.leccecronaca.it\/index.php\/wp-json\/wp\/v2\/posts\/138447\/revisions\/138463"}],"wp:featuredmedia":[{"embeddable":true,"href":"https:\/\/www.leccecronaca.it\/index.php\/wp-json\/wp\/v2\/media\/138450"}],"wp:attachment":[{"href":"https:\/\/www.leccecronaca.it\/index.php\/wp-json\/wp\/v2\/media?parent=138447"}],"wp:term":[{"taxonomy":"category","embeddable":true,"href":"https:\/\/www.leccecronaca.it\/index.php\/wp-json\/wp\/v2\/categories?post=138447"},{"taxonomy":"post_tag","embeddable":true,"href":"https:\/\/www.leccecronaca.it\/index.php\/wp-json\/wp\/v2\/tags?post=138447"}],"curies":[{"name":"wp","href":"https:\/\/api.w.org\/{rel}","templated":true}]}}