{"id":138500,"date":"2018-06-07T15:57:48","date_gmt":"2018-06-07T13:57:48","guid":{"rendered":"http:\/\/www.leccecronaca.it\/?p=138500"},"modified":"2018-06-08T10:13:31","modified_gmt":"2018-06-08T08:13:31","slug":"migrante-ucciso-omicido-per-vendetta-per-una-serie-di-furti","status":"publish","type":"post","link":"https:\/\/www.leccecronaca.it\/index.php\/2018\/06\/07\/migrante-ucciso-omicido-per-vendetta-per-una-serie-di-furti\/","title":{"rendered":"IL CASO DEL MIGRANTE UCCISO IN CALABRIA: OMICIDIO PER VENDETTA IN CONSEGUENZA DI UNA SERIE DI FURTI"},"content":{"rendered":"<div class=\"news-txt\">\n<p><img decoding=\"async\" loading=\"lazy\" class=\"aligncenter size-full wp-image-138503\" src=\"https:\/\/www.leccecronaca.it\/wordpress\/wp-content\/uploads\/2018\/06\/manifestazione-migrante-ucciso.jpg-2.jpg\" alt=\"\" width=\"700\" height=\"467\" srcset=\"https:\/\/www.leccecronaca.it\/wordpress\/wp-content\/uploads\/2018\/06\/manifestazione-migrante-ucciso.jpg-2.jpg 700w, https:\/\/www.leccecronaca.it\/wordpress\/wp-content\/uploads\/2018\/06\/manifestazione-migrante-ucciso.jpg-2-300x200.jpg 300w\" sizes=\"(max-width: 700px) 100vw, 700px\" \/>mg_________La notizia \u00e8 questa, tre giovani stavano rubando delle attrezzature, coperture, un signore li scopre e gli spara addosso ammazzandone uno e ferendo gli altri due.<br \/>\nSe si fosse trattato di italiani, probabilmente non ci sarebbero stai problemi a raccontarla in modo cos\u00ec semplice.<br \/>\nMa siccome i tre giovani scoperti a rubare sono dei ragazzi di colore, la notizia assume contorni completamente diversi.<br \/>\nLe televisioni, i commentatori stanziali che le occupano da mane a sera, riguardo all&#8217;uccisone di un giovane agricoltore di colore, un immigrato di 29 anni\u00a0Soumayla Sacko ed al ferimento di due suoi \u00a0connazionali lo scorso 2 giugno, avevano prospettato l&#8217;ipotesi che le motivazioni dell&#8217;uccisione fossero da ricercare nel suo lavoro sindacale a favore dei suoi compagni di sfortuna.<\/p>\n<p>Ecco un titolo di giornale esemplificativo di ci\u00f2 che scriviamo.<br \/>\n<em>&#8220;Lo stop dei lavoratori proclamato dall\u2019Usb, di cui la vittima era attivista. Nella notte nella tendopoli di San Ferdinando, dove viveva il ragazzo morto per un colpo di fucile, sono stati bruciati copertoni e rifiuti. Si apre l&#8217;ipotesi della criminalit\u00e0 organizzata&#8221;<\/em><\/p>\n<p>La verit\u00e0, a quanto pare invece \u00e8 un&#8217;altra, e lentamente si sta facendo strada. Si tratta di un omicidio commesso da un cittadino italiano che ha sparato sui tre, che aveva colto sul fatto mentre portavano via da una sua propriet\u00e0, \u00a0delle lamiere ed altri oggetti, di cui in zona voleva avere il controllo totale.<\/p>\n<p>Nulla a che fare con una presunta attivit\u00e0 sindacale, e scrivo presunta, perch\u00e9 \u00a0mi piacerebbe capire come si possono difendere i diritti di cittadini, che sono clandestini, e che quando sono \u00a0fortunati, lavorano in nero per due euro all&#8217;ora. Non hanno un contratto, non hanno nulla, sono degli schiavi che la nostra societ\u00e0 buonista fa finta di non vedere, e si lava la coscienza con parole come &#8221; accogliamoli tutti&#8221; oppure &#8220;non dimentichiamo che anche gli italiani sono stati emigranti&#8221;.<\/p>\n<p>Naturalmente questi &#8220;buonisti&#8221; quasi mai vengono da famiglie italiane che hanno dovuto emigrare per sfamare la famiglia, i cosiddetti &#8220;buonisti&#8221;, quelli che distribuiscono patenti di razzista al prossimo, quasi sempre fanno parte della buona borghesia.<\/p>\n<p>Per non parlare di quelle organizzazioni che si distinguono per il loro operare caritatevolmente, peccato per\u00f2 che si tratti di carit\u00e0 pelosa.<br \/>\nI telegiornali per\u00f2 nel dare la notizia, anche oggi, quando si \u00e8 trattato di riferire in merito ai risultati delle indagini, il giovane \u00e8 stato definito sindacalista, e non come sarebbe stato pi\u00f9 corretto, agricoltore stagionale.<br \/>\nMa il nostro giornalismo si sa punta al sensazionalismo. Ecco, avrebbero voluto poter raccontare che dietro a questo omicidio c&#8217;era la mafia che utilizza i caporali, che danno una punizione esemplare al sindacalista in quanto difensore degli interessi dei lavoratori.<br \/>\nMa le cose come detto, sono andate in modo diverso, se vogliamo, in modo banalmente diverso. L&#8217;orribile omicidio, nasce dall&#8217;idiozia di una classe politica che ha prodotto una convivenza forzata in alcune zone d&#8217;Italia, dove l&#8217;immigrazione clandestina, non controllata si scontra con altre povert\u00e0, ed alla fine la mancanza dello Stato, fa si che i cittadini giungano alla conclusione \u00a0che per sopravvivere debbono farsi giustizia da se, giungendo a volte a casi di violenza inauditi.<\/p>\n<\/div>\n<div id=\"relatedMobile\" class=\"news-related-mobile\"><\/div>\n<fb:like href='https:\/\/www.leccecronaca.it\/index.php\/2018\/06\/07\/migrante-ucciso-omicido-per-vendetta-per-una-serie-di-furti\/' send='true' layout='button_count' show_faces='true' width='450' height='65' action='recommend' colorscheme='light' font='lucida grande'><\/fb:like><span class=\"fb_share\"><fb:like href=\"https:\/\/www.leccecronaca.it\/index.php\/2018\/06\/07\/migrante-ucciso-omicido-per-vendetta-per-una-serie-di-furti\/\" layout=\"button_count\"><\/fb:like><\/span>","protected":false},"excerpt":{"rendered":"<p>mg_________La notizia \u00e8 questa, tre giovani stavano rubando delle attrezzature, coperture, un signore li scopre e gli spara addosso ammazzandone uno e ferendo gli altri due. Se si fosse trattato di italiani, probabilmente non ci sarebbero stai problemi a raccontarla in modo cos\u00ec semplice. Ma siccome i tre giovani scoperti a rubare sono dei ragazzi [&hellip;]<\/p>\n","protected":false},"author":4,"featured_media":0,"comment_status":"open","ping_status":"closed","sticky":false,"template":"","format":"standard","meta":[],"categories":[69],"tags":[],"_links":{"self":[{"href":"https:\/\/www.leccecronaca.it\/index.php\/wp-json\/wp\/v2\/posts\/138500"}],"collection":[{"href":"https:\/\/www.leccecronaca.it\/index.php\/wp-json\/wp\/v2\/posts"}],"about":[{"href":"https:\/\/www.leccecronaca.it\/index.php\/wp-json\/wp\/v2\/types\/post"}],"author":[{"embeddable":true,"href":"https:\/\/www.leccecronaca.it\/index.php\/wp-json\/wp\/v2\/users\/4"}],"replies":[{"embeddable":true,"href":"https:\/\/www.leccecronaca.it\/index.php\/wp-json\/wp\/v2\/comments?post=138500"}],"version-history":[{"count":5,"href":"https:\/\/www.leccecronaca.it\/index.php\/wp-json\/wp\/v2\/posts\/138500\/revisions"}],"predecessor-version":[{"id":138563,"href":"https:\/\/www.leccecronaca.it\/index.php\/wp-json\/wp\/v2\/posts\/138500\/revisions\/138563"}],"wp:attachment":[{"href":"https:\/\/www.leccecronaca.it\/index.php\/wp-json\/wp\/v2\/media?parent=138500"}],"wp:term":[{"taxonomy":"category","embeddable":true,"href":"https:\/\/www.leccecronaca.it\/index.php\/wp-json\/wp\/v2\/categories?post=138500"},{"taxonomy":"post_tag","embeddable":true,"href":"https:\/\/www.leccecronaca.it\/index.php\/wp-json\/wp\/v2\/tags?post=138500"}],"curies":[{"name":"wp","href":"https:\/\/api.w.org\/{rel}","templated":true}]}}