{"id":138509,"date":"2018-06-07T12:40:03","date_gmt":"2018-06-07T10:40:03","guid":{"rendered":"http:\/\/www.leccecronaca.it\/?p=138509"},"modified":"2018-06-08T10:23:02","modified_gmt":"2018-06-08T08:23:02","slug":"il-ministro-bonafede-in-puglia-per-lemergenza-giustizia","status":"publish","type":"post","link":"https:\/\/www.leccecronaca.it\/index.php\/2018\/06\/07\/il-ministro-bonafede-in-puglia-per-lemergenza-giustizia\/","title":{"rendered":"BONAFEDE IN PUGLIA PER L&#8217;EMERGENZA GIUSTIZIA"},"content":{"rendered":"<p><img decoding=\"async\" loading=\"lazy\" class=\"size-full wp-image-138510\" src=\"https:\/\/www.leccecronaca.it\/wordpress\/wp-content\/uploads\/2018\/06\/bonafede.jpg\" alt=\"\" width=\"457\" height=\"343\" srcset=\"https:\/\/www.leccecronaca.it\/wordpress\/wp-content\/uploads\/2018\/06\/bonafede.jpg 457w, https:\/\/www.leccecronaca.it\/wordpress\/wp-content\/uploads\/2018\/06\/bonafede-300x225.jpg 300w, https:\/\/www.leccecronaca.it\/wordpress\/wp-content\/uploads\/2018\/06\/bonafede-400x300.jpg 400w\" sizes=\"(max-width: 457px) 100vw, 457px\" \/><\/p>\n<p>gm_______Il ministro della Giustizia, Alfonso Bonafede (nella foto), &#8216;stamattina \u00e8 stato a Bari per visitare la tendopoli allestita nel parcheggio del Palagiustizia di via Nazariantz dopo che l&#8217;immobile \u00e8 stato dichiarato inagibile, e dove si stanno svolgendo i processi, i rinvii, insomma tutta quelle che sono le funzioni che la macchina della giustizia prevede.<br \/>\n&#8220;La situazione \u00e8 chiaramente grave e urgente. Sono venuto qui per verificare di persona. Parleremo dopo questa giornata in cui far\u00f2 il sopralluogo e soprattutto avr\u00f2 un dialogo con tutti coloro che sono qui e con i quali ci pu\u00f2 essere un confronto&#8221;.<\/p>\n<p>Bonafede \u00e8 stato accolto dal sindaco e dai vertici degli uffici giudiziari e dell&#8217;avvocatura. I cancellieri del Tribunale hanno accompagnato il suo ingresso urlando &#8220;qui crolla&#8221;.<br \/>\n&#8220;Quello che voglio dire a tutti voi &#8211; ha detto il Guardasigilli &#8211; \u00e8 che lo Stato qui porta la vicinanza a tutti gli operatori del diritto, ai giudici, agli avvocati, ai cancellieri, a tutto il personale del tribunale, a tutti coloro che ogni mattina si alzano per far funzionare la giustizia e ai cittadini che giustamente hanno diritto ad un servizio giustizia di un certo livello&#8221;.<\/p>\n<fb:like href='https:\/\/www.leccecronaca.it\/index.php\/2018\/06\/07\/il-ministro-bonafede-in-puglia-per-lemergenza-giustizia\/' send='true' layout='button_count' show_faces='true' width='450' height='65' action='recommend' colorscheme='light' font='lucida grande'><\/fb:like><span class=\"fb_share\"><fb:like href=\"https:\/\/www.leccecronaca.it\/index.php\/2018\/06\/07\/il-ministro-bonafede-in-puglia-per-lemergenza-giustizia\/\" layout=\"button_count\"><\/fb:like><\/span>","protected":false},"excerpt":{"rendered":"<p>gm_______Il ministro della Giustizia, Alfonso Bonafede (nella foto), &#8216;stamattina \u00e8 stato a Bari per visitare la tendopoli allestita nel parcheggio del Palagiustizia di via Nazariantz dopo che l&#8217;immobile \u00e8 stato dichiarato inagibile, e dove si stanno svolgendo i processi, i rinvii, insomma tutta quelle che sono le funzioni che la macchina della giustizia prevede. &#8220;La [&hellip;]<\/p>\n","protected":false},"author":4,"featured_media":0,"comment_status":"open","ping_status":"closed","sticky":false,"template":"","format":"standard","meta":[],"categories":[69,76],"tags":[],"_links":{"self":[{"href":"https:\/\/www.leccecronaca.it\/index.php\/wp-json\/wp\/v2\/posts\/138509"}],"collection":[{"href":"https:\/\/www.leccecronaca.it\/index.php\/wp-json\/wp\/v2\/posts"}],"about":[{"href":"https:\/\/www.leccecronaca.it\/index.php\/wp-json\/wp\/v2\/types\/post"}],"author":[{"embeddable":true,"href":"https:\/\/www.leccecronaca.it\/index.php\/wp-json\/wp\/v2\/users\/4"}],"replies":[{"embeddable":true,"href":"https:\/\/www.leccecronaca.it\/index.php\/wp-json\/wp\/v2\/comments?post=138509"}],"version-history":[{"count":5,"href":"https:\/\/www.leccecronaca.it\/index.php\/wp-json\/wp\/v2\/posts\/138509\/revisions"}],"predecessor-version":[{"id":138570,"href":"https:\/\/www.leccecronaca.it\/index.php\/wp-json\/wp\/v2\/posts\/138509\/revisions\/138570"}],"wp:attachment":[{"href":"https:\/\/www.leccecronaca.it\/index.php\/wp-json\/wp\/v2\/media?parent=138509"}],"wp:term":[{"taxonomy":"category","embeddable":true,"href":"https:\/\/www.leccecronaca.it\/index.php\/wp-json\/wp\/v2\/categories?post=138509"},{"taxonomy":"post_tag","embeddable":true,"href":"https:\/\/www.leccecronaca.it\/index.php\/wp-json\/wp\/v2\/tags?post=138509"}],"curies":[{"name":"wp","href":"https:\/\/api.w.org\/{rel}","templated":true}]}}