{"id":138753,"date":"2018-06-11T16:14:45","date_gmt":"2018-06-11T14:14:45","guid":{"rendered":"http:\/\/www.leccecronaca.it\/?p=138753"},"modified":"2018-06-11T17:20:50","modified_gmt":"2018-06-11T15:20:50","slug":"sulla-nave-dei-migranti-destra-e-sinistra-si-dividono-nettamente-il-m5s-sta-sul-bagnosciuga-con-i-piedi-a-mollo","status":"publish","type":"post","link":"https:\/\/www.leccecronaca.it\/index.php\/2018\/06\/11\/sulla-nave-dei-migranti-destra-e-sinistra-si-dividono-nettamente-il-m5s-sta-sul-bagnosciuga-con-i-piedi-a-mollo\/","title":{"rendered":"AQUARIUS \/ SULLA NAVE DEI MIGRANTI, DESTRA E SINISTRA SI DIVIDONO NETTAMENTE, IL M5S RESTA SUL BAGNOSCIUGA CON I PIEDI A MOLLO"},"content":{"rendered":"<p><img decoding=\"async\" loading=\"lazy\" class=\"aligncenter size-large wp-image-138758\" src=\"https:\/\/www.leccecronaca.it\/wordpress\/wp-content\/uploads\/2018\/06\/immigrati-aquarius-634x1024.jpg\" alt=\"\" width=\"634\" height=\"1024\" srcset=\"https:\/\/www.leccecronaca.it\/wordpress\/wp-content\/uploads\/2018\/06\/immigrati-aquarius-634x1024.jpg 634w, https:\/\/www.leccecronaca.it\/wordpress\/wp-content\/uploads\/2018\/06\/immigrati-aquarius-186x300.jpg 186w, https:\/\/www.leccecronaca.it\/wordpress\/wp-content\/uploads\/2018\/06\/immigrati-aquarius-768x1241.jpg 768w, https:\/\/www.leccecronaca.it\/wordpress\/wp-content\/uploads\/2018\/06\/immigrati-aquarius.jpg 891w\" sizes=\"(max-width: 634px) 100vw, 634px\" \/><\/p>\n<p>mv_______<strong>LA VICENDA AQUARIUS.\u00a0<\/strong>Il braccio di ferro \u00e8 iniziato, l&#8217;Italia dice in modo chiaro che il problema dei migranti non pu\u00f2 essere scaricato solo sulle spalle del popolo italiano. Gli italiani non si accontenteranno pi\u00f9, di frasi come quelle pronunciate da Renzi come <em>&#8220;l&#8217;Italia ha salvato l&#8217;onore dell&#8217;Europa facendosi carico del fenomeno immigrazione&#8221;.<\/em><br \/>\nPrimo perch\u00e9 il dottore non \u00a0ha ordinato che ogni cittadino italiano si deve fare carico, di tutti i disperati del pianeta, e poi perch\u00e9 sappiamo bene che dietro a certe frasi ad effetto c&#8217;erano le bustarelle che l&#8217;Europa dava ai nostri governanti grazie alle quali facevano campagna elettorale.<\/p>\n<p>Ve li ricordate gli ottanta euro di Renzi che qualche settimana dopo la mancia \u00a0vinse le elezioni europee?<\/p>\n<p>A spiegarlo bene \u00a0\u00e8 <strong>Paolo Magri: <\/strong><em>&#8220;Salvini, drammatizza in un momento in cui gli altri Paesi non trovano un accordo. E coglie nel segno un sentire degli italiani come spiegato anche da Alessandra Ghisleri. Ma, avverte &#8216;non possiamo nascondere di avere ottenuto negli ultimi due\/tre anni dall&#8217;Europa una certa flessibilit\u00e0 con un patto tacito sui migranti. Se ora noi volessimo chiedere ulteriore flessibilit\u00e0 per realizzare il programma di governo, come sar\u00e0, questo elemento di far saltare un altro tavolo con l&#8217;Ue potrebbe non aiutarci&#8217;.<\/em><br \/>\nIn altre parole il passato governo ci ha venduto per pochi spiccioli.<\/p>\n<p>Il braccio di ferro tra Italia ed Europa \u00e8 iniziato e stavolta gli altri stati non potranno far finta di niente, non potranno girare la testa dall&#8217;altra parte, non potranno dire \u00e8 un problema italiano.<br \/>\nOra c&#8217;\u00e8 una nave in mezzo al mare con oltre seicento persone a bordo, e stavolta l&#8217;Italia far\u00e0 come fanno Francia, Spagna e gli altri paesi europei, e persino Malta, \u00a0non dar\u00e0 il via libera affinch\u00e9 la nave Aquarius possa attraccare nei porti italiani.<br \/>\nIeri una lettera urgente alle autorit\u00e0 maltesi \u00e8 stata scritta dal <strong>Ministro degli Interni Matteo Salvini<\/strong>, chiedendo di far approdare alla Valleta la nave Aquarius con 629 migranti a bordo essendo quello il &#8220;porto pi\u00f9 sicuro&#8221;. L&#8217;Aquarius non \u00e8 stata autorizzata ad approdare in Italia.<\/p>\n<p><strong>Il Presidente del Consiglio Giuseppe Conte<\/strong> dichiara: <em>&#8220;Al premier maltese Joseph Muscat che ho contattato personalmente questa sera ho chiesto chiaramente che si facesse carico almeno del soccorso umanitario delle persone in difficolt\u00e0 che si trovano sull&#8217;Aquarius. Muscat, pur comprendendo la situazione, non ha assicurato per\u00f2 alcun intervento anche in chiave umanitaria. Si conferma l&#8217;ennesima indisponibilit\u00e0 di Malta, e dunque dell&#8217;Europa, a intervenire e a farsi carico dell&#8217;emergenza&#8221;.<\/em><\/p>\n<p><strong>Filippo Nogarin<\/strong>, sindaco a Cinque stelle di <strong>Livorno <\/strong>si dice disponibile ad accoglierli, o per usare le sue parole: &#8220;Siamo pronti ad aprire il porto e accogliere la nave&#8221;. Una presa di posizione importante per il sindaco che \u00e8 riuscito a strappare la citt\u00e0 alla sinistra dopo oltre 60 anni di governo.<\/p>\n<p>Il post in questione per\u00f2 \u00e8 rimasto online appena venti minuti perch\u00e9 poi \u00e8 stato cancellato. Evidentemente la presa di posizione deve aver fatto irritare qualcuno del Movimento 5 Stelle.<\/p>\n<p>\u201cHo gi\u00e0 dato la nostra disponibilit\u00e0 al ministro dei Trasporti, Danilo Toninelli, e con il presidente della Camera Roberto Fico\u201d, ha scritto il sindaco pentastellato, evidenziando le distanze tra una parte del M5s e la Lega sulla questione migranti. Non solo colpisce, all&#8217;interno del post, il fatto che Nogarin non abbia parlato con il leader politico del Movimento, <strong>Luigi Di Maio<\/strong>. Qualche ora dopo la rimozione il sindaco ha spiegato: \u201c\u00c8 una posizione mia personale come sindaco della citt\u00e0. Dal momento in cui mi sono reso conto che questa cosa poteva creare dei problemi al governo mi \u00e8 sembrato corretto rimuovere il post. Per\u00f2 quella rimane la mia posizione\u201d.<br \/>\nEcco queste posizioni pi\u00f9 vicine a Fico che a Di Maio, secondo me stanno facendo perdere credibilit\u00e0 al Movimento.<\/p>\n<p>Una parte \u00a0dei 5 Stelle, credendo alle chiacchiere dei salotti televisivi, gestiti quasi esclusivamente da conduttori e personaggi della sinistra, si son fatti convincere che buona parte dei loro voti provengano dal PD, e che pertanto debbano strizzare l&#8217;occhio alla sinistra per continuare a conservare quei consensi. Ma le cose non stanno cos\u00ec.<\/p>\n<p>Primo, perch\u00e9 alla base del Movimento ci sono state persone che rimaste orfani di un partito di destra radicale hanno pensato che il M5S potesse rappresentarle, e secondo perch\u00e9 chi ha abbandonato il PD, non lo ha fatto come raccontano i commentatori e gli stessi dirigenti del partito di Renzi: &#8221; perch\u00e9 il partito non va nelle periferie&#8221;. Ma per quello che dicono, per le posizioni che hanno, sopratutto sul fenomeno dell&#8217;immigrazione, per cui nelle periferie non ci vanno pi\u00f9, perch\u00e9 i compagni di una volta tutte le volte che provano ad andarci, gli dicono di non sentirsi rappresentati dalla sinistra. E non come aggiungono sempre gli scienziati della politica, perch\u00e9 il Pd non fa pi\u00f9 una politica di sinistra. Alle ultime politiche abbiamo visto che il Pd \u00e8 crollato, e allo stesso tempo il partito che era alla sua sinistra, Liberi e Uguali, ha fallito miseramente.<\/p>\n<p>Per anni, quando si trattava dell&#8217;immigrazione, grazie alle televisioni e ai grandi giornali a loro disposizione, hanno cercato di commuovere la gente parlando di bambini e di donne, sino a quando si \u00e8 capito che dietro alle lacrime di coccodrillo di Renzi, c&#8217;erano i caimani, le Cooperative Rosse, le Associazioni \u00a0amiche, che su quei poveri disgraziati, lucravano talmente tanto, che in un&#8217;intercettazione su mafia capitale, qualcuno disse che i profughi facevano guadagnare pi\u00f9 della droga. Ed \u00e8 tutto dire.<\/p>\n<p><strong>Se la Lega aumenta i consensi, il Movimento 5 Stelle perde, ed il PD non aumenta, \u00e8 evidente che chi pensa che esista un pacchetto di voti con su scritto &#8220;di sinistra&#8221; che se non vanno al PD vanno a 5 Stelle e viceversa, sbaglia.<\/strong><\/p>\n<p>&nbsp;<\/p>\n<p><strong>L&#8217;agenzia Onu per i rifugiati, fa appello ai &#8220;governi coinvolti affinch\u00e9 consentano lo sbarco immediato di centinaia di persone bloccate<\/strong> nel Mediterraneo da sabato a bordo della nave Aquarius. <em>&#8220;E&#8217; un imperativo umanitario, le persone sono in difficolt\u00e0, stanno esaurendo le scorte e hanno bisogno rapidamente di aiuto&#8221;,<\/em> afferma Vincent Cochetel, inviato speciale dell&#8217;Unhcr per il Mediterraneo centrale. <em>&#8220;Questioni pi\u00f9 ampie come quella su chi \u00e8 responsabile e competente dovrebbero essere esaminate solo dopo&#8221;,<\/em> aggiunge.<br \/>\nE questo signore potrebbe aver ragione, se l&#8217;Europa in questi anni non avesse dimostrato non voler risolvere il problema di questi poveri disgraziati, perch\u00e9 una volta che \u00a0vengono fatti sbarcare, poi il paese che li accoglie li deve sostenere per anni.<\/p>\n<p>Anche per <strong>Margaritis Schinas<\/strong>, portavoce della Commissione europea,\u00a0c&#8217;\u00e8 prima l&#8217;imperativo umanitario, stiamo parlando di persone. La priorit\u00e0 \u00e8 che maltesi e italiani permettano<em>&#8220;a nave Aquarius di sbarcare i migranti&#8221;<\/em> e ricevere le cure necessarie. <em>&#8220;Rivolgiamo un appello affinch\u00e9 le persone siano sbarcate velocemente e ricevano le cure&#8221;<\/em> del caso. Ecco anche con questo signore noi saremmo d&#8217;accordo. Signor portavoce, gli italiani sono disposto a pagare il carburante necessario alla nave per portare queste signore a casa sua, nella sua terra, nella sua nazione, in modo che sia lei, la sua nazione a prendersene cura, invece di dare agli italiani lezioni di umanit\u00e0.<br \/>\nE poi ne possiamo riparlare.<\/p>\n<p>&nbsp;<\/p>\n<p>Il premier<strong> Giuseppe Conte<\/strong>, mentre a Palazzo Chigi \u00e8 in corso un vertice del governo sul caso Acquarius, ha detto: <em>&#8220;E&#8217; stato disposto l&#8217;invio di due motovedette con medici a bordo pronti a intervenire al fine di garantire la salute di tutti gli occupanti dell&#8217;Aquarius che dovessero averne necessit\u00e0. L&#8217;Italia si ritrova ad affrontare in totale solitudine l&#8217;emergenza immigrazione. Il problema \u00e8 stato da me posto anche nel corso del G7 a tutti i partner europei in questi ultimi giorni dove ho anticipato che i flussi migratori devono essere gestiti in maniera condivisa anche per ci\u00f2 che riguarda tutte le iniziative volte a prevenire le partenza. Il regolamento di Dublino va radicalmente cambiato&#8221;.<\/em><\/p>\n<p>Il <strong>premier maltese Joseph Musca<\/strong>t \u00a0ha detto:<em>&#8220;&#8230; non spetta a Malta, ma a chi \u00a0coordina e ha competenza sul caso&#8221;<\/em> della nave Aquarius.&#8221;<em>Siamo preoccupati per la direzione presa dalle autorit\u00e0 italiane sull&#8217;Acquarius, che \u00e8 in alto mare. Vanno manifestamente contro le leggi internazionali e rischiano di creare una situazione pericolose per tutti coloro che sono coinvolti&#8221;.<\/em><\/p>\n<p>&nbsp;<\/p>\n<p>Il nostro Ministro dell&#8217;Interno, <strong>Matteo Salvini<\/strong> dal canto suo ha fatto sapere che: &#8220;<strong>Da oggi anche l&#8217;Italia comincia a dire NO al traffico di esseri umani, NO al business dell&#8217;immigrazione clandestina. Il mio obiettivo \u00e8 garantire una vita serena a questi ragazzi in Africa e ai nostri figli in Italia&#8221;.<\/strong><\/p>\n<p><em>&#8220;&#8230;Malta non pu\u00f2 continuare a voltarsi dall&#8217;altra parte quando si tratta di rispettare precise convenzioni internazionali in materia di salvaguardia della vita umana e di cooperazione tra Stati. Il Mediterraneo \u00e8 il mare di tutti i Paesi che vi si affacciano e non si pu\u00f2 immaginare che l&#8217;Italia continui ad affrontare questo fenomeno gigantesco in solitudine. Ecco perch\u00e9 chiediamo al governo di La Valletta di accogliere la Aquarius per un primo soccorso ai migranti a bordo. Noi continueremo a salvare vite umane, altri restano nel torto&#8221;<\/em>. Lo scrivono i ministri <strong>Salvini e Toninelli<\/strong>.<\/p>\n<p>&#8220;<em>L&#8217;Europa deve battere un colpo, questa vicenda dimostra che siamo stati lasciati soli. Mentre noi siamo stati disposti per anni ad accogliere migliaia di migranti, Malta non \u00e8 disponibile ad accogliere centinaia. Questa Europa non \u00e8 solidale e o l&#8217;Ue diventa solidale o \u00e8 un problema per il Paese<\/em>&#8220;. Lo afferma il vice premier <strong>Luigi Di Maio<\/strong> al termine del vertice a Palazzo Chigi nel quale il governo ha affrontato il caso Aquarius. &#8220;<em>Spero che le massime autorit\u00e0 intervengano e ci diano una mano&#8221;, sottolinea.<\/em><\/p>\n<p>&nbsp;<\/p>\n<p>&#8220;<em>Stati e attori coinvolti trovino soluzioni rapide che consentano ai migranti e rifugiati dell&#8217;Aquarius di essere sbarcati in modo sicuro e rapido. Il rallentamento delle operazioni mette a rischio la salute di centinaia di persone con urgente bisogno di assistenza&#8221;<\/em>. E&#8217; l&#8217;appello lanciato via Twitter dall&#8217;<strong>agenzia Onu<\/strong> per i rifugiati Unhcr in Italia.<\/p>\n<p>&nbsp;<\/p>\n<p><strong>Medici senza frontiere<\/strong>\u00a0teme &#8220;c<em>he ancora una volta la politica degli stati europei sia posta al di sopra delle vite delle persone. La priorit\u00e0 deve essere la sicurezza e il benessere di chi \u00e8 a bordo&#8221;.<\/em> E&#8217; quanto scrive Msf, il cui personale si trova sulla nave Aquarius, dopo aver ricordato che l&#8217;Italia ha chiesto alla Guardia Costiera di Malta di poter sbarcare a Malta tutte le persone soccorse e che il ministro Salvini ha dichiarato la chiusura dei porti italiani se Malta dovesse rifiutare lo sbarco.<\/p>\n<p>&nbsp;<\/p>\n<p>&#8220;<em>Oltre 750 morti nel Mediterraneo nel 2018: il salvataggio di vite in mare deve restare una priorit\u00e0 assoluta di ogni governo&#8221;<\/em>: lo chiede <strong>Carlotta Sami<\/strong>, la portavoce dell&#8217;<strong>Unchr<\/strong> per i rifugiati per il sud Europa dopo aver appreso della lettera del ministro Matteo Salvini alle autorit\u00e0 di Malta. Il titolare del Viminale ha chiesto alla Valletta di far approdare la nave Acquarius con oltre 600 migranti a bordo.<\/p>\n<p>&nbsp;<\/p>\n<p>Mentre ancora \u00e8 bloccata la vicenda della nave Aquarius,<strong> altri migranti sono stati salvati a largo della Libia<\/strong>. Si tratta di circa 800 persone che, secondo quanto si apprende, sono state recuperate da imbarcazioni italiane e internazionali. Le operazioni di soccorso si sono concluse in piena notte.<\/p>\n<p>Intanto torna sul tema caldo dei migranti il ministro dell&#8217;Interno Matteo Salvini dopo le polemiche di ieri sulla nave Aquarius.\u00a0&#8220;<em>Ogg<\/em>i &#8211; scrive su twitter il leader del Carroccio &#8211; <em>anche la nave Sea Watch 3, di Ong tedesca e battente bandiera olandese, \u00e8 al largo delle coste libiche in attesa di effettuare l&#8217;ennesimo carico di immigrati, da portare in Italia. L&#8217;Italia ha smesso di chinare il capo e di ubbidire, stavolta c&#8217;\u00c8 CHI DICE NO.#chiudiamoiporti&#8221;<\/em>.<\/p>\n<p>&nbsp;<\/p>\n<fb:like href='https:\/\/www.leccecronaca.it\/index.php\/2018\/06\/11\/sulla-nave-dei-migranti-destra-e-sinistra-si-dividono-nettamente-il-m5s-sta-sul-bagnosciuga-con-i-piedi-a-mollo\/' send='true' layout='button_count' show_faces='true' width='450' height='65' action='recommend' colorscheme='light' font='lucida grande'><\/fb:like><span class=\"fb_share\"><fb:like href=\"https:\/\/www.leccecronaca.it\/index.php\/2018\/06\/11\/sulla-nave-dei-migranti-destra-e-sinistra-si-dividono-nettamente-il-m5s-sta-sul-bagnosciuga-con-i-piedi-a-mollo\/\" layout=\"button_count\"><\/fb:like><\/span>","protected":false},"excerpt":{"rendered":"<p>mv_______LA VICENDA AQUARIUS.\u00a0Il braccio di ferro \u00e8 iniziato, l&#8217;Italia dice in modo chiaro che il problema dei migranti non pu\u00f2 essere scaricato solo sulle spalle del popolo italiano. Gli italiani non si accontenteranno pi\u00f9, di frasi come quelle pronunciate da Renzi come &#8220;l&#8217;Italia ha salvato l&#8217;onore dell&#8217;Europa facendosi carico del fenomeno immigrazione&#8221;. Primo perch\u00e9 il [&hellip;]<\/p>\n","protected":false},"author":4,"featured_media":0,"comment_status":"open","ping_status":"closed","sticky":false,"template":"","format":"standard","meta":[],"categories":[69,76],"tags":[],"_links":{"self":[{"href":"https:\/\/www.leccecronaca.it\/index.php\/wp-json\/wp\/v2\/posts\/138753"}],"collection":[{"href":"https:\/\/www.leccecronaca.it\/index.php\/wp-json\/wp\/v2\/posts"}],"about":[{"href":"https:\/\/www.leccecronaca.it\/index.php\/wp-json\/wp\/v2\/types\/post"}],"author":[{"embeddable":true,"href":"https:\/\/www.leccecronaca.it\/index.php\/wp-json\/wp\/v2\/users\/4"}],"replies":[{"embeddable":true,"href":"https:\/\/www.leccecronaca.it\/index.php\/wp-json\/wp\/v2\/comments?post=138753"}],"version-history":[{"count":8,"href":"https:\/\/www.leccecronaca.it\/index.php\/wp-json\/wp\/v2\/posts\/138753\/revisions"}],"predecessor-version":[{"id":138766,"href":"https:\/\/www.leccecronaca.it\/index.php\/wp-json\/wp\/v2\/posts\/138753\/revisions\/138766"}],"wp:attachment":[{"href":"https:\/\/www.leccecronaca.it\/index.php\/wp-json\/wp\/v2\/media?parent=138753"}],"wp:term":[{"taxonomy":"category","embeddable":true,"href":"https:\/\/www.leccecronaca.it\/index.php\/wp-json\/wp\/v2\/categories?post=138753"},{"taxonomy":"post_tag","embeddable":true,"href":"https:\/\/www.leccecronaca.it\/index.php\/wp-json\/wp\/v2\/tags?post=138753"}],"curies":[{"name":"wp","href":"https:\/\/api.w.org\/{rel}","templated":true}]}}