{"id":138948,"date":"2018-06-22T00:05:59","date_gmt":"2018-06-21T22:05:59","guid":{"rendered":"http:\/\/www.leccecronaca.it\/?p=138948"},"modified":"2018-06-28T17:48:16","modified_gmt":"2018-06-28T15:48:16","slug":"lecce-vista-dagli-scrittori-contemporanei-11-il-capitano-black-e-il-suo-inferno","status":"publish","type":"post","link":"https:\/\/www.leccecronaca.it\/index.php\/2018\/06\/22\/lecce-vista-dagli-scrittori-contemporanei-11-il-capitano-black-e-il-suo-inferno\/","title":{"rendered":"LECCE VISTA DAGLI SCRITTORI CONTEMPORANEI \/ 11 \u2013 IL CAPITANO BLACK E IL SUO INFERNO"},"content":{"rendered":"<p><img decoding=\"async\" loading=\"lazy\" class=\"aligncenter size-large wp-image-138949\" src=\"https:\/\/www.leccecronaca.it\/wordpress\/wp-content\/uploads\/2018\/06\/Michele-Palumbo-Ritratto-del-poeta-De-Dominicis-1024x983.jpg\" alt=\"\" width=\"1024\" height=\"983\" srcset=\"https:\/\/www.leccecronaca.it\/wordpress\/wp-content\/uploads\/2018\/06\/Michele-Palumbo-Ritratto-del-poeta-De-Dominicis-1024x983.jpg 1024w, https:\/\/www.leccecronaca.it\/wordpress\/wp-content\/uploads\/2018\/06\/Michele-Palumbo-Ritratto-del-poeta-De-Dominicis-300x288.jpg 300w, https:\/\/www.leccecronaca.it\/wordpress\/wp-content\/uploads\/2018\/06\/Michele-Palumbo-Ritratto-del-poeta-De-Dominicis-768x738.jpg 768w, https:\/\/www.leccecronaca.it\/wordpress\/wp-content\/uploads\/2018\/06\/Michele-Palumbo-Ritratto-del-poeta-De-Dominicis.jpg 1412w\" sizes=\"(max-width: 1024px) 100vw, 1024px\" \/><\/p>\n<p>di <strong>Raffaele Polo______<\/strong><\/p>\n<p>E anche quella di <strong>Giuseppe De Dominicis<\/strong>\u00a0(nella foto, il ritratto dedicatogli da Michele Palumbo) \u00e8 una vita breve. Nasce nel 1869, l\u201911 settembre, a Cavallino. E l\u00e0 muore il 15 maggio 1905, all\u2019et\u00e0 di 36 anni. Eppure, riesce a comporre e a pubblicare quelli che vengono, unanimemente, considerati i pi\u00f9 importanti testi in dialetto leccese, ovvero i <strong>Canti de l\u2019autra vita<\/strong> con il pi\u00f9 conosciuto<strong><em> \u2018Lu nfiernu\u2019<\/em> <\/strong>che vede la luce nel 1893.<\/p>\n<p>L\u2019anno prima la Tipografia Lazzaretti e figli aveva pubblicato \u2018Scrasce e gesurmini\u2019, testo molto apprezzato e tenuto in grande considerazione da tutti gli amanti della poesia in vernacolo.<\/p>\n<p>&nbsp;<\/p>\n<p>Splendide poesie, affreschi della vita e della campagna salentina, una padronanza incredibile del dialetto e una sensibilit\u00e0 ricca di orgoglio e di umanit\u00e0 sono le caratteristiche pi\u00f9 evidenti della poesia del Capitano Black che non manca, peraltro, nella sua vita terrena, di sposare gli ideali della opposizione e rendendosi protagonista, nella realt\u00e0 di Cavallino, anche con la fondazione della Societ\u00e0 Agricola Operaia di Mutuo Soccorso. Ma immergersi nei suoi versi e percorrere gli itinerari che la sua innata, signorile introspezione riesce a suscitare nell\u2019animo del lettore pi\u00f9 disincantato, significa lasciarsi affascinare da quella \u2018salentinit\u00e0\u2019 che pochissimi poeti hanno saputo far emergere\u2026<\/p>\n<p>&nbsp;<\/p>\n<p>Una vera e propria storia fantastica, con agganci alla realt\u00e0 contemporanea, \u00e8 narrata ne \u2018Lu nfiernu\u2019 dove si narra del protagonista, Pietro Lao, che inizia la sua avventura nell\u2019Aldil\u00e0, condannato ad un \u2018inferno\u2019 molto simile alla Lecce del tempo, con le sue gerarchie, i suoi padroncini e le sue consuetudini\u2026. Anche con le occasioni di innamorarsi: come capita alla Farfarina, figlia del capodiavolo, che s\u2019innamora a prima vista di Pietro Lao e lo fa suo, con le intuibili conseguenze\u2026<\/p>\n<p>Nei cinque canti (quattrocento quarantotto versi endecasillabi disposti in centododici quartine con rime alternate) si sublima l\u2019arte poetica del Capitano Black che finisce per far fuggire le anime condannate, grazie all\u2019astuzia dell\u2019eroico Pietro Lao\u2026<\/p>\n<p>Ma non poteva rimanere sola, questa composizione, dato l\u2019unanime successo che riscossero i volumetti pubblicati al costo di 25 centesimi. E cos\u00ec, seguirono Purgatoriu, Paraisu, Uerra a Mparaisu, tiempu doppu.<\/p>\n<p>Assieme a numerosi, accorati altri componimenti che, ancora oggi, sono considerati tra le massime espressioni degli scritti in vernacolo salentino.<\/p>\n<p>Da segnalare l\u2019ottima edizione di Congedo, a cura di Donato Valli, nella collana \u2018Biblioteca di cultura pugliese\u2019, da poco in libreria, che raccoglie questi scritti sempre freschi e vivaci.<\/p>\n<p>Eroe-simbolo di Cavallino e della sua cultura, De Dominicis ci affascina con la sua tersa poesia e non manchiamo di ricordare, scolpito nella nostra memoria, l\u2019incipit de \u2018Lu nfiernu\u2019:<\/p>\n<p>Quando foi ca mur\u00ecu lu Pietru Lau\/ era matina prestu de sciuedia,\/ e fenca a ttantu nu sse utau sputau\/ rriau dha lu diaulu quasi a menzadia.\/ Doppu ca lu purtune ibbe tuzzatu,\/ lu purtararu te lu nfiernu es\u00ecu\/ e nni disse: \u201cLu capu stae ssettatu\/ a nt\u00e0ula e tocca spietti, figghiu miu\u201d.______<\/p>\n<p>11 \u2013 Continua______<\/p>\n<p>LA RICERCA nei nostri precedenti articoli della rassegna (stanno nel nostro archivio, accessibile dalla home page, digitando anche semplicemente\u00a0 nome e cognome che interessa nel riquadro \u2018CERCA\u2019 a destra sotto la testata)<\/p>\n<p>1 \u2013\u00a0ERNESTO ALVINO, 13 aprile<\/p>\n<p>2 \u2013\u00a0ENRICO BOZZI, 20 aprile<\/p>\n<p>3 \u2013\u00a0RINA DURANTE, 27 aprile<\/p>\n<p>4 \u2013\u00a0SALVATORE BRUNO, 4 maggio<\/p>\n<p>5 \u2013 CLAUDIA RUGGERI, 11 maggio<\/p>\n<p>6 \u2013 ANTONIO VERRI, 18 maggio<\/p>\n<p>7 \u2013 SALVATORE TOMA, 25 maggio<\/p>\n<p>8 \u2013 RAFFALE PROTOPAPA, 1 giugno<\/p>\n<p>9 \u2013 GIOVANNI POLO, 8 giugno<\/p>\n<p>10 &#8211; FRANCESCANTONIO D&#8217;AMELIO, 15 giugno<\/p>\n<p>&nbsp;<\/p>\n<p>&nbsp;<\/p>\n<p>&nbsp;<\/p>\n<fb:like href='https:\/\/www.leccecronaca.it\/index.php\/2018\/06\/22\/lecce-vista-dagli-scrittori-contemporanei-11-il-capitano-black-e-il-suo-inferno\/' send='true' layout='button_count' show_faces='true' width='450' height='65' action='recommend' colorscheme='light' font='lucida grande'><\/fb:like><span class=\"fb_share\"><fb:like href=\"https:\/\/www.leccecronaca.it\/index.php\/2018\/06\/22\/lecce-vista-dagli-scrittori-contemporanei-11-il-capitano-black-e-il-suo-inferno\/\" layout=\"button_count\"><\/fb:like><\/span>","protected":false},"excerpt":{"rendered":"<p>di Raffaele Polo______ E anche quella di Giuseppe De Dominicis\u00a0(nella foto, il ritratto dedicatogli da Michele Palumbo) \u00e8 una vita breve. Nasce nel 1869, l\u201911 settembre, a Cavallino. E l\u00e0 muore il 15 maggio 1905, all\u2019et\u00e0 di 36 anni. Eppure, riesce a comporre e a pubblicare quelli che vengono, unanimemente, considerati i pi\u00f9 importanti testi [&hellip;]<\/p>\n","protected":false},"author":4,"featured_media":138949,"comment_status":"open","ping_status":"closed","sticky":false,"template":"","format":"standard","meta":[],"categories":[31,75,57],"tags":[],"_links":{"self":[{"href":"https:\/\/www.leccecronaca.it\/index.php\/wp-json\/wp\/v2\/posts\/138948"}],"collection":[{"href":"https:\/\/www.leccecronaca.it\/index.php\/wp-json\/wp\/v2\/posts"}],"about":[{"href":"https:\/\/www.leccecronaca.it\/index.php\/wp-json\/wp\/v2\/types\/post"}],"author":[{"embeddable":true,"href":"https:\/\/www.leccecronaca.it\/index.php\/wp-json\/wp\/v2\/users\/4"}],"replies":[{"embeddable":true,"href":"https:\/\/www.leccecronaca.it\/index.php\/wp-json\/wp\/v2\/comments?post=138948"}],"version-history":[{"count":1,"href":"https:\/\/www.leccecronaca.it\/index.php\/wp-json\/wp\/v2\/posts\/138948\/revisions"}],"predecessor-version":[{"id":138950,"href":"https:\/\/www.leccecronaca.it\/index.php\/wp-json\/wp\/v2\/posts\/138948\/revisions\/138950"}],"wp:featuredmedia":[{"embeddable":true,"href":"https:\/\/www.leccecronaca.it\/index.php\/wp-json\/wp\/v2\/media\/138949"}],"wp:attachment":[{"href":"https:\/\/www.leccecronaca.it\/index.php\/wp-json\/wp\/v2\/media?parent=138948"}],"wp:term":[{"taxonomy":"category","embeddable":true,"href":"https:\/\/www.leccecronaca.it\/index.php\/wp-json\/wp\/v2\/categories?post=138948"},{"taxonomy":"post_tag","embeddable":true,"href":"https:\/\/www.leccecronaca.it\/index.php\/wp-json\/wp\/v2\/tags?post=138948"}],"curies":[{"name":"wp","href":"https:\/\/api.w.org\/{rel}","templated":true}]}}