{"id":138977,"date":"2018-06-19T00:03:46","date_gmt":"2018-06-18T22:03:46","guid":{"rendered":"http:\/\/www.leccecronaca.it\/?p=138977"},"modified":"2018-06-18T11:50:06","modified_gmt":"2018-06-18T09:50:06","slug":"convegno-autismo-da-fare","status":"publish","type":"post","link":"https:\/\/www.leccecronaca.it\/index.php\/2018\/06\/19\/convegno-autismo-da-fare\/","title":{"rendered":"CONVEGNO SULL&#8217; AUTISMO A LECCE MERCOLEDI&#8217; 20"},"content":{"rendered":"<p><img decoding=\"async\" loading=\"lazy\" class=\"aligncenter size-full wp-image-138978\" src=\"https:\/\/www.leccecronaca.it\/wordpress\/wp-content\/uploads\/2018\/06\/foto-studium.jpg\" alt=\"\" width=\"450\" height=\"338\" srcset=\"https:\/\/www.leccecronaca.it\/wordpress\/wp-content\/uploads\/2018\/06\/foto-studium.jpg 450w, https:\/\/www.leccecronaca.it\/wordpress\/wp-content\/uploads\/2018\/06\/foto-studium-300x225.jpg 300w, https:\/\/www.leccecronaca.it\/wordpress\/wp-content\/uploads\/2018\/06\/foto-studium-400x300.jpg 400w\" sizes=\"(max-width: 450px) 100vw, 450px\" \/><\/p>\n<p>(g.f.)______<em>\u201cAutismo &amp; Qualit\u00e0 della vita: dalla diagnosi ai contesti di intervento\u201d<\/em> \u00e8 il titolo del Convegno organizzato\u00a0<strong>mercoled\u00ec 20 giugno<\/strong> 2018 presso l\u2019aula 7, edificio 6 di Studium 2000.<br \/>\nL\u2019evento nasce dalla collaborazione tra l\u2019Associazione \u201cAmici di Nico Onlus\u201d di Matino (Le), l\u2019Asl di Lecce,<br \/>\nil Dipartimento di Storia, Societ\u00e0 e Studi sull\u2019Uomo dell\u2019Universit\u00e0 del Salento e AReSS Puglia (Agenzia<br \/>\nRegionale per la Salute ed il Sociale).<\/p>\n<p>&nbsp;<\/p>\n<p>Una prima parte della giornata sar\u00e0 focalizzata sugli indicatori neurologici e psicologici ritenuti cruciali per<br \/>\nuna diagnosi precoce, mentre la seconda sar\u00e0 dedicata ai contesti di vita e di intervento all\u2019interno dei quali<br \/>\ncresce il soggetto affetto dal Disturbo dello Spettro Autistico.<\/p>\n<p>Il programma della giornata<\/p>\n<p>dopo la registrazione dei partecipanti alle <strong>8.30<\/strong>, e i saluti istituzionali:<br \/>\n&#8211; del Prof. Fabio Pollice, Direttore del Dipartimento di Storia, Societ\u00e0 e Studi sull\u2019Uomo<br \/>\ndell\u2019Universit\u00e0 del Salento;<br \/>\n&#8211; della Dottoressa Paola Povero, in rappresentanza della Regione Puglia;<br \/>\n&#8211; della Dottoressa Maria Antonietta Bove, Presidente dell\u2019Associazione \u201cAmici di Nico\u201d Onlus di<br \/>\nMatino<\/p>\n<p>PREVEDE<\/p>\n<p>interventi multidisciplinari che consentiranno di guardare attraverso lenti diverse, ma<br \/>\ninterconnesse al bambino<br \/>\nUfficio Comunicazioni<br \/>\nAmici di Nico Onlus<br \/>\n0833-503922<br \/>\nufficiocomunicazioni@amicidinico.it<br \/>\nwww.amicidinico.it<\/p>\n<p>Interverranno quali esperti<br \/>\n\uf0b7 Nell\u2019area della Neuropsichiatria Infantile:<br \/>\n&#8211; la Dott.ssa Paola Visconti, Dirigente UO Autismo dell\u2019AUSL di Bologna. Il titolo del suo contributo \u00e8<br \/>\n\u201cI Disturbi dello Spettro Autistico: segni precoci e biomarcatori\u201d;<br \/>\n&#8211; il Dott. Angelo Massagli, Direttore UOC NPIA dell\u2019Asl di Lecce. Il suo intervento si intitola: \u201cLa<br \/>\ndiagnosi precoce e la presa in carico dei Disturbi dello Spettro Autistico in Puglia e nell\u2019Asl di Lecce\u201d;<br \/>\n\uf0b7 Nell\u2019area Pedagogica:<br \/>\n&#8211; il Prof. Lucio Cottini, Professore Ordinario presso l\u2019Universit\u00e0 di Udine. Il suo contributo \u00e8: \u201cL\u2019allievo<br \/>\ncon DA a scuola: prospettive di inclusione\u201d;<br \/>\n&#8211; la Prof.ssa Stefania Pinnelli, Professore Associato presso l\u2019Universit\u00e0 del Salento. Il titolo del suo<br \/>\nintervento \u00e8: \u201cL\u2019Alunno autistico, tecnologie e progetto di vita\u201d.<br \/>\n\uf0b7 Nell\u2019area Piscologica:<br \/>\n&#8211; Il Prof. Giovanni Maria Guazzo, Senior Behavior Analyst, docente a contratto presso l\u2019Universit\u00e0 di<br \/>\nSalerno. Presenter\u00e0 un contributo dal titolo: \u201cLa crisi comportamentale: dalla gestione al<br \/>\ntrattamento\u201d;<br \/>\n&#8211; il Dott. Giovanni Miselli, Psicologo, Board Certified Behavior Analyst BCBA. Il titolo delsuo intervento<br \/>\n\u00e8 \u201cAutismo e famiglia: vissuti e percorsi. L\u2019importanza del Parent Training\u201d;<br \/>\n&#8211; la Prof.ssa Flavia Lecciso, Ricercatrice Confermata presso l\u2019Universit\u00e0 del Salento. Il suo intervento<br \/>\nsi intitola: \u201cLo screening per una diagnosi precoce: un progetto di ricerca sugli indicatori di rischio<br \/>\ntra il primo e il secondo anno di vita\u201d.<br \/>\nUfficio Comunicazioni<br \/>\nAmici di Nico Onlus<br \/>\n0833-503922<br \/>\nufficiocomunicazioni@amicidinico.it<br \/>\nwww.amicidinico.it<br \/>\nIl convegno sar\u00e0 introdotto dalla Prof.ssa Filomena De Lum\u00e8, Psicologa e gi\u00e0 Professore associato presso<br \/>\nl\u2019Universit\u00e0 del Salento e sar\u00e0 moderato dalla Dott.ssa Giovanna Di Carlo, Psicologa \u2013 Psicoterapeuta BCBA<br \/>\ne Responsabile dei Servizi del Centro Autismo \u201cAmici di Nico\u201d Onlus.<\/p>\n<p>Al fine di consentire uno spazio per una partecipazione attiva degli iscritti, il programma prevede interventi<br \/>\nda parte di enti e\/o associazioni.<\/p>\n<fb:like href='https:\/\/www.leccecronaca.it\/index.php\/2018\/06\/19\/convegno-autismo-da-fare\/' send='true' layout='button_count' show_faces='true' width='450' height='65' action='recommend' colorscheme='light' font='lucida grande'><\/fb:like><span class=\"fb_share\"><fb:like href=\"https:\/\/www.leccecronaca.it\/index.php\/2018\/06\/19\/convegno-autismo-da-fare\/\" layout=\"button_count\"><\/fb:like><\/span>","protected":false},"excerpt":{"rendered":"<p>(g.f.)______\u201cAutismo &amp; Qualit\u00e0 della vita: dalla diagnosi ai contesti di intervento\u201d \u00e8 il titolo del Convegno organizzato\u00a0mercoled\u00ec 20 giugno 2018 presso l\u2019aula 7, edificio 6 di Studium 2000. L\u2019evento nasce dalla collaborazione tra l\u2019Associazione \u201cAmici di Nico Onlus\u201d di Matino (Le), l\u2019Asl di Lecce, il Dipartimento di Storia, Societ\u00e0 e Studi sull\u2019Uomo dell\u2019Universit\u00e0 del Salento [&hellip;]<\/p>\n","protected":false},"author":4,"featured_media":139112,"comment_status":"open","ping_status":"closed","sticky":false,"template":"","format":"standard","meta":[],"categories":[1],"tags":[],"_links":{"self":[{"href":"https:\/\/www.leccecronaca.it\/index.php\/wp-json\/wp\/v2\/posts\/138977"}],"collection":[{"href":"https:\/\/www.leccecronaca.it\/index.php\/wp-json\/wp\/v2\/posts"}],"about":[{"href":"https:\/\/www.leccecronaca.it\/index.php\/wp-json\/wp\/v2\/types\/post"}],"author":[{"embeddable":true,"href":"https:\/\/www.leccecronaca.it\/index.php\/wp-json\/wp\/v2\/users\/4"}],"replies":[{"embeddable":true,"href":"https:\/\/www.leccecronaca.it\/index.php\/wp-json\/wp\/v2\/comments?post=138977"}],"version-history":[{"count":3,"href":"https:\/\/www.leccecronaca.it\/index.php\/wp-json\/wp\/v2\/posts\/138977\/revisions"}],"predecessor-version":[{"id":139113,"href":"https:\/\/www.leccecronaca.it\/index.php\/wp-json\/wp\/v2\/posts\/138977\/revisions\/139113"}],"wp:featuredmedia":[{"embeddable":true,"href":"https:\/\/www.leccecronaca.it\/index.php\/wp-json\/wp\/v2\/media\/139112"}],"wp:attachment":[{"href":"https:\/\/www.leccecronaca.it\/index.php\/wp-json\/wp\/v2\/media?parent=138977"}],"wp:term":[{"taxonomy":"category","embeddable":true,"href":"https:\/\/www.leccecronaca.it\/index.php\/wp-json\/wp\/v2\/categories?post=138977"},{"taxonomy":"post_tag","embeddable":true,"href":"https:\/\/www.leccecronaca.it\/index.php\/wp-json\/wp\/v2\/tags?post=138977"}],"curies":[{"name":"wp","href":"https:\/\/api.w.org\/{rel}","templated":true}]}}