{"id":139039,"date":"2018-06-18T00:03:01","date_gmt":"2018-06-17T22:03:01","guid":{"rendered":"http:\/\/www.leccecronaca.it\/?p=139039"},"modified":"2018-06-17T12:06:42","modified_gmt":"2018-06-17T10:06:42","slug":"a-gallipoli-martedi-19-da-finire","status":"publish","type":"post","link":"https:\/\/www.leccecronaca.it\/index.php\/2018\/06\/18\/a-gallipoli-martedi-19-da-finire\/","title":{"rendered":"GIOVANNA POLITI A GALLIPOLI MARTEDI&#8217; 19"},"content":{"rendered":"<p><img decoding=\"async\" loading=\"lazy\" class=\"aligncenter size-full wp-image-139042\" src=\"https:\/\/www.leccecronaca.it\/wordpress\/wp-content\/uploads\/2018\/06\/35422370_10217346781009614_8369871875186098176_n.jpg\" alt=\"\" width=\"533\" height=\"533\" srcset=\"https:\/\/www.leccecronaca.it\/wordpress\/wp-content\/uploads\/2018\/06\/35422370_10217346781009614_8369871875186098176_n.jpg 533w, https:\/\/www.leccecronaca.it\/wordpress\/wp-content\/uploads\/2018\/06\/35422370_10217346781009614_8369871875186098176_n-300x300.jpg 300w, https:\/\/www.leccecronaca.it\/wordpress\/wp-content\/uploads\/2018\/06\/35422370_10217346781009614_8369871875186098176_n-150x150.jpg 150w, https:\/\/www.leccecronaca.it\/wordpress\/wp-content\/uploads\/2018\/06\/35422370_10217346781009614_8369871875186098176_n-60x60.jpg 60w\" sizes=\"(max-width: 533px) 100vw, 533px\" \/>(Rdl)______<\/p>\n<p>&#8220;Io sono l&#8217; a-more&#8221;. Si chiama cos\u00ec il nuovo romanzo della scrittrice leccese Giovanna Politi (nella foto), edito da Kimerik.<\/p>\n<p>L&#8217; autrice lo presenter\u00e0 a Gallipoli marted\u00ec 19 giugno, alle 19, presso la Casa degli Artisti di via Lepanto 1.<\/p>\n<p>Dialogheranno con lei la scrittrice Monica Conforti e il magistrato Salvatore Cosentino.<\/p>\n<p>Saluti del Sindaco Stefano Minerva.<\/p>\n<p>Letture degli attori Luigi Bottazzo e Lola Giuranna.<\/p>\n<p>Musiche del maestro Luigi Solidoro, e di Tommaso Passeri, con la voce del soprano Antonella Marzi.<\/p>\n<fb:like href='https:\/\/www.leccecronaca.it\/index.php\/2018\/06\/18\/a-gallipoli-martedi-19-da-finire\/' send='true' layout='button_count' show_faces='true' width='450' height='65' action='recommend' colorscheme='light' font='lucida grande'><\/fb:like><span class=\"fb_share\"><fb:like href=\"https:\/\/www.leccecronaca.it\/index.php\/2018\/06\/18\/a-gallipoli-martedi-19-da-finire\/\" layout=\"button_count\"><\/fb:like><\/span>","protected":false},"excerpt":{"rendered":"<p>(Rdl)______ &#8220;Io sono l&#8217; a-more&#8221;. Si chiama cos\u00ec il nuovo romanzo della scrittrice leccese Giovanna Politi (nella foto), edito da Kimerik. L&#8217; autrice lo presenter\u00e0 a Gallipoli marted\u00ec 19 giugno, alle 19, presso la Casa degli Artisti di via Lepanto 1. Dialogheranno con lei la scrittrice Monica Conforti e il magistrato Salvatore Cosentino. Saluti del [&hellip;]<\/p>\n","protected":false},"author":4,"featured_media":139042,"comment_status":"open","ping_status":"closed","sticky":false,"template":"","format":"standard","meta":[],"categories":[31,75,57],"tags":[],"_links":{"self":[{"href":"https:\/\/www.leccecronaca.it\/index.php\/wp-json\/wp\/v2\/posts\/139039"}],"collection":[{"href":"https:\/\/www.leccecronaca.it\/index.php\/wp-json\/wp\/v2\/posts"}],"about":[{"href":"https:\/\/www.leccecronaca.it\/index.php\/wp-json\/wp\/v2\/types\/post"}],"author":[{"embeddable":true,"href":"https:\/\/www.leccecronaca.it\/index.php\/wp-json\/wp\/v2\/users\/4"}],"replies":[{"embeddable":true,"href":"https:\/\/www.leccecronaca.it\/index.php\/wp-json\/wp\/v2\/comments?post=139039"}],"version-history":[{"count":5,"href":"https:\/\/www.leccecronaca.it\/index.php\/wp-json\/wp\/v2\/posts\/139039\/revisions"}],"predecessor-version":[{"id":139058,"href":"https:\/\/www.leccecronaca.it\/index.php\/wp-json\/wp\/v2\/posts\/139039\/revisions\/139058"}],"wp:featuredmedia":[{"embeddable":true,"href":"https:\/\/www.leccecronaca.it\/index.php\/wp-json\/wp\/v2\/media\/139042"}],"wp:attachment":[{"href":"https:\/\/www.leccecronaca.it\/index.php\/wp-json\/wp\/v2\/media?parent=139039"}],"wp:term":[{"taxonomy":"category","embeddable":true,"href":"https:\/\/www.leccecronaca.it\/index.php\/wp-json\/wp\/v2\/categories?post=139039"},{"taxonomy":"post_tag","embeddable":true,"href":"https:\/\/www.leccecronaca.it\/index.php\/wp-json\/wp\/v2\/tags?post=139039"}],"curies":[{"name":"wp","href":"https:\/\/api.w.org\/{rel}","templated":true}]}}