{"id":139419,"date":"2018-06-19T19:05:44","date_gmt":"2018-06-19T17:05:44","guid":{"rendered":"http:\/\/www.leccecronaca.it\/?p=139419"},"modified":"2018-06-19T19:33:27","modified_gmt":"2018-06-19T17:33:27","slug":"al-via-la-rassegna-cinematografica-storico-accademica-ai-teatini-di-lecce-un-consiglio-per-l-assessore-antonella-agnoli","status":"publish","type":"post","link":"https:\/\/www.leccecronaca.it\/index.php\/2018\/06\/19\/al-via-la-rassegna-cinematografica-storico-accademica-ai-teatini-di-lecce-un-consiglio-per-l-assessore-antonella-agnoli\/","title":{"rendered":"AL VIA LA RASSEGNA CINEMATOGRAFICA STORICO-ACCADEMICA AI TEATINI DI LECCE. UN CONSIGLIO DISINTERESSATO PER L&#8217; ASSESSORE ANTONELLA AGNOLI ESTIMATRICE DELLA CORAZZATA POTEMKIN"},"content":{"rendered":"<p><img decoding=\"async\" loading=\"lazy\" class=\"alignleft size-full wp-image-139420\" src=\"https:\/\/www.leccecronaca.it\/wordpress\/wp-content\/uploads\/2018\/06\/maxresdefault-1.jpg\" alt=\"\" width=\"1280\" height=\"720\" srcset=\"https:\/\/www.leccecronaca.it\/wordpress\/wp-content\/uploads\/2018\/06\/maxresdefault-1.jpg 1280w, https:\/\/www.leccecronaca.it\/wordpress\/wp-content\/uploads\/2018\/06\/maxresdefault-1-300x169.jpg 300w, https:\/\/www.leccecronaca.it\/wordpress\/wp-content\/uploads\/2018\/06\/maxresdefault-1-1024x576.jpg 1024w, https:\/\/www.leccecronaca.it\/wordpress\/wp-content\/uploads\/2018\/06\/maxresdefault-1-768x432.jpg 768w\" sizes=\"(max-width: 1280px) 100vw, 1280px\" \/>(g.p.)______C&#8217; erano state polemiche, nei giorni scorsi, a torto o a ragione e tanto per cambiare, riguardo l&#8217; affidamento di questa iniziativa con presunti favoritismi.<\/p>\n<p>Non ne abbiamo parlato, perch\u00e9 impossibilitati a verificare nel merito, e abbiamo quindi omesso le ragioni degli uni, o degli altri.<\/p>\n<p>Del resto prolungatesi per giorni, in maniera alla fine, come sempre succede in questi casi, giornalisticamente noiosa per tutti.<\/p>\n<p>Fino all&#8217; impossibile di seguire i post sui social.<\/p>\n<p>Poi, qualche cenno polemico anche all&#8217; interno della maggioranza stessa, sul calendario, riguardo le scelte dei film da proiettare ai Teatini.<\/p>\n<p>Oggi, con un apposito comunicato dell&#8217; ufficio &#8211; stampa del Comune, l&#8217; ufficializzazione.<\/p>\n<p>Eccola:<\/p>\n<p align=\"justify\"><span style=\"font-family: Calibri, serif;\"><span style=\"font-family: 'Times New Roman', serif;\"><span style=\"font-size: medium;\">Comincer\u00e0 venerd\u00ec 22 giugno la rassegna \u201cTeatini Cinema\u201d: dal 22 giugno al 30 luglio (quasi) un film al giorno nel chiostro <\/span><\/span><span style=\"font-family: 'Times New Roman', serif;\"><span style=\"font-size: medium;\">dell&#8217;Ex<\/span><\/span><span style=\"font-family: 'Times New Roman', serif;\"><span style=\"font-size: medium;\"> convento dei Teatini su Corso Vittorio Emanuele II. A partire dalle 21, con spettacolo unico, una grande sala di 200 posti sotto le stelle. <\/span><\/span><\/span><\/p>\n<p align=\"justify\"><span style=\"font-family: Calibri, serif;\"><span style=\"font-family: 'Times New Roman', serif;\"><span style=\"font-size: medium;\">Tre sezioni a disposizione degli spettatori: <\/span><\/span><span style=\"font-family: 'Times New Roman', serif;\"><span style=\"font-size: medium;\"><i>Film per famiglie<\/i><\/span><\/span><span style=\"font-family: 'Times New Roman', serif;\"><span style=\"font-size: medium;\">, <\/span><\/span><span style=\"font-family: 'Times New Roman', serif;\"><span style=\"font-size: medium;\"><i>Film D&#8217;Essai<\/i><\/span><\/span><span style=\"font-family: 'Times New Roman', serif;\"><span style=\"font-size: medium;\"> e <\/span><\/span><span style=\"font-family: 'Times New Roman', serif;\"><span style=\"font-size: medium;\"><i>Cinema Ritrovato<\/i><\/span><\/span><span style=\"font-family: 'Times New Roman', serif;\"><span style=\"font-size: medium;\">, quest&#8217;ultima sezione realizzata in collaborazione con la Cineteca di Bologna. Un ricco e diversificato programma di film in grado di accontentare tutti i tipi di spettatori. Di seguito il programma: <\/span><\/span><\/span><\/p>\n<p align=\"justify\"><span style=\"color: #000099;\"><span style=\"font-family: 'Times New Roman', serif;\"><span style=\"font-size: medium;\">Film D&#8217;Essai<\/span><\/span><\/span><\/p>\n<p align=\"justify\"><span style=\"color: #ff6666;\"><span style=\"font-family: 'Times New Roman', serif;\"><span style=\"font-size: medium;\">Film per famiglie<\/span><\/span><\/span><\/p>\n<p align=\"justify\"><span style=\"color: #ff9900;\"><span style=\"font-family: 'Times New Roman', serif;\"><span style=\"font-size: medium;\">Cinema Ritrovato<\/span><\/span><\/span><\/p>\n<p align=\"justify\"><span style=\"color: #6666ff;\"><span style=\"font-family: 'Times New Roman', serif;\"><span style=\"font-size: medium;\">22 giugno Vento di Soave &#8211; di Corrado Punzi<\/span><\/span><\/span><\/p>\n<p align=\"justify\"><span style=\"color: #6666ff;\"><span style=\"font-family: 'Times New Roman', serif;\"><span style=\"font-size: medium;\">23-24 giugno La Forma dell&#8217;Acqua &#8211; di Guillermo del Toro<\/span><\/span><\/span><\/p>\n<p align=\"justify\"><span style=\"font-family: Calibri, serif;\"><span style=\"color: #ff9900;\"><span style=\"font-family: 'Times New Roman', serif;\"><span style=\"font-size: medium;\">25 giugno Luci della citt\u00e0 &#8211; di Charlie Chaplin<\/span><\/span><\/span> <\/span><\/p>\n<p align=\"justify\"><span style=\"color: #ff6666;\"><span style=\"font-family: 'Times New Roman', serif;\"><span style=\"font-size: medium;\">26-27 giugno Ella &amp; John di Paolo Virz\u00ec<\/span><\/span><\/span><\/p>\n<p align=\"justify\"><span style=\"font-family: Calibri, serif;\"><span style=\"color: #ff9900;\"><span style=\"font-family: 'Times New Roman', serif;\"><span style=\"font-size: medium;\">29 giugno Blow Up &#8211; di Michelangelo Antonioni<\/span><\/span><\/span> <\/span><\/p>\n<p align=\"justify\"><span style=\"color: #6666ff;\"><span style=\"font-family: 'Times New Roman', serif;\"><span style=\"font-size: medium;\">30 giugno e 1 luglio A casa tutti bene &#8211; di Gabriele Muccino<\/span><\/span><\/span><\/p>\n<p align=\"justify\"><span style=\"font-family: Calibri, serif;\"><span style=\"color: #ff9900;\"><span style=\"font-family: 'Times New Roman', serif;\"><span style=\"font-size: medium;\">2 luglio Amarcord &#8211; di Federico Fellini<\/span><\/span><\/span> <\/span><\/p>\n<p align=\"justify\"><span style=\"color: #ff6666;\"><span style=\"font-family: 'Times New Roman', serif;\"><span style=\"font-size: medium;\">3-4 luglio Wonder &#8211; di Stephen Chbosky<\/span><\/span><\/span><\/p>\n<p align=\"justify\"><span style=\"font-family: Calibri, serif;\"><span style=\"color: #ff9900;\"><span style=\"font-family: 'Times New Roman', serif;\"><span style=\"font-size: medium;\">6 luglio Eraserhead &#8211; di David Lynch<\/span><\/span><\/span> <\/span><\/p>\n<p align=\"justify\"><span style=\"font-family: Calibri, serif;\"><span style=\"color: #6666ff;\"><span style=\"font-family: 'Times New Roman', serif;\"><span style=\"font-size: medium;\">7-8 luglio I segreti di Wind River di Taylor Sheridan<\/span><\/span><\/span> <\/span><\/p>\n<p align=\"justify\"><span style=\"font-family: Calibri, serif;\"><span style=\"color: #ff6666;\"><span style=\"font-family: 'Times New Roman', serif;\"><span style=\"font-size: medium;\">11-12 luglio Il Sole a Mezzanotte &#8211; di Scott Speer<\/span><\/span><\/span> <\/span><\/p>\n<p align=\"justify\"><span style=\"font-family: Calibri, serif;\"><span style=\"color: #ff9900;\"><span style=\"font-family: 'Times New Roman', serif;\"><span style=\"font-size: medium;\">13 luglio Roma citt\u00e0 aperta &#8211; di Roberto Rossellini<\/span><\/span><\/span> <\/span><\/p>\n<p align=\"justify\"><span style=\"color: #ff9900;\"><span style=\"font-family: 'Times New Roman', serif;\"><span style=\"font-size: medium;\">16 luglio La Corazzata Potemkin &#8211; di Sergej Michajlovic Ejzenstejn<\/span><\/span><\/span><\/p>\n<p align=\"justify\"><span style=\"font-family: Calibri, serif;\"><span style=\"color: #ff6666;\"><span style=\"font-family: 'Times New Roman', serif;\"><span style=\"font-size: medium;\">17-18 luglio Il giovane Karl Marx &#8211; di Raoul Peck<\/span><\/span><\/span> <\/span><\/p>\n<p align=\"justify\"><span style=\"color: #6666ff;\"><span style=\"font-family: 'Times New Roman', serif;\"><span style=\"font-size: medium;\">21-22 luglio Tre manifesti a Ebbing Missouri &#8211; di Martin McDonagh<\/span><\/span><\/span><\/p>\n<p align=\"justify\"><span style=\"font-family: Calibri, serif;\"><span style=\"color: #ff9900;\"><span style=\"font-family: 'Times New Roman', serif;\"><span style=\"font-size: medium;\">23 luglio Metropolis &#8211; di Fritz Lang<\/span><\/span><\/span> <\/span><\/p>\n<p align=\"justify\"><span style=\"font-family: Calibri, serif;\"><span style=\"color: #ff6666;\"><span style=\"font-family: 'Times New Roman', serif;\"><span style=\"font-size: medium;\">24-25 luglio Lady Bird &#8211; di Greta Gerwig<\/span><\/span><\/span> <\/span><\/p>\n<p align=\"justify\"><span style=\"font-family: Calibri, serif;\"><span style=\"color: #ff9900;\"><span style=\"font-family: 'Times New Roman', serif;\"><span style=\"font-size: medium;\">27 luglio Io e Annie &#8211; di Woody Allen<\/span><\/span><\/span> <\/span><\/p>\n<p align=\"justify\"><span style=\"font-family: Calibri, serif;\"><span style=\"color: #6666ff;\"><span style=\"font-family: 'Times New Roman', serif;\"><span style=\"font-size: medium;\">28-29 luglio Dogman &#8211; di Matteo Garrone<\/span><\/span><\/span> <\/span><\/p>\n<p align=\"justify\"><span style=\"font-family: Calibri, serif;\"><span style=\"color: #ff9900;\"><span style=\"font-family: 'Times New Roman', serif;\"><span style=\"font-size: medium;\">30 luglio Manhattan &#8211; di Woody Allen<\/span><\/span><\/span> <\/span><\/p>\n<p align=\"justify\"><span style=\"font-family: 'Times New Roman', serif;\"><span style=\"font-size: medium;\">Il biglietto d&#8217;ingresso \u00e8 di 5 euro e pu\u00f2 essere acquistato presso il Chiostro dei Teatini a partire dalle 20.30 o prenotato Telegram @dbdessai e Whatsapp al numero 391.1704937 <\/span><\/span><\/p>\n<p align=\"justify\"><span style=\"font-family: 'Times New Roman', serif;\"><span style=\"font-size: medium;\">Abbonamenti:<\/span><\/span><\/p>\n<p align=\"justify\"><span style=\"font-family: 'Times New Roman', serif;\"><span style=\"font-size: medium;\">DBCard5 nominativa &#8211; un ingresso al giorno (5 ingressi, 20\u20ac)<\/span><\/span><\/p>\n<p align=\"justify\"><span style=\"font-family: 'Times New Roman', serif;\"><span style=\"font-size: medium;\">DBCard10 &#8211; pi\u00f9 ingressi al giorno (10 ingressi, 45\u20ac)______<\/span><\/span><\/p>\n<p align=\"justify\">Nei giorni scorsi, l&#8217; assessore alla Cultura Antonella Agnoli aveva mandato una notta scritta di suo pugno.<\/p>\n<p align=\"justify\"><img decoding=\"async\" loading=\"lazy\" class=\"alignleft size-full wp-image-139421\" src=\"https:\/\/www.leccecronaca.it\/wordpress\/wp-content\/uploads\/2018\/06\/AA.jpg\" alt=\"\" width=\"400\" height=\"400\" srcset=\"https:\/\/www.leccecronaca.it\/wordpress\/wp-content\/uploads\/2018\/06\/AA.jpg 400w, https:\/\/www.leccecronaca.it\/wordpress\/wp-content\/uploads\/2018\/06\/AA-300x300.jpg 300w, https:\/\/www.leccecronaca.it\/wordpress\/wp-content\/uploads\/2018\/06\/AA-150x150.jpg 150w, https:\/\/www.leccecronaca.it\/wordpress\/wp-content\/uploads\/2018\/06\/AA-60x60.jpg 60w\" sizes=\"(max-width: 400px) 100vw, 400px\" \/><\/p>\n<p align=\"justify\">Eccola:<\/p>\n<div>\u201c<em>Non so se la maggioranza stia \u201clitigando\u201d sulla Corazzata Potemkin, mi parrebbe un po\u2019 strano, con tutti gli impegni concreti che abbiamo sul tavolo ogni mattina. Da parte mia ringrazio la cooperativa Don Bosco per aver inserito questa pellicola nella programmazione del Cinema Teatini. Proiettata a Bologna, in Piazza Maggiore, la Corazzata \u00e8 stata vista da pi\u00f9 di 6mila spettatori. Questo film, l&#8217;opera pi\u00f9 celebre di Ejzenstejn, un maestro della cinematografia mondiale, \u00e8 stato giudicato in varie occasioni il pi\u00f9 grande mai girato, o almeno una delle pietre miliari della storia del cinema. Il famoso massacro sulla scalinata di Odessa (un\u2019invenzione visiva del regista: in realt\u00e0 la repressione dei cosacchi nel 1905 avvenne nelle vie della citt\u00e0) \u00e8 stato cos\u00ec spesso citato da altri registi che io ne ho visto la parodia fatta da Brian de Palma ne Gli intoccabili prima dell\u2019originale. Accanto alla Corazzata, nella sezione \u201cCinema Ritrovato\u201d, che comprende film restaurati dalla Cineteca di Bologna, troveranno spazio altri capolavori: da Fellini ad Antonioni, a Woody Allen a Rossellini a Fritz Lang a David Lynch.<\/em><\/div>\n<div><\/div>\n<div><em>Alcuni dei critici della rassegna dei Teatini hanno citato Il secondo tragico Fantozzi, in cui Paolo Villaggio pronuncia l\u2019indimenticabile battuta \u201cLa corazzata Kotiomkin \u00e8 una cagata pazzesca!\u201d a cui seguirebbero \u201c92 minuti di applausi\u201d (cio\u00e8 molto di pi\u00f9 della lunghezza della Corazzata Potemkin, che \u00e8 di un\u2019ora e un quarto). Non mi soffermo sui significati della celebre scena del film di Luciano Salce, una spietata satira del mondo aziendale degli anni Settanta, n\u00e9 sul fatto che Paolo Villaggio era pi\u00f9 vicino agli ideali di Ejzenstejn di quanto i suoi frettolosi ammiratori di\u00a0<a class=\"matchTooltip\">oggi<\/a>\u00a0vogliano credere. Mi interessa invitare quanti lo vorranno a scegliere tra i titoli che saranno proposti dal 22 giugno, tra Cinema Ritrovato, Film per famiglie e Film d&#8217;Essai, e a vivere questo appuntamento estivo con la serenit\u00e0 che gli si addice&#8221;. ______<\/em><\/div>\n<div><\/div>\n<div>Caro assessore, Lecce non \u00e8 Bologna. La Sua Bologna. Qui a suo tempo contestarono e dileggiarono finanche Carmelo Bene, si immagini come piglieranno\u00a0Sergej \u0116jzen\u0161tejn il 16 luglio.<\/div>\n<div>C&#8217;\u00e8 da sperare solo che la platea sia tutta quanta di turisti forestieri.<\/div>\n<div>Poi, se permette, non c&#8217;era di meglio per la programmazione, che ricorda pi\u00f9 una cineteca da esame di Storia del Cinema dI facolt\u00e0 universitaria, che una rassegna estiva?<\/div>\n<div><\/div>\n<div>E senza contraddittorio.<\/div>\n<div><\/div>\n<div>Le do un&#8217; idea, per la prossima.<\/div>\n<div>Qui &#8211; come del resto altrove &#8211; manca un cineforum. Quello che negli anni Settanta organizzava don Sandro Rotino al Politeama.<\/div>\n<div>Sceglieva film di attualit\u00e0, dei mesi precedenti, anche pesanti, pesantissimi, tipo i fratelli Taviani, la Cavani, o Jodorowsky.<\/div>\n<div>Per\u00f2, prima della proiezione, c&#8217; era sempre uno, un esponente della politica, delle professioni, degli intellettuali, leccesi, che teneva una prolusione introduttiva.<\/div>\n<div>Finito il film, cominciava il dibattito.<\/div>\n<div>Il vero spettacolo.<\/div>\n<div>Qui la verve polemica, la sagacia a tempo perso, l&#8217; individualismo anarco insurrezionalista tipicamente salentini trovavano libero sfogo, e l&#8217; esercizio dei <em>vizi privati, pubbliche virt\u00f9<\/em>, mi consenta la citazione dotta, produceva effetti mirabili.<\/div>\n<div>Il dibattito, era lo spettacolo. E durava ore e ore nella notte. Non aveva prezzo.<\/div>\n<div>Perch\u00e8 se l&#8217; onorevole x aveva detto una cosa, il senatore y doveva sostenere l&#8217; esatto contrario; e idem il professor alfa con lo scrittore z.<\/div>\n<div>Poi entravano sempre in mezzo, tirati per i capelli, Sant&#8217; Agostino, e\u00a0 Tommaso d&#8217; Aquino, con Henry Kissinger e Mao Tse Tung. A volte, Renzo De Felice: e vinceva sempre chi riusciva a dare per primo del &#8216;fascista&#8217; all&#8217; altro, salvo provocare chiara eco notturna pr tutta la citt\u00e0.<\/div>\n<div>Che nostalgia!<\/div>\n<div>Pier Paolo Pasolini, Luis Bunuel e Francois Truffaut di attualit\u00e0 all&#8217; epoca, erano solo il pretesto, per trasformare un cineforum in un vero e proprio evento.<\/div>\n<fb:like href='https:\/\/www.leccecronaca.it\/index.php\/2018\/06\/19\/al-via-la-rassegna-cinematografica-storico-accademica-ai-teatini-di-lecce-un-consiglio-per-l-assessore-antonella-agnoli\/' send='true' layout='button_count' show_faces='true' width='450' height='65' action='recommend' colorscheme='light' font='lucida grande'><\/fb:like><span class=\"fb_share\"><fb:like href=\"https:\/\/www.leccecronaca.it\/index.php\/2018\/06\/19\/al-via-la-rassegna-cinematografica-storico-accademica-ai-teatini-di-lecce-un-consiglio-per-l-assessore-antonella-agnoli\/\" layout=\"button_count\"><\/fb:like><\/span>","protected":false},"excerpt":{"rendered":"<p>(g.p.)______C&#8217; erano state polemiche, nei giorni scorsi, a torto o a ragione e tanto per cambiare, riguardo l&#8217; affidamento di questa iniziativa con presunti favoritismi. Non ne abbiamo parlato, perch\u00e9 impossibilitati a verificare nel merito, e abbiamo quindi omesso le ragioni degli uni, o degli altri. Del resto prolungatesi per giorni, in maniera alla fine, [&hellip;]<\/p>\n","protected":false},"author":4,"featured_media":0,"comment_status":"open","ping_status":"closed","sticky":false,"template":"","format":"standard","meta":[],"categories":[69,31,75],"tags":[],"_links":{"self":[{"href":"https:\/\/www.leccecronaca.it\/index.php\/wp-json\/wp\/v2\/posts\/139419"}],"collection":[{"href":"https:\/\/www.leccecronaca.it\/index.php\/wp-json\/wp\/v2\/posts"}],"about":[{"href":"https:\/\/www.leccecronaca.it\/index.php\/wp-json\/wp\/v2\/types\/post"}],"author":[{"embeddable":true,"href":"https:\/\/www.leccecronaca.it\/index.php\/wp-json\/wp\/v2\/users\/4"}],"replies":[{"embeddable":true,"href":"https:\/\/www.leccecronaca.it\/index.php\/wp-json\/wp\/v2\/comments?post=139419"}],"version-history":[{"count":8,"href":"https:\/\/www.leccecronaca.it\/index.php\/wp-json\/wp\/v2\/posts\/139419\/revisions"}],"predecessor-version":[{"id":139429,"href":"https:\/\/www.leccecronaca.it\/index.php\/wp-json\/wp\/v2\/posts\/139419\/revisions\/139429"}],"wp:attachment":[{"href":"https:\/\/www.leccecronaca.it\/index.php\/wp-json\/wp\/v2\/media?parent=139419"}],"wp:term":[{"taxonomy":"category","embeddable":true,"href":"https:\/\/www.leccecronaca.it\/index.php\/wp-json\/wp\/v2\/categories?post=139419"},{"taxonomy":"post_tag","embeddable":true,"href":"https:\/\/www.leccecronaca.it\/index.php\/wp-json\/wp\/v2\/tags?post=139419"}],"curies":[{"name":"wp","href":"https:\/\/api.w.org\/{rel}","templated":true}]}}