{"id":140045,"date":"2018-06-28T19:01:27","date_gmt":"2018-06-28T17:01:27","guid":{"rendered":"http:\/\/www.leccecronaca.it\/?p=140045"},"modified":"2018-06-28T19:05:41","modified_gmt":"2018-06-28T17:05:41","slug":"cultura-editoria-arriva-storia-rivista","status":"publish","type":"post","link":"https:\/\/www.leccecronaca.it\/index.php\/2018\/06\/28\/cultura-editoria-arriva-storia-rivista\/","title":{"rendered":"CULTURA \/ EDITORIA \/ ARRIVA STORIA.RIVISTA"},"content":{"rendered":"<p><img decoding=\"async\" loading=\"lazy\" class=\"alignleft size-full wp-image-140046\" src=\"https:\/\/www.leccecronaca.it\/wordpress\/wp-content\/uploads\/2018\/06\/JMLP.jpg\" alt=\"\" width=\"800\" height=\"550\" srcset=\"https:\/\/www.leccecronaca.it\/wordpress\/wp-content\/uploads\/2018\/06\/JMLP.jpg 800w, https:\/\/www.leccecronaca.it\/wordpress\/wp-content\/uploads\/2018\/06\/JMLP-300x206.jpg 300w, https:\/\/www.leccecronaca.it\/wordpress\/wp-content\/uploads\/2018\/06\/JMLP-768x528.jpg 768w\" sizes=\"(max-width: 800px) 100vw, 800px\" \/>Riceviamo e volentieri pubblichiamo. Roberto Tundo ci scrive______<\/p>\n<p>ARRIVA &#8220;STORIA.RIVISTA&#8221;. SEGNALI DI MEMORIA A DESTRA.<br \/>\nNasce una nuova rivista. Di storia. Una rivista divulgativa e di approfondimento allo stesso tempo. Ambiziosa e unitaria.<br \/>\nIl suo nome \u00e8 Storia.Rivista. Un bimestrale. Ha poco meno di duecento pagine. La prima parte \u00e8 una miscellanea di articoli su uomini, idee, fatti che riguardano la destra in Italia e nel mondo; la seconda invece \u00e8 un dossier monotematico dedicato ad un evento, una ricorrenza, uno scenario raccontato e analizzato da un punto di visto di destra.<\/p>\n<p>Perch\u00e9 ambiziosa? Perch\u00e9, dicono in suoi realizzatori, la destra\u00a0oggi\u00a0dispersa sul piano politico e organizzativo deve ambiziosamente ritrovare i valori, le idee e le storie che l\u2019hanno tenuta unita e viva per tanto tempo.<\/p>\n<p>La destra deve\u00a0oggi\u00a0chiedere alla Storia, anzitutto alla sua Storia, le risposte necessarie per ritrovare il perduto linguaggio della propria unit\u00e0 e le ragioni profonde dello stare insieme, linguaggio e ragioni che le hanno consentito di far fronte con dignit\u00e0 al mondo che continuava a stringerla d\u2019assedio.<\/p>\n<p>E tutto questo \u00e8 assai ambizioso. Ma \u00e8 anche un progetto unitario. Perch\u00e9 non sar\u00e0 la voce soltanto di un \u201cpezzetto\u201d della destra diffusa che, pure, esiste. Sar\u00e0 la voce di tutte le esperienze ideali che hanno riempito la vita, i sogni, i progetti di questa area, che le hanno dato forza e che le hanno consentito di vivere il proprio tempo con fierezza e orgoglio quando tutto le era aspramente ostile. Quella coerenza ideale, quel senso fortissimo di appartenenza radicato nella sua gente costituiscono proprio\u00a0oggi\u00a0il patrimonio principale da recuperare ed al quale attingere per costruire le strade del futuro.<\/p>\n<p>&nbsp;<\/p>\n<p>Perch\u00e9 il nome Storia.Rivista?<\/p>\n<p>Rivista sta per riletta, ristudiata, rianalizzata, rivisitata. I promotori dicono di non volersi accontentare dei giudizi codificati, degli stereotipi morali imposti dal \u201cculturalmente corretto\u201d. La Storia, quella con la esse maiuscola, non cessa mai di parlare, di fornire elementi, spunti, materiali. Non cessa mai di essere interpretata, capita, giudicata. E\u2019un libro da aprire e riaprire sempre, da non accantonare mai. E\u2019un terreno da arare continuamente perch\u00e9 d\u00e0 sempre i suoi frutti. La Storia non \u00e8 solo passato; \u00e8 presente ed anche futuro. Un presente che non ha passato non avr\u00e0 mai futuro, si legge nella presentazione.<\/p>\n<p>L\u2019orizzonte nel quale si muove la rivista \u00e8 ampio, parte ovviamente dall\u2019Italia ma si dilata nel mondo, l\u00e0 dove c\u2019\u00e8 una destra da raccontare.<\/p>\n<p>Chi sono i promotori di questa avventura editoriale? Storia.Rivista \u00e8 diretta da Massimo Magliaro, ha un Comitato direttivo composto da Alessandro Amorese, Adalberto Baldoni, Mario Bozzi Sentieri, Roberto Rosseti e Marco Valle.<\/p>\n<p>Molti i collaboratori, soprattutto giovani. Anche esteri.<br \/>\nA pubblicarla \u00e8 la giovane e agguerrita casa editrice Eclettica Edizioni, di Massa, gi\u00e0 nota per aver dato alle stampe testi molto interessanti e di successo. Si tratta fra l\u2019altro della casa editrice che entro l\u2019anno pubblicher\u00e0 in esclusiva l\u2019edizione italiana delle \u201cMemoires\u201d di Jean-Marie Le Pen.<\/p>\n<p>Il primo numero, che verr\u00e0 presentato tra pochi giorni a Roma e poi via via nel resto d\u2019Italia, sia apre proprio con la pubblicazione in esclusiva (curata dal direttore, Magliaro) del capitolo delle Memorie di Le Pen dedicato alla nascita del Front National, cui la figlia, Marine, proprio in questi giorni ha deciso di cambiare nome (nella foto d&#8217; archivio, Jean-Marie Le Pen, con Giorgio Almirante, a Roma, al XIV congresso del Msi, il 29 novembre 1984, <strong>ndr<\/strong>).<\/p>\n<p>Questo primo numero, continua con la prima puntata di una documentatissima storia del Msi scritta da Baldoni, un inedito di Amorese sulla moneta clandestina stampata nel dopoguerra dal Msi di Apuania, il ritratto del primo \u201cfederale\u201d missino di Cagliari, Marigo, redatto da Giuseppe Serra, il racconto, firmato da Bozzi Sentieri, del ruolo avuto a destra dal quotidiano milanese della sera La Notte, un saggio di Nazzareno Mollicone sulla politica demografica del fascismo, una analisi della destra ungherese di ieri e di\u00a0oggi, fatta da Valle, e un inedito su Johnny Halliday, militante della destra francese.<\/p>\n<p>La seconda parte della rivista \u00e8 tutta dedicata al Sessantotto. Il dossier ha il titolo \u201cLa scimmia del \u201868\u201d. Vi figurano saggi e articoli di Baldoni, Gennaccari, Amorese, Rosseti, Volante, Barbetti e Magliaro. Arricchiscono il dossier le testimonianze di alcuni dei protagonisti di quei fatti (Tilgher, Gramazio, Gaudenzi, Pepe, Rochira, Marchal), una antologia di filosofi, storici, economisti, sociologi, saggisti (Spirito, D\u2019Eramo, Rasi, Ginsborg, Bedeschi, Vulpitta, Gnerre, Cipriani, Veneziani, De Mattei, Corr\u00eaa de Oliveira, Del Noce, De Turris, Bard\u00e9che, Duprat, Evola) e una tavola rotonda con la partecipazione di Pietro Cerullo, Gennaro Malgieri, Bozzi Sentieri e Adriano Scianca.<br \/>\nOgni numero di Storia.Rivista coster\u00e0 13 euro. L\u2019abbonamento annuo invece 60 euro. Il dossier del secondo numero, la cui uscita \u00e8 imminente, sar\u00e0 dedicato a Giorgio Almirante e a Pino Romualdi nel trentennale della loro morte.<\/p>\n<p>Per contatti:\u00a0info@ecletticaedizioni.com<\/p>\n<fb:like href='https:\/\/www.leccecronaca.it\/index.php\/2018\/06\/28\/cultura-editoria-arriva-storia-rivista\/' send='true' layout='button_count' show_faces='true' width='450' height='65' action='recommend' colorscheme='light' font='lucida grande'><\/fb:like><span class=\"fb_share\"><fb:like href=\"https:\/\/www.leccecronaca.it\/index.php\/2018\/06\/28\/cultura-editoria-arriva-storia-rivista\/\" layout=\"button_count\"><\/fb:like><\/span>","protected":false},"excerpt":{"rendered":"<p>Riceviamo e volentieri pubblichiamo. Roberto Tundo ci scrive______ ARRIVA &#8220;STORIA.RIVISTA&#8221;. SEGNALI DI MEMORIA A DESTRA. Nasce una nuova rivista. Di storia. Una rivista divulgativa e di approfondimento allo stesso tempo. Ambiziosa e unitaria. Il suo nome \u00e8 Storia.Rivista. Un bimestrale. Ha poco meno di duecento pagine. La prima parte \u00e8 una miscellanea di articoli su [&hellip;]<\/p>\n","protected":false},"author":4,"featured_media":140046,"comment_status":"open","ping_status":"closed","sticky":false,"template":"","format":"standard","meta":[],"categories":[31],"tags":[],"_links":{"self":[{"href":"https:\/\/www.leccecronaca.it\/index.php\/wp-json\/wp\/v2\/posts\/140045"}],"collection":[{"href":"https:\/\/www.leccecronaca.it\/index.php\/wp-json\/wp\/v2\/posts"}],"about":[{"href":"https:\/\/www.leccecronaca.it\/index.php\/wp-json\/wp\/v2\/types\/post"}],"author":[{"embeddable":true,"href":"https:\/\/www.leccecronaca.it\/index.php\/wp-json\/wp\/v2\/users\/4"}],"replies":[{"embeddable":true,"href":"https:\/\/www.leccecronaca.it\/index.php\/wp-json\/wp\/v2\/comments?post=140045"}],"version-history":[{"count":2,"href":"https:\/\/www.leccecronaca.it\/index.php\/wp-json\/wp\/v2\/posts\/140045\/revisions"}],"predecessor-version":[{"id":140048,"href":"https:\/\/www.leccecronaca.it\/index.php\/wp-json\/wp\/v2\/posts\/140045\/revisions\/140048"}],"wp:featuredmedia":[{"embeddable":true,"href":"https:\/\/www.leccecronaca.it\/index.php\/wp-json\/wp\/v2\/media\/140046"}],"wp:attachment":[{"href":"https:\/\/www.leccecronaca.it\/index.php\/wp-json\/wp\/v2\/media?parent=140045"}],"wp:term":[{"taxonomy":"category","embeddable":true,"href":"https:\/\/www.leccecronaca.it\/index.php\/wp-json\/wp\/v2\/categories?post=140045"},{"taxonomy":"post_tag","embeddable":true,"href":"https:\/\/www.leccecronaca.it\/index.php\/wp-json\/wp\/v2\/tags?post=140045"}],"curies":[{"name":"wp","href":"https:\/\/api.w.org\/{rel}","templated":true}]}}