{"id":140096,"date":"2018-06-29T18:55:34","date_gmt":"2018-06-29T16:55:34","guid":{"rendered":"http:\/\/www.leccecronaca.it\/?p=140096"},"modified":"2018-06-29T18:55:34","modified_gmt":"2018-06-29T16:55:34","slug":"la-spiaggia-per-i-disabili-a-san-foca","status":"publish","type":"post","link":"https:\/\/www.leccecronaca.it\/index.php\/2018\/06\/29\/la-spiaggia-per-i-disabili-a-san-foca\/","title":{"rendered":"LA SPIAGGIA PER I DISABILI A SAN FOCA"},"content":{"rendered":"<p><img decoding=\"async\" loading=\"lazy\" class=\"alignleft size-full wp-image-140097\" src=\"https:\/\/www.leccecronaca.it\/wordpress\/wp-content\/uploads\/2018\/06\/TERRAZZA_Generale_02.jpg\" alt=\"\" width=\"448\" height=\"323\" srcset=\"https:\/\/www.leccecronaca.it\/wordpress\/wp-content\/uploads\/2018\/06\/TERRAZZA_Generale_02.jpg 448w, https:\/\/www.leccecronaca.it\/wordpress\/wp-content\/uploads\/2018\/06\/TERRAZZA_Generale_02-300x216.jpg 300w\" sizes=\"(max-width: 448px) 100vw, 448px\" \/>Riceviamo e volentieri pubblichiamo. L&#8217; ufficio stampa dell&#8217; Asl di Lecce ci manda il seguente comunicato______<\/p>\n<p>Spiagge accessibili per i disabili, l\u2019idea dell\u2019Asl piace ai comuni<br \/>\nE il progetto \u201cIo Posso\u201d viene finanziato per il quarto anno<\/p>\n<p>Spiagge senza barriere e accessibili a tutti. Un impegno che la ASL di Lecce sta portando avanti dal 2015 e che comincia ad attirare l\u2019interesse dei Comuni e degli Ambiti di Zona, sempre pi\u00f9 sensibili ai temi dell\u2019integrazione dei disabili e alla libera fruizione del mare.<\/p>\n<p>Progetti da costruire insieme e percorsi gi\u00e0 intrapresi, che fanno da apripista. L\u2019ASL, infatti, per il quarto anno consecutivo ha concesso un contributo economico (20mila euro) al progetto \u201cIo Posso\u201d, che prevede anche per la stagione estiva 2018 la realizzazione, nella Marina di San Foca, di un\u2019area balneare libera, attrezzata, accessibile alle persone affette da SLA e fornita di adeguata assistenza infermieristica e di operatori socio sanitari.<\/p>\n<p>La delibera appena approvata conferma, in sostanza, il cammino comune con l\u2019Associazione 2HE e l\u2019Amministrazione comunale di Melendugno e, soprattutto, ribadisce l\u2019importanza delle finalit\u00e0 socio-sanitarie del progetto. Che per l\u2019ASL ha un valore aggiunto, non solo perch\u00e9 ha come obiettivo l\u2019eliminazione degli ostacoli che impediscono ai pazienti Sla di accedere alla spiaggia e al mare, ma perch\u00e9 rappresenta un seme capace di far germogliare nuove idee e progetti, oltre che una particolare sensibilit\u00e0 rispetto alle persone con disabilit\u00e0 neuromotorie.<\/p>\n<p>E\u2019 questo, del resto, il senso della sollecitazione lanciata gi\u00e0 un anno fa dalla Direzione Strategica aziendale e ribadita con determinazione nel maggio scorso in una lettera inviata ai sindaci presidenti degli Ambiti Sociali Territoriali. Nella missiva \u2013 firmata da Ottavio Narracci, Antonio Sanguedolce e Antonio Pastore \u2013 l\u2019ASL Lecce rimarca di ritenere \u201cl\u2019accesso alle spiagge e la fruizione del mare alle persone con diversa abilit\u00e0 motoria, un obiettivo socio sanitario rilevante\u201d e perci\u00f2 chiede ai presidenti degli Ambiti \u201cla disponibilit\u00e0 ad avviare collaborazioni in tale importante settore anche nella programmazione dei Piani di Zona\u201d.<\/p>\n<p>Una considerazione, sulla scorta del risultato positivo raggiunto a San Foca, che per l\u2019ASL dovrebbe rappresentare la ricaduta naturale a fronte degli \u201coltre 250 km di fascia costiera che il Salento offre\u201d. E lungo i quali un\u2019adeguata progettualit\u00e0 \u201cgarantirebbe i diritti di inclusione mediante l\u2019organizzazione di spiagge, attrezzature e operatori specializzati dedicati all\u2019assistenza potenziando, al contempo, l\u2019integrazione e la messa a sistema delle collaborazioni tra istituzioni, associazionismo e impresa turistica in un settore cos\u00ec importante\u201d. Il Comune di Lecce ha gi\u00e0 fatto pervenire la sua formale adesione e, in forma ufficiosa, anche l\u2019Ambito di Campi Salentina \u00e8 pronto a farlo.<\/p>\n<p>Il progetto \u201cIo Posso\u201d realizzato a Melendugno pu\u00f2 quindi essere un modello virtuoso anche per tante altre realt\u00e0. C\u2019\u00e8 bisogno, infatti, di rendere perfettamente fruibili ai diversamente abili gli accessi pubblici al mare esistenti, di predisporre percorsi idonei per raggiungere la battigia, realizzare pedane mobili, installare servizi igienici dedicati e postazioni di salvataggio a mare. E tutto ci\u00f2 va fatto per migliorare la qualit\u00e0 dei processi di erogazione dei servizi socio-sanitari in favore dei soggetti con disabilit\u00e0, su cui l\u2019ASL \u00e8 molto impegnata, ma anche per costruire un welfare locale inclusivo che coinvolga l\u2019azienda sanitaria e i comuni attraverso i Piani di Zona. La riflessione \u00e8 aperta e le prime risposte sono gi\u00e0 incoraggianti.<\/p>\n<fb:like href='https:\/\/www.leccecronaca.it\/index.php\/2018\/06\/29\/la-spiaggia-per-i-disabili-a-san-foca\/' send='true' layout='button_count' show_faces='true' width='450' height='65' action='recommend' colorscheme='light' font='lucida grande'><\/fb:like><span class=\"fb_share\"><fb:like href=\"https:\/\/www.leccecronaca.it\/index.php\/2018\/06\/29\/la-spiaggia-per-i-disabili-a-san-foca\/\" layout=\"button_count\"><\/fb:like><\/span>","protected":false},"excerpt":{"rendered":"<p>Riceviamo e volentieri pubblichiamo. L&#8217; ufficio stampa dell&#8217; Asl di Lecce ci manda il seguente comunicato______ Spiagge accessibili per i disabili, l\u2019idea dell\u2019Asl piace ai comuni E il progetto \u201cIo Posso\u201d viene finanziato per il quarto anno Spiagge senza barriere e accessibili a tutti. Un impegno che la ASL di Lecce sta portando avanti dal [&hellip;]<\/p>\n","protected":false},"author":4,"featured_media":140097,"comment_status":"open","ping_status":"closed","sticky":false,"template":"","format":"standard","meta":[],"categories":[1],"tags":[],"_links":{"self":[{"href":"https:\/\/www.leccecronaca.it\/index.php\/wp-json\/wp\/v2\/posts\/140096"}],"collection":[{"href":"https:\/\/www.leccecronaca.it\/index.php\/wp-json\/wp\/v2\/posts"}],"about":[{"href":"https:\/\/www.leccecronaca.it\/index.php\/wp-json\/wp\/v2\/types\/post"}],"author":[{"embeddable":true,"href":"https:\/\/www.leccecronaca.it\/index.php\/wp-json\/wp\/v2\/users\/4"}],"replies":[{"embeddable":true,"href":"https:\/\/www.leccecronaca.it\/index.php\/wp-json\/wp\/v2\/comments?post=140096"}],"version-history":[{"count":1,"href":"https:\/\/www.leccecronaca.it\/index.php\/wp-json\/wp\/v2\/posts\/140096\/revisions"}],"predecessor-version":[{"id":140098,"href":"https:\/\/www.leccecronaca.it\/index.php\/wp-json\/wp\/v2\/posts\/140096\/revisions\/140098"}],"wp:featuredmedia":[{"embeddable":true,"href":"https:\/\/www.leccecronaca.it\/index.php\/wp-json\/wp\/v2\/media\/140097"}],"wp:attachment":[{"href":"https:\/\/www.leccecronaca.it\/index.php\/wp-json\/wp\/v2\/media?parent=140096"}],"wp:term":[{"taxonomy":"category","embeddable":true,"href":"https:\/\/www.leccecronaca.it\/index.php\/wp-json\/wp\/v2\/categories?post=140096"},{"taxonomy":"post_tag","embeddable":true,"href":"https:\/\/www.leccecronaca.it\/index.php\/wp-json\/wp\/v2\/tags?post=140096"}],"curies":[{"name":"wp","href":"https:\/\/api.w.org\/{rel}","templated":true}]}}