{"id":140150,"date":"2018-07-01T00:05:20","date_gmt":"2018-06-30T22:05:20","guid":{"rendered":"http:\/\/www.leccecronaca.it\/?p=140150"},"modified":"2018-07-07T11:43:20","modified_gmt":"2018-07-07T09:43:20","slug":"le-leccecronache-di-raffaele-polo-sono-diventate-un-libro-digitale-formato-kindle-a-2-99-euro-su-amazon","status":"publish","type":"post","link":"https:\/\/www.leccecronaca.it\/index.php\/2018\/07\/01\/le-leccecronache-di-raffaele-polo-sono-diventate-un-libro-digitale-formato-kindle-a-2-99-euro-su-amazon\/","title":{"rendered":"LE LECCECRONACHE DI RAFFAELE POLO SONO DIVENTATE UN LIBRO. E-BOOK DIGITALE, A 2.99 EURO SU AMAZON"},"content":{"rendered":"<p><img decoding=\"async\" loading=\"lazy\" class=\"aligncenter size-full wp-image-140151\" src=\"https:\/\/www.leccecronaca.it\/wordpress\/wp-content\/uploads\/2018\/06\/rpolobuna.jpg\" alt=\"\" width=\"720\" height=\"720\" srcset=\"https:\/\/www.leccecronaca.it\/wordpress\/wp-content\/uploads\/2018\/06\/rpolobuna.jpg 720w, https:\/\/www.leccecronaca.it\/wordpress\/wp-content\/uploads\/2018\/06\/rpolobuna-300x300.jpg 300w, https:\/\/www.leccecronaca.it\/wordpress\/wp-content\/uploads\/2018\/06\/rpolobuna-150x150.jpg 150w, https:\/\/www.leccecronaca.it\/wordpress\/wp-content\/uploads\/2018\/06\/rpolobuna-60x60.jpg 60w\" sizes=\"(max-width: 720px) 100vw, 720px\" \/>(g.p.)______<em>&#8220;Certamente qualcuno mi potr\u00e0 obiettare di aver scoperto l\u2019acqua calda, anche se di questi tempi\u00a0 l\u2019acqua calda&#8217; pu\u00f2 far miracoli come attesta\u00a0\u00a0Carlo Dragonetti, lo studente italiano che ha conquistato la Cina&#8221;.<\/em><\/p>\n<p>Comincia cos\u00ec la dichiarazione che Stefano Donno, 43 anni, direttore delle Edizioni I Quaderni del Bardo,\u00a0 ha mandato a leccecronaca.it, per segnalarci il suo nuovo progetto. E ci fa felici, perch\u00e9 ci riguarda, sia pur indirettamnte, cos\u00ec come ci riguardano direttamente tutte le iniziative culturali che hanno per protagonisti artisti ed editori salentini, che, nel nostro piccolo, non ci stanchiamo mai di promuovere.<\/p>\n<p>Poi, cos\u00ec continua: <em>&#8220;Partiamo da alcune personali considerazioni. In Italia l\u2019alfabetizzazione digitale \u00e8 ancora lontana rispetto agli standard europei ed internazionali.\u00a0\u00a0Questo vale per l\u2019editoria digitale che occupa una buona parte di mercato italiano, ma non rende certo estremamente felici gli editori sul piano delle vendite.\u00a0\u00a0Ma\u00a0\u00a0il discorso vale anche per altre questioni pi\u00f9 prosaiche come la fatturazione digitale, che creer\u00e0 a buona parte di popolo imprenditoriale italiano qualche problema visto l\u2019alto analfabetismo tecnologico .\u00a0\u00a0<\/em><\/p>\n<p><em>La proposta di aprire un profilo Amazon Kindle per l\u2019autopubblicazione e proporre autori e opere di saggistica, narrativa e\u00a0\u00a0poesia \u00e8 un modo anche per la mia casa editrice di mettere sul &#8216;campo di battaglia&#8217; della Rete esordienti ed autori gi\u00e0 navigati a diretto contatto\u00a0\u00a0del pubblico internauta, per sondare quanti piacciono o meno i loro lavori. E poi chiss\u00e0 che alcuni di questi autori non passino sul cartaceo sotto il nostro marchio editoriale. Ora \u00e8 tutto in fase sperimentale. <\/em><\/p>\n<p><em>Ma cominciamo alla grande dalla fiducia accordatami da alcuni amici come il direttore di Leccecronaca.it, Giuseppe Puppo e lo scrittore Raffaele Polo grazie ai quali facciamo conoscere una raccolta di articoli su Lecce e le sue storie dal titolo Le Leccecronache di Raffaele Polo.\u00a0\u00a0Testo\u00a0\u00a0on line (ebook) sempre e per sempre disponibile. E ora non ci resta che aspettare reazioni, e nuove proposte!\u201d.<\/em><\/p>\n<p>***<\/p>\n<p>Cos\u00ec, LE LECCECRONACHE di Raffaele Polo, 66 anni, affermato scrittore e infaticabile animatore culturale, che ci onoriamo di avere quale nostro redattore, e critico letterario, sono diventate un libro.<\/p>\n<p>A nemmeno un anno dall&#8217; inizio della &#8216;serie&#8217;.<\/p>\n<p>Era l&#8217; 11 settembre 2017, infatti, quando egli cominci\u00f2, con un &#8216;pezzo&#8217; sul Caff\u00e8 Alvino di piazza Sant&#8217; Oronzo.<\/p>\n<p>***<\/p>\n<p>Nostalgia, s\u00ec: nostalghia alla Tarkowskij, o nostalgia nostalgia canaglia, per citare un altro intellettuale\u2026<br \/>\nIo lo so.<br \/>\nRaffaele Polo era uno degli \u2018Alvino boys\u2019 che in quella Lecce trepida e sapida degli anni Settanta imparavano da don Ernesto il mestiere, e la Vita.<br \/>\nPersonalmente, non posso sapere, se non delle foto ingiallite con dedica, dei rapporti pregressi con i Marinetti e con i Prezzolini, n\u00e9 di quelli con i tanti futuri giornalisti dalla met\u00e0 degli anni Cinquanta, alla met\u00e0 degli anni Settanta.<br \/>\nMa posso testimoniare di una generazione, 1\u2019ultima che Ernesto Alvino tenne a battesimo: di quando sbuffava, perch\u00e9 erano sempre troppo lunghi, prima di sottoporli a una drastica cura dimagrante, di fronte agli articoli che gli mandava per posta da un vicino paese della Puglia Marcello Veneziani; di quando gelava con una delle sue battute fulminanti le esuberanze dottrinarie e ideologiche di Alfredo Mantovano; di quando sorrideva, chiss\u00e0 se per celia, o per compiacimento, sugli scritti corsari di Mario Bozzi Sentieri.<br \/>\nE quando affidava all\u2019 onore della prestigiosa terza pagina la rubrica che Raffaele Polo firmava ogni settimana con Giancipoli.<br \/>\nGite nell\u2019 irreale, si chiamava.<\/p>\n<p>Oggi, quaranta anni dopo, Raffaele Polo ne ha fatta altre, di gite letterarie, e nel reale.<br \/>\nCome Swann di Marcel Proust, invece delle madeleine ha cercato i mitici pasticiotti; o, di volta in volta, le zeppole, le polpette, e la mimosa.<\/p>\n<p>Si \u00e8 misurato con le stagioni, con le opere e i giorni, con le ricorrenze, con le scadenze, con le dimensioni interiori, con i vizi privati e le pubbliche virt\u00f9, e con quell&#8217; oscuro oggetto del desiderio della nostra identit\u00e0 quotidiana, in quello che abbiamo imparato a chiamare immaginario collettivo, e, nella fattispecie, salentino.<\/p>\n<p>Con grazia, con leggerezza, quella leggerezza naive ereditata da don Ernesto, ma con il suo stesso spessore, quella sostenibile leggerezza dell&#8217; essere, e dello scrivere, e quel rigore morale che egli insegnava e testimoniava.<\/p>\n<p>Io&#8230;Io spero solo che ora LE LECCECRONACHE di Raffaele Polo continuino, a cadenza settimanale, come continua a parte lo straordinario repertorio di poeti e scrittori salentini che gli sta componendo sulle nostre&#8230;colonne, virtuali, oddio, quando cominciammo le colonne, di piombo, c&#8217;erano davvero, nei giornali, e le correggevamo in bozze sulle striscioline di carta verde delle tipografia.<\/p>\n<p>Non per il passato, Raffaele, ma per il futuro.<\/p>\n<p>E intanto chi voglia regalarsi al modico costo di 2.99 qualche ora di puro piacere culturale, vada a ordinare su<br \/>\n<a href=\"https:\/\/www.amazon.it\/Leccecronache-Raffaele-Polo-ebook\/dp\/B07F19XZ5N\/ref=sr_1_1?s=digital-text&amp;ie=UTF8&amp;qid=1530346799&amp;sr=1-1&amp;keywords=raffaele+polo\">https:\/\/www.amazon.it\/Leccecronache-Raffaele-Polo-ebook\/dp\/B07F19XZ5N\/ref=sr_1_1?s=digital-text&amp;ie=UTF8&amp;qid=1530346799&amp;sr=1-1&amp;keywords=raffaele+polo<\/a><\/p>\n<p>&#8220;Imperdibile&#8221;, s\u00ec. Esattamente questo.______<\/p>\n<p><img decoding=\"async\" loading=\"lazy\" class=\"aligncenter size-full wp-image-140152\" src=\"https:\/\/www.leccecronaca.it\/wordpress\/wp-content\/uploads\/2018\/06\/COVERPOLO.jpg\" alt=\"\" width=\"314\" height=\"500\" srcset=\"https:\/\/www.leccecronaca.it\/wordpress\/wp-content\/uploads\/2018\/06\/COVERPOLO.jpg 314w, https:\/\/www.leccecronaca.it\/wordpress\/wp-content\/uploads\/2018\/06\/COVERPOLO-188x300.jpg 188w\" sizes=\"(max-width: 314px) 100vw, 314px\" \/><\/p>\n<p>______<\/p>\n<p>LA RICERCA nel nostro articolo del 28 giugno, l&#8217; ultima LECCECRONACHE pubblicata<\/p>\n<blockquote class=\"wp-embedded-content\" data-secret=\"dgfASaiIIq\"><p><a href=\"https:\/\/www.leccecronaca.it\/index.php\/2018\/06\/28\/leccecronache-festa-di-pensionamento\/\">LECCECRONACHE \/ FESTA DI PENSIONAMENTO<\/a><\/p><\/blockquote>\n<p><iframe class=\"wp-embedded-content\" sandbox=\"allow-scripts\" security=\"restricted\" style=\"position: absolute; clip: rect(1px, 1px, 1px, 1px);\" src=\"https:\/\/www.leccecronaca.it\/index.php\/2018\/06\/28\/leccecronache-festa-di-pensionamento\/embed\/#?secret=dgfASaiIIq\" data-secret=\"dgfASaiIIq\" width=\"500\" height=\"282\" title=\"&#8220;LECCECRONACHE \/ FESTA DI PENSIONAMENTO&#8221; &#8212; LecceCronaca.it\" frameborder=\"0\" marginwidth=\"0\" marginheight=\"0\" scrolling=\"no\"><\/iframe><\/p>\n<fb:like href='https:\/\/www.leccecronaca.it\/index.php\/2018\/07\/01\/le-leccecronache-di-raffaele-polo-sono-diventate-un-libro-digitale-formato-kindle-a-2-99-euro-su-amazon\/' send='true' layout='button_count' show_faces='true' width='450' height='65' action='recommend' colorscheme='light' font='lucida grande'><\/fb:like><span class=\"fb_share\"><fb:like href=\"https:\/\/www.leccecronaca.it\/index.php\/2018\/07\/01\/le-leccecronache-di-raffaele-polo-sono-diventate-un-libro-digitale-formato-kindle-a-2-99-euro-su-amazon\/\" layout=\"button_count\"><\/fb:like><\/span>","protected":false},"excerpt":{"rendered":"<p>(g.p.)______&#8220;Certamente qualcuno mi potr\u00e0 obiettare di aver scoperto l\u2019acqua calda, anche se di questi tempi\u00a0 l\u2019acqua calda&#8217; pu\u00f2 far miracoli come attesta\u00a0\u00a0Carlo Dragonetti, lo studente italiano che ha conquistato la Cina&#8221;. Comincia cos\u00ec la dichiarazione che Stefano Donno, 43 anni, direttore delle Edizioni I Quaderni del Bardo,\u00a0 ha mandato a leccecronaca.it, per segnalarci il suo [&hellip;]<\/p>\n","protected":false},"author":4,"featured_media":140151,"comment_status":"open","ping_status":"closed","sticky":false,"template":"","format":"standard","meta":[],"categories":[31,75,57],"tags":[],"_links":{"self":[{"href":"https:\/\/www.leccecronaca.it\/index.php\/wp-json\/wp\/v2\/posts\/140150"}],"collection":[{"href":"https:\/\/www.leccecronaca.it\/index.php\/wp-json\/wp\/v2\/posts"}],"about":[{"href":"https:\/\/www.leccecronaca.it\/index.php\/wp-json\/wp\/v2\/types\/post"}],"author":[{"embeddable":true,"href":"https:\/\/www.leccecronaca.it\/index.php\/wp-json\/wp\/v2\/users\/4"}],"replies":[{"embeddable":true,"href":"https:\/\/www.leccecronaca.it\/index.php\/wp-json\/wp\/v2\/comments?post=140150"}],"version-history":[{"count":6,"href":"https:\/\/www.leccecronaca.it\/index.php\/wp-json\/wp\/v2\/posts\/140150\/revisions"}],"predecessor-version":[{"id":140164,"href":"https:\/\/www.leccecronaca.it\/index.php\/wp-json\/wp\/v2\/posts\/140150\/revisions\/140164"}],"wp:featuredmedia":[{"embeddable":true,"href":"https:\/\/www.leccecronaca.it\/index.php\/wp-json\/wp\/v2\/media\/140151"}],"wp:attachment":[{"href":"https:\/\/www.leccecronaca.it\/index.php\/wp-json\/wp\/v2\/media?parent=140150"}],"wp:term":[{"taxonomy":"category","embeddable":true,"href":"https:\/\/www.leccecronaca.it\/index.php\/wp-json\/wp\/v2\/categories?post=140150"},{"taxonomy":"post_tag","embeddable":true,"href":"https:\/\/www.leccecronaca.it\/index.php\/wp-json\/wp\/v2\/tags?post=140150"}],"curies":[{"name":"wp","href":"https:\/\/api.w.org\/{rel}","templated":true}]}}