{"id":140262,"date":"2018-07-03T17:56:14","date_gmt":"2018-07-03T15:56:14","guid":{"rendered":"http:\/\/www.leccecronaca.it\/?p=140262"},"modified":"2018-07-03T17:56:14","modified_gmt":"2018-07-03T15:56:14","slug":"maggior-rispetto-per-le-dune-di-porto-cesareo","status":"publish","type":"post","link":"https:\/\/www.leccecronaca.it\/index.php\/2018\/07\/03\/maggior-rispetto-per-le-dune-di-porto-cesareo\/","title":{"rendered":"MAGGIOR RISPETTO PER LE DUNE DI PORTO CESAREO"},"content":{"rendered":"<p><img decoding=\"async\" loading=\"lazy\" class=\"aligncenter size-full wp-image-140263\" src=\"https:\/\/www.leccecronaca.it\/wordpress\/wp-content\/uploads\/2018\/07\/le-dune-porto-cesareo.jpg\" alt=\"\" width=\"1600\" height=\"590\" srcset=\"https:\/\/www.leccecronaca.it\/wordpress\/wp-content\/uploads\/2018\/07\/le-dune-porto-cesareo.jpg 1600w, https:\/\/www.leccecronaca.it\/wordpress\/wp-content\/uploads\/2018\/07\/le-dune-porto-cesareo-300x111.jpg 300w, https:\/\/www.leccecronaca.it\/wordpress\/wp-content\/uploads\/2018\/07\/le-dune-porto-cesareo-1024x378.jpg 1024w, https:\/\/www.leccecronaca.it\/wordpress\/wp-content\/uploads\/2018\/07\/le-dune-porto-cesareo-768x283.jpg 768w, https:\/\/www.leccecronaca.it\/wordpress\/wp-content\/uploads\/2018\/07\/le-dune-porto-cesareo-1536x566.jpg 1536w\" sizes=\"(max-width: 1600px) 100vw, 1600px\" \/>Riceviamo e volentieri pubblichiamo. L&#8217; avvocato Alessandro Presicce, presidente dell&#8217; associazione dei consumatori Adoc, ci manda il seguente comunicato______<\/p>\n<p>Con l\u2019arrivo dell\u2019estate le spiagge e i litorali salentini vengono presi d\u2019assalto da locali e da turisti.\u00a0Le nostre localit\u00e0 marittime sono, infatti, tra le pi\u00f9 belle del Paese, ma \u00e8 proprio in questi momenti che, forse, ci si dimentica di quanto sia importante tutelarle, non deturparle o, peggio ancora, inquinarle.<\/p>\n<p>La stagione estiva 2018 per noi di Adoc si apre, purtroppo, una nota negativa: siamo a Porto Cesareo, precisamente nel tratto di spiaggia libera situato tra la concessione &#8220;Tab\u00f9&#8221; e la concessione &#8220;Le Dune&#8221; e notiamo che non pochi cittadini hanno scelto di posizionare i propri\u00a0ombrelloni al di l\u00e0 della staccionata in legno, che invece ha proprio la funzione di delimitare l\u2019area a protezione della vegetazione l\u00ec presente e delle dune e che, pertanto, vieta la sosta dei bagnanti.<\/p>\n<p>Non abbiamo potuto non notare che in alcuni casi gli ombrelloni vengono posizionati proprio sulla sommit\u00e0 delle dune, nel bel mezzo della preziosa vegetazione psammofila.\u00a0Occorre precisare che un simile comportamento, oltre a distruggere lentamente l&#8217;antichissima duna costiera, \u00e8 illegale e vietato da apposite ordinanze.<\/p>\n<p>Non manca nemmeno, purtroppo, chi, forse credendosi pi\u00f9 furbo degli altri, sceglie di raggiungere la spiaggia non attraverso i percorsi consentiti. Infatti, come abbiamo potuto constatare, le\u00a0staccionate\u00a0poste a protezione dei percorsi pedonali di attraversamento della duna da via dei Bacini sono, in alcuni punti,\u00a0divelte, consentendo cos\u00ec l&#8217;attraversamento della duna tramite altri percorsi, per cos\u00ec dire, \u201calternativi&#8221;, che sono gravemente distruttivi della duna stessa. Anche\u00a0i cartelli che vietano lo scavalco della staccionata e la permanenza al di l\u00e0 di essa sono stati in gran parte divelti.<\/p>\n<p>Proprio alla luce per contrastare queste cattive pratiche, incivili e irrispettose del prezioso ambiente che ci circonda, Adoc fa appello alle Autorit\u00e0 della zona, ciascuna per la propria area di competenza, a partire dal Sindaco e dal Responsabile della Riserva &#8220;Palude del Conte &#8211; Duna Costiera&#8221;, auspicando un loro intervento nel pi\u00f9 breve tempo possibile, considerando soprattutto che l\u2019alta stagione \u00e8 ormai alle porte.<\/p>\n<p>Purtroppo i sistemi di protezione dunale sono spesso sotto attacco dei vandali e anche le delimitazioni poste a tutela delle dune del litorale sud di Gallipoli, anche quelle nella zona di Parco del Pizzo, meritano manutenzione e sorveglianza da parte delle Autorit\u00e0 preposte. Una duna si costruisce in millenni; per distruggerla bastano pochi anni di incuria!<\/p>\n<p>\u00c8 necessario, infatti,\u00a0provvedere alla manutenzione degli attraversamenti protetti della duna, ricostruire la staccionata nelle parti in cui \u00e8 stata divelta. Occorre ripristinare ed intensificare la segnaletica di divieto di scavalco della staccionata protettiva delle dune.\u00a0Laddove sia indispensabile non dovrebbe escludersi un\u2019intensificazione di vigilanza e sorveglianza affinch\u00e9 nessuno stazioni o pianti ombrelloni sulle dune.<\/p>\n<p>Allo stesso tempo, Adoc, confida anche nella sensibilit\u00e0, attenzione e cura di tutti coloro, turisti e non, che fanno un buon uso dell\u2019ambiente che li circonda, rispettando, civilmente, la naturale bellezza della nostra terra.<\/p>\n<p>&nbsp;<\/p>\n<p>&nbsp;<\/p>\n<p>&nbsp;<\/p>\n<p>&nbsp;<\/p>\n<fb:like href='https:\/\/www.leccecronaca.it\/index.php\/2018\/07\/03\/maggior-rispetto-per-le-dune-di-porto-cesareo\/' send='true' layout='button_count' show_faces='true' width='450' height='65' action='recommend' colorscheme='light' font='lucida grande'><\/fb:like><span class=\"fb_share\"><fb:like href=\"https:\/\/www.leccecronaca.it\/index.php\/2018\/07\/03\/maggior-rispetto-per-le-dune-di-porto-cesareo\/\" layout=\"button_count\"><\/fb:like><\/span>","protected":false},"excerpt":{"rendered":"<p>Riceviamo e volentieri pubblichiamo. L&#8217; avvocato Alessandro Presicce, presidente dell&#8217; associazione dei consumatori Adoc, ci manda il seguente comunicato______ Con l\u2019arrivo dell\u2019estate le spiagge e i litorali salentini vengono presi d\u2019assalto da locali e da turisti.\u00a0Le nostre localit\u00e0 marittime sono, infatti, tra le pi\u00f9 belle del Paese, ma \u00e8 proprio in questi momenti che, forse, [&hellip;]<\/p>\n","protected":false},"author":4,"featured_media":140263,"comment_status":"open","ping_status":"closed","sticky":false,"template":"","format":"standard","meta":[],"categories":[1],"tags":[],"_links":{"self":[{"href":"https:\/\/www.leccecronaca.it\/index.php\/wp-json\/wp\/v2\/posts\/140262"}],"collection":[{"href":"https:\/\/www.leccecronaca.it\/index.php\/wp-json\/wp\/v2\/posts"}],"about":[{"href":"https:\/\/www.leccecronaca.it\/index.php\/wp-json\/wp\/v2\/types\/post"}],"author":[{"embeddable":true,"href":"https:\/\/www.leccecronaca.it\/index.php\/wp-json\/wp\/v2\/users\/4"}],"replies":[{"embeddable":true,"href":"https:\/\/www.leccecronaca.it\/index.php\/wp-json\/wp\/v2\/comments?post=140262"}],"version-history":[{"count":1,"href":"https:\/\/www.leccecronaca.it\/index.php\/wp-json\/wp\/v2\/posts\/140262\/revisions"}],"predecessor-version":[{"id":140264,"href":"https:\/\/www.leccecronaca.it\/index.php\/wp-json\/wp\/v2\/posts\/140262\/revisions\/140264"}],"wp:featuredmedia":[{"embeddable":true,"href":"https:\/\/www.leccecronaca.it\/index.php\/wp-json\/wp\/v2\/media\/140263"}],"wp:attachment":[{"href":"https:\/\/www.leccecronaca.it\/index.php\/wp-json\/wp\/v2\/media?parent=140262"}],"wp:term":[{"taxonomy":"category","embeddable":true,"href":"https:\/\/www.leccecronaca.it\/index.php\/wp-json\/wp\/v2\/categories?post=140262"},{"taxonomy":"post_tag","embeddable":true,"href":"https:\/\/www.leccecronaca.it\/index.php\/wp-json\/wp\/v2\/tags?post=140262"}],"curies":[{"name":"wp","href":"https:\/\/api.w.org\/{rel}","templated":true}]}}