{"id":140360,"date":"2018-07-07T00:02:43","date_gmt":"2018-07-06T22:02:43","guid":{"rendered":"http:\/\/www.leccecronaca.it\/?p=140360"},"modified":"2018-07-07T15:35:06","modified_gmt":"2018-07-07T13:35:06","slug":"convegno-lunedi-9-da-fare-comporre-predisporre","status":"publish","type":"post","link":"https:\/\/www.leccecronaca.it\/index.php\/2018\/07\/07\/convegno-lunedi-9-da-fare-comporre-predisporre\/","title":{"rendered":"CONVEGNO SU XYLELLA, USO DEI PESTICIDI IN AGRICOLTURA, E RISCHI SANITARI A LECCE LUNEDI&#8217; 9"},"content":{"rendered":"<p><img decoding=\"async\" loading=\"lazy\" class=\"aligncenter wp-image-140450\" src=\"https:\/\/www.leccecronaca.it\/wordpress\/wp-content\/uploads\/2018\/07\/CO.jpg\" alt=\"\" width=\"900\" height=\"1308\" srcset=\"https:\/\/www.leccecronaca.it\/wordpress\/wp-content\/uploads\/2018\/07\/CO.jpg 280w, https:\/\/www.leccecronaca.it\/wordpress\/wp-content\/uploads\/2018\/07\/CO-206x300.jpg 206w\" sizes=\"(max-width: 900px) 100vw, 900px\" \/>Luned\u00ec 9 luglio, alle ore 9.00, fino alle 17.00, si terr\u00e0 a Lecce, presso l\u2019Hilton Garden Hill, il convegno \u201cXylella, Pesticidi: rischi sanitari\u201d, organizzato dalla sezione leccese di ISDE \u2013 International Society of Doctors for the Environment.<\/p>\n<p>Il \u201cDecreto Martina\u201d, nato come risposta delle istituzioni al problema della \u201cXylella fastidiosa\u201c nel Salento, impone l\u2019utilizzo di pesticidi di riconosciuta dannosit\u00e0 per la biodiversit\u00e0, per la sicurezza alimentare e per la salute umana, in un territorio gi\u00e0 gravato da criticit\u00e0 ambientali e sanitarie. Tale provvedimento v\u00ecola i principi di prevenzione e precauzione ed ha incontrato l\u2019 opposizione di diverse amministrazioni comunali, di tante associazioni e di moltissimi cittadini.<\/p>\n<p>ISDE ha voluto organizzare questo convegno, aperto al pubblico, per cercare di rimettere in ordine le evidenze scientifiche disponibili, dalle quali auspicabilmente ripartire per discutere sul metodo e nel merito di questa spiacevole vicenda.<\/p>\n<p>Durante l\u2019 incontro saranno illustrate le motivazioni per le quali ISDE ha chiesto al Governo l\u2019abrogazione del Decreto Martina\u00a0e gli scenari possibili qualora questo non dovesse avvenire.<\/p>\n<p>All\u2019incontro sono stati invitati il Presidente dell\u2019 Ordine dei Medici di Lecce, dr. Donato De Giorgi e, in rappresentanza del Sindaco di Lecce, l\u2019 Assessore all\u2019 Igiene ed Ambiente, avv. Carlo Mignone.<\/p>\n<p>Il dibattito sar\u00e0 introdotto dal dr. Sergio Mangia (M. Medicina generale, ISDE Lecce) e moderato dalla dr.ssa Tiziana Colluto (giornalista, Presidente associazione \u201cCasa delle AgriCulture di Tullia e Gino\u201d), dalla dr.ssa Elisabetta de Matteis (oncologa del P.O. \u201cV Fazzi\u201d di Lecce) e dalla dr.ssa Maria Lucia Santoro (pediatra, referente FIMP ambiente e CREIS).<\/p>\n<p>Interverranno:<\/p>\n<p>Dr. Giovanni De Filippis,\u200b Presidente Commissione Ambiente e Salute dell\u2019 Ordine dei Medici di Lecce, Direttore del Dipartimento Igiene e Prevenzione, Asl Lecce, \u201cLe azioni di Prevenzione Primaria della ASL Le per le attivit\u00e0 antropiche a rischio per ambiente e salute\u201d<\/p>\n<p>Dr.ssa Patrizia Gentilini, Oncoematologo di Forl\u00ec, Membro Comitato Scientifico Isde Italia, responsabile Ufficio Presidenza Isde Italia, \u201cPesticidi: effetti sanitari e sull\u2019ecosistema\u201d<\/p>\n<p>Dr.ssa Maria Lucia Santoro, Pediatra, referente FIMP ambiente, CREIS, \u201c\u200bI bambini non sono adulti in miniatura\u201d<\/p>\n<p>Dr.ssa Maria Grazia Serra, Oftalmologa pediatrica, Presidente Isde Taranto, Coordinatrice Nazionale del \u201cProgetto Scuola\u201d di Isde Italia, \u201c\u200bNeonicotinoidi: se muoiono le api, muore il futuro\u201d<\/p>\n<p>Dr. Agostino Di Ciaula, \u200b Presidente Comitato Scientifico ISDE International, presidente ISDE Puglia, vice-president ISDE for Europe, \u201cPossibili rischi sanitari del Decreto Martina\u201d<\/p>\n<p>Prof. Michele Carducci, Ordinario di Diritto Costituzionale Comparato, UniSalento \u201c\u200bIl caso Xylella: una questione costituzionale\u201d<\/p>\n<p>Dr.ssa Tiziana Colluto, Giornalista, presidente associazione \u201cCasa delle AgriCulture Tullia e Gino\u201d, \u201c\u200bPesticidi. C\u2019\u00e8 chi li chiama ancora \u201cla medicina\u201d. L\u2019importanza delle parole\u201d<\/p>\n<p>Dr.ssa Luana Gualtieri, M. Medicina generale, referente Associazione Italiana Donne Medico \u201cMedico di medicina generale, ambiente e salute\u201d<\/p>\n<p>Dr.ssa Cristina Mangia, \u200b Ricercatrice ISAC-CNR, Lecce, \u201cAmbiente, salute e ricerca scientifica\u201d<\/p>\n<p>Dr.ssa Assunta Tornesello, \u200b Direttore U.O. Oncoematologia pediatrica, P.O. \u201cV Fazzi\u201d, \u201cQuando si ammala un bambino\u201d<\/p>\n<p>Prof. Nicola Grasso, Associato di Diritto Costituzionale, UniSalento, \u201c\u200bLa tutela giurisdizionale dei diritti nella vicenda Xylella\u201d<\/p>\n<p>Prof. Pietro Perrino, Dirigente Ricerca C.N.R. , gi\u00e0 Direttore Istituto del Germoplasma, CNR Bari, \u201c\u200bLa Xylella non \u00e8 la vera causa del CoDIRO\u201d<\/p>\n<p>Dr. Luigi Russo, Giornalista, presidente CSV Salento, \u201c\u200bAmbiente, salute, informazione: il ruolo della cittadinanza attiva\u201d<\/p>\n<p>&nbsp;<\/p>\n<p>&nbsp;<\/p>\n<p>&nbsp;<\/p>\n<p>&nbsp;<\/p>\n<p>&nbsp;<\/p>\n<p>&nbsp;<\/p>\n<p>&nbsp;<\/p>\n<p>&nbsp;<\/p>\n<p>&nbsp;<\/p>\n<p>&nbsp;<\/p>\n<p>&nbsp;<\/p>\n<p>&nbsp;<\/p>\n<p>&nbsp;<\/p>\n<p>Per Informazioni:<\/p>\n<p>Associazione Medici per l&#8217;Ambiente &#8211; ISDE Lecce<\/p>\n<p>via Nazario Sauro, 31, 73100 Lecce LE<\/p>\n<p>Tel: 3208913264<\/p>\n<p>E-mail: dr.sergiomangia@gmail.com<\/p>\n<p>&nbsp;<\/p>\n<p>&nbsp;<\/p>\n<p>3 luglio 2018<\/p>\n<fb:like href='https:\/\/www.leccecronaca.it\/index.php\/2018\/07\/07\/convegno-lunedi-9-da-fare-comporre-predisporre\/' send='true' layout='button_count' show_faces='true' width='450' height='65' action='recommend' colorscheme='light' font='lucida grande'><\/fb:like><span class=\"fb_share\"><fb:like href=\"https:\/\/www.leccecronaca.it\/index.php\/2018\/07\/07\/convegno-lunedi-9-da-fare-comporre-predisporre\/\" layout=\"button_count\"><\/fb:like><\/span>","protected":false},"excerpt":{"rendered":"<p>Luned\u00ec 9 luglio, alle ore 9.00, fino alle 17.00, si terr\u00e0 a Lecce, presso l\u2019Hilton Garden Hill, il convegno \u201cXylella, Pesticidi: rischi sanitari\u201d, organizzato dalla sezione leccese di ISDE \u2013 International Society of Doctors for the Environment. Il \u201cDecreto Martina\u201d, nato come risposta delle istituzioni al problema della \u201cXylella fastidiosa\u201c nel Salento, impone l\u2019utilizzo di [&hellip;]<\/p>\n","protected":false},"author":4,"featured_media":140450,"comment_status":"open","ping_status":"closed","sticky":false,"template":"","format":"standard","meta":[],"categories":[69,75],"tags":[],"_links":{"self":[{"href":"https:\/\/www.leccecronaca.it\/index.php\/wp-json\/wp\/v2\/posts\/140360"}],"collection":[{"href":"https:\/\/www.leccecronaca.it\/index.php\/wp-json\/wp\/v2\/posts"}],"about":[{"href":"https:\/\/www.leccecronaca.it\/index.php\/wp-json\/wp\/v2\/types\/post"}],"author":[{"embeddable":true,"href":"https:\/\/www.leccecronaca.it\/index.php\/wp-json\/wp\/v2\/users\/4"}],"replies":[{"embeddable":true,"href":"https:\/\/www.leccecronaca.it\/index.php\/wp-json\/wp\/v2\/comments?post=140360"}],"version-history":[{"count":3,"href":"https:\/\/www.leccecronaca.it\/index.php\/wp-json\/wp\/v2\/posts\/140360\/revisions"}],"predecessor-version":[{"id":140451,"href":"https:\/\/www.leccecronaca.it\/index.php\/wp-json\/wp\/v2\/posts\/140360\/revisions\/140451"}],"wp:featuredmedia":[{"embeddable":true,"href":"https:\/\/www.leccecronaca.it\/index.php\/wp-json\/wp\/v2\/media\/140450"}],"wp:attachment":[{"href":"https:\/\/www.leccecronaca.it\/index.php\/wp-json\/wp\/v2\/media?parent=140360"}],"wp:term":[{"taxonomy":"category","embeddable":true,"href":"https:\/\/www.leccecronaca.it\/index.php\/wp-json\/wp\/v2\/categories?post=140360"},{"taxonomy":"post_tag","embeddable":true,"href":"https:\/\/www.leccecronaca.it\/index.php\/wp-json\/wp\/v2\/tags?post=140360"}],"curies":[{"name":"wp","href":"https:\/\/api.w.org\/{rel}","templated":true}]}}