{"id":140770,"date":"2018-07-13T12:55:08","date_gmt":"2018-07-13T10:55:08","guid":{"rendered":"http:\/\/www.leccecronaca.it\/?p=140770"},"modified":"2018-07-13T18:11:26","modified_gmt":"2018-07-13T16:11:26","slug":"i-cobas-scrivono-a-barbara-lezzi-sul-precariato","status":"publish","type":"post","link":"https:\/\/www.leccecronaca.it\/index.php\/2018\/07\/13\/i-cobas-scrivono-a-barbara-lezzi-sul-precariato\/","title":{"rendered":"I COBAS SCRIVONO A BARBARA LEZZI SUL PRECARIATO"},"content":{"rendered":"<p><img decoding=\"async\" loading=\"lazy\" class=\"aligncenter wp-image-140771\" src=\"https:\/\/www.leccecronaca.it\/wordpress\/wp-content\/uploads\/2018\/07\/unisalento-300x224.jpg\" alt=\"\" width=\"600\" height=\"448\" \/>Riceviamo e volentieri pubblichiamo. CONFEDERAZIONE COBAS,\u00a0Comitati di Base della Scuola, Universit\u00e0 e Ricerca, ci manda per conoscenza questa lettera aperta indirizzata\u00a0al Ministro per il Sud Barbara Lezzi______<\/p>\n<p>Gent.ma Onorevole Ministra,<\/p>\n<p>l\u2019occasione della Sua presenza nel nostro Ateneo, alla presentazione della nuova offerta formativa, fissata in data odierna, ci offre la possibilit\u00e0 di rappresentarLe le diverse criticit\u00e0 che affliggono il nostro Ateneo cos\u00ec come altri Atenei del Sud.<\/p>\n<p>A cominciare dalla grave carenza di risorse finanziarie per poi passare al fenomeno del precariato della Ricerca e via di seguito.<\/p>\n<p>Come adeguatamente riportato nel programma elettorale del Movimento 5 Stelle, cui Lei appartiene, l\u2019Italia \u00e8 il Paese che utilizza meno risorse in istruzione e in particolare nell&#8217;istruzione universitaria, in quanto la spesa corrisponde allo 0,3% del Pil, a fronte dello 0,8% della media UE, mentre, in riferimento alla spesa pubblica, il nostro Paese spende soltanto lo 0,7% rispetto all\u20191,6% della media UE.<\/p>\n<p>Questa grave carenza di risorse si avverte in maniera ancora pi\u00f9 rilevante nelle Universit\u00e0, come la nostra, che ricadono in un territorio economicamente svantaggiato e meno sviluppato.<\/p>\n<p>Come riportato sempre nel programma elettorale lo Stato dovrebbe invece assicurare a tutti gli Atenei un finanziamento adeguato al loro funzionamento perch\u00e9 \u00e8 da questo sistema che dipende lo sviluppo economico, culturale e sociale del Paese.<\/p>\n<p>\u00c8 assolutamente condivisibile, ed \u00e8 ci\u00f2 che chiediamo anche noi, la \u201cvisione di un sistema universitario equo, diffuso, sempre pi\u00f9 accessibile e in continuo e costruttivo dialogo con la societ\u00e0 e il territorio che lo circonda\u201d.<\/p>\n<p>\u00c8 proprio in quest\u2019ottica che l\u2019Universit\u00e0 del Salento sta promuovendo in questi ultimi anni un\u2019offerta formativa che guardi alle esigenze e vocazioni del Territorio salentino ma che potrebbe rappresentare un\u2019opportunit\u00e0 anche per dimensioni pi\u00f9 ampie. E queste scelte andrebbero incoraggiate e premiate anche dal punto di vista finanziario.<\/p>\n<p>Ci si attende che il Governo del cambiamento voglia davvero invertire la rotta degli ultimi anni incrementando le risorse finanziarie da destinare alla formazione e alla ricerca, perch\u00e9 \u00e8 da qui che passa il progresso e il futuro dell\u2019intero Paese.<\/p>\n<p>Secondo un altro impegno elettorale \u201c\u00c8 prioritario ridefinire i criteri di finanziamento delle Universit\u00e0 per abbattere la disparit\u00e0 di distribuzione delle risorse anche modificando il recente meccanismo basato sul potenziamento dell\u2019incidenza del costo standard\u201d.<\/p>\n<p>Il Suo Governo sta gi\u00e0 dimostrando di voler intraprendere una battaglia contro il fenomeno del precariato che offende la dignit\u00e0 dei lavoratori e che, in particolare, \u201cha reso inaccettabile la condizione dei lavoratori del mondo della ricerca\u201d. Ma alcune misure appaiono ormai urgenti ed ineludibili.<\/p>\n<p>Nel nostro Ateneo, come nel resto del Paese, centinaia di lavoratori precari della ricerca, che hanno dedicato anni della loro vita alla crescita delle Universit\u00e0 e della ricerca italiana, una volta terminato l\u2019iter previsto dalla legge Gelmini corrono il rischio di dover emigrare a causa della mancanza di risorse economiche adeguate e per la quasi totale assenza di turnover e di chances di stabilizzazione. Gli Atenei italiani invecchiano sempre pi\u00f9, mentre i giovani cervelli, in molti casi, fanno la fortuna di altri Paesi. Gli Atenei del Sud poi sono stati i pi\u00f9 penalizzati, per una politica colpevole che mirava esattamente alla chiusura delle Universit\u00e0 di provincia. Le Universit\u00e0 meridionali hanno bisogno di un\u2019inversione di tendenza, hanno diritto a nuovi importanti investimenti.<\/p>\n<p>Occorre modificare la legge Gelmini, che ha precarizzato in modo drammatico il mondo della ricerca, ed introdurre il ruolo unico della docenza universitaria semplificando il pre-ruolo sia in termini di durata sia di tipologie presenti. Risulta pertanto condivisibile l\u2019impegno del Suo Movimento ad abrogare la figura del Ricercatore a tempo determinato e reintrodurre quella a tempo indeterminato. Tuttavia nel contratto di governo non sembra esservi traccia di tale impegno.<\/p>\n<p>Inoltre, assurda e inaccettabile risulta la disparit\u00e0 di trattamento tra Ricercatori universitari e Ricercatori degli Enti di Ricerca, sancita dalla legge Madia. A questa ingiustizia \u00e8 tempo di porre rimedio garantendo ai Ricercatori delle Universit\u00e0 pari dignit\u00e0 e prospettive di stabilizzazione.<\/p>\n<p>Intendiamo poi dedicare una nota speciale ai Ricercatori a tempo determinato finanziati negli ultimi anni dalla Regione Puglia. Circa 40 lavoratori che chiedono a buon diritto la proroga biennale prevista dalla normativa vigente. Qualora la Regione Puglia optasse per nuovi bandi triennali di Ricercatore a tempo determinato, come sembra intenzionata a fare, contribuirebbe soltanto a creare ulteriore precariato, tradendo lo spirito originario della misura \u201cFutureInResearch (FIR)\u201d, ossia favorire il ricambio generazionale negli Atenei promuovendo anche lo sviluppo del territorio.<br \/>\nPur trattandosi di una misura di competenza regionale, chiediamo a Lei, che ricopre la carica di Ministra per il Sud, di assumere l\u2019impegno di intervenire, garantendo ai giovani ricercatori pugliesi meritevoli la possibilit\u00e0 di proseguire nelle loro ricerche e contribuire alla crescita del nostro territorio.<\/p>\n<p>Una particolare attenzione, infine, va posta sulla condizione di vita e di lavoro del Personale tecnico amministrativo e dei Lettori di madrelingua.<\/p>\n<p>I primi hanno retribuzioni che sfiorano la soglia di povert\u00e0, tra i pi\u00f9 bassi del Pubblico impiego, e recentemente, dopo nove lunghi anni, hanno sub\u00ecto un rinnovo contrattuale indegno, frutto del consociativismo e finalizzato unicamente al perseguimento di un consenso elettorale per fortuna non conseguito.<\/p>\n<p>Occorre ridare dignit\u00e0 anche a questi lavoratori attraverso il miglioramento delle loro condizioni economiche e di lavoro e fornendo loro finalmente un nuovo ordinamento professionale che valorizzi le competenze acquisite e garantisca, insieme ad altri strumenti giuridici, le legittime aspirazioni di carriera.<\/p>\n<p>I secondi rappresentano da sempre una categoria \u201cin cerca di autore\u201d. Ingiustamente inseriti tra il personale tecnico amministrativo non vedono neanche riconosciuto il loro ruolo e continuano a subire discriminazioni aspettando un contratto collettivo nazionale che non arriva mai per tutelare i loro diritti.<\/p>\n<p>Onorevole Ministra,<\/p>\n<p>questo \u00e8 quanto in sintesi volevamo rappresentarLe e per la risoluzione di queste problematiche contiamo sul Suo personale impegno e sulla coerenza che il Governo del cambiamento vorr\u00e0 dimostrare tenendo fede agli impegni programmatici assunti.<\/p>\n<p>Grazie e buon lavoro.<\/p>\n<p>&nbsp;<\/p>\n<p>&nbsp;<\/p>\n<fb:like href='https:\/\/www.leccecronaca.it\/index.php\/2018\/07\/13\/i-cobas-scrivono-a-barbara-lezzi-sul-precariato\/' send='true' layout='button_count' show_faces='true' width='450' height='65' action='recommend' colorscheme='light' font='lucida grande'><\/fb:like><span class=\"fb_share\"><fb:like href=\"https:\/\/www.leccecronaca.it\/index.php\/2018\/07\/13\/i-cobas-scrivono-a-barbara-lezzi-sul-precariato\/\" layout=\"button_count\"><\/fb:like><\/span>","protected":false},"excerpt":{"rendered":"<p>Riceviamo e volentieri pubblichiamo. CONFEDERAZIONE COBAS,\u00a0Comitati di Base della Scuola, Universit\u00e0 e Ricerca, ci manda per conoscenza questa lettera aperta indirizzata\u00a0al Ministro per il Sud Barbara Lezzi______ Gent.ma Onorevole Ministra, l\u2019occasione della Sua presenza nel nostro Ateneo, alla presentazione della nuova offerta formativa, fissata in data odierna, ci offre la possibilit\u00e0 di rappresentarLe le diverse [&hellip;]<\/p>\n","protected":false},"author":4,"featured_media":140771,"comment_status":"open","ping_status":"closed","sticky":false,"template":"","format":"standard","meta":[],"categories":[76,36],"tags":[],"_links":{"self":[{"href":"https:\/\/www.leccecronaca.it\/index.php\/wp-json\/wp\/v2\/posts\/140770"}],"collection":[{"href":"https:\/\/www.leccecronaca.it\/index.php\/wp-json\/wp\/v2\/posts"}],"about":[{"href":"https:\/\/www.leccecronaca.it\/index.php\/wp-json\/wp\/v2\/types\/post"}],"author":[{"embeddable":true,"href":"https:\/\/www.leccecronaca.it\/index.php\/wp-json\/wp\/v2\/users\/4"}],"replies":[{"embeddable":true,"href":"https:\/\/www.leccecronaca.it\/index.php\/wp-json\/wp\/v2\/comments?post=140770"}],"version-history":[{"count":1,"href":"https:\/\/www.leccecronaca.it\/index.php\/wp-json\/wp\/v2\/posts\/140770\/revisions"}],"predecessor-version":[{"id":140772,"href":"https:\/\/www.leccecronaca.it\/index.php\/wp-json\/wp\/v2\/posts\/140770\/revisions\/140772"}],"wp:featuredmedia":[{"embeddable":true,"href":"https:\/\/www.leccecronaca.it\/index.php\/wp-json\/wp\/v2\/media\/140771"}],"wp:attachment":[{"href":"https:\/\/www.leccecronaca.it\/index.php\/wp-json\/wp\/v2\/media?parent=140770"}],"wp:term":[{"taxonomy":"category","embeddable":true,"href":"https:\/\/www.leccecronaca.it\/index.php\/wp-json\/wp\/v2\/categories?post=140770"},{"taxonomy":"post_tag","embeddable":true,"href":"https:\/\/www.leccecronaca.it\/index.php\/wp-json\/wp\/v2\/tags?post=140770"}],"curies":[{"name":"wp","href":"https:\/\/api.w.org\/{rel}","templated":true}]}}