{"id":140988,"date":"2018-07-18T12:27:46","date_gmt":"2018-07-18T10:27:46","guid":{"rendered":"http:\/\/www.leccecronaca.it\/?p=140988"},"modified":"2018-07-18T12:27:46","modified_gmt":"2018-07-18T10:27:46","slug":"gli-amministratori-comunali-per-i-piu-deboli","status":"publish","type":"post","link":"https:\/\/www.leccecronaca.it\/index.php\/2018\/07\/18\/gli-amministratori-comunali-per-i-piu-deboli\/","title":{"rendered":"GLI AMMINISTRATORI COMUNALI PER I PIU&#8217; DEBOLI"},"content":{"rendered":"<p><img decoding=\"async\" loading=\"lazy\" class=\"aligncenter size-full wp-image-140989\" src=\"https:\/\/www.leccecronaca.it\/wordpress\/wp-content\/uploads\/2018\/07\/immagine_antica.gif\" alt=\"\" width=\"700\" height=\"300\" \/>Riceviamo e volentieri pubblichiamo. Andare Oltre Lecce ci manda il seguente comunicato______<\/p>\n<p>ANDARE OLTRE: APPROVATA LA MOZIONE SULLA RIDUZIONE DELLE INDENNITA\u2019 DEGLI AMMINISTRATORI LECCESI.<\/p>\n<p>Il Consiglio comunale approva la mozione per la riduzione volontaria della indennit\u00e0 degli amministratori locali da utilizzare per beni, servizi e progetti di inclusione sociale attiva da destinare alle fasce deboli della citt\u00e0.<\/p>\n<p>\u201cUna grande vittoria &#8211; commenta Massimo Fragola, Capogruppo di Andare Oltre, presentatore e promotore della mozione &#8211; che condivido con tutta l\u2019Amministrazione e specialmente con i colleghi firmatari della mozione: Marco De Matteis( Sveglia Lecce), Antonio Finamore (Prima Lecce), Marco Giannotta (Un\u2019altra Lecce), Marco Nuzzaci (UDC).<\/p>\n<p>La decurtazione del 5% delle indennit\u00e0 sar\u00e0 su base volontaria, lasciando ampia e libera scelta al singolo amministratore se aderire o meno. Il bene della comunit\u00e0 cittadina deve essere sempre il punto di riferimento del buon amministratore, l\u2019inizio e la fine della sua missione, la ragione per cui \u00e8 stato eletto dal popolo. Nessuna imposizione dall\u2019alto &#8211; ribadisce Fragola &#8211; la devoluzione di questa piccola somma di denaro sar\u00e0 assolutamente volontaria perch\u00e9 la solidariet\u00e0 non consiste nell\u2019elemosina, ma in un sentire spontaneo che muove l\u2019Amministratore verso i propri concittadini pi\u00f9 bisognosi. Stimiamo che se ogni Amministratore decider\u00e0 di aderire all\u2019iniziativa ogni anno verranno messi a disposizione del progetto oltre 55mila euro\u201d.<\/p>\n<p>\u201cSiamo fiduciosi sul buon esito dell\u2019operazione &#8211; dichiara Ivan Sergi, Segretario cittadino di Andare Oltre &#8211; perch\u00e9 l\u2019istituzione del Fondo di Solidariet\u00e0 consentir\u00e0 di offrire beni e servizi a chi ne avr\u00e0 realmente bisogno, ma stiamo gi\u00e0 lavorando anche su nuovi progetti di inclusione sociale attiva della popolazione tutta, soprattutto delle fasce in difficolt\u00e0\u201d.<\/p>\n<fb:like href='https:\/\/www.leccecronaca.it\/index.php\/2018\/07\/18\/gli-amministratori-comunali-per-i-piu-deboli\/' send='true' layout='button_count' show_faces='true' width='450' height='65' action='recommend' colorscheme='light' font='lucida grande'><\/fb:like><span class=\"fb_share\"><fb:like href=\"https:\/\/www.leccecronaca.it\/index.php\/2018\/07\/18\/gli-amministratori-comunali-per-i-piu-deboli\/\" layout=\"button_count\"><\/fb:like><\/span>","protected":false},"excerpt":{"rendered":"<p>Riceviamo e volentieri pubblichiamo. Andare Oltre Lecce ci manda il seguente comunicato______ ANDARE OLTRE: APPROVATA LA MOZIONE SULLA RIDUZIONE DELLE INDENNITA\u2019 DEGLI AMMINISTRATORI LECCESI. Il Consiglio comunale approva la mozione per la riduzione volontaria della indennit\u00e0 degli amministratori locali da utilizzare per beni, servizi e progetti di inclusione sociale attiva da destinare alle fasce deboli [&hellip;]<\/p>\n","protected":false},"author":4,"featured_media":140989,"comment_status":"open","ping_status":"closed","sticky":false,"template":"","format":"standard","meta":[],"categories":[76,36],"tags":[],"_links":{"self":[{"href":"https:\/\/www.leccecronaca.it\/index.php\/wp-json\/wp\/v2\/posts\/140988"}],"collection":[{"href":"https:\/\/www.leccecronaca.it\/index.php\/wp-json\/wp\/v2\/posts"}],"about":[{"href":"https:\/\/www.leccecronaca.it\/index.php\/wp-json\/wp\/v2\/types\/post"}],"author":[{"embeddable":true,"href":"https:\/\/www.leccecronaca.it\/index.php\/wp-json\/wp\/v2\/users\/4"}],"replies":[{"embeddable":true,"href":"https:\/\/www.leccecronaca.it\/index.php\/wp-json\/wp\/v2\/comments?post=140988"}],"version-history":[{"count":1,"href":"https:\/\/www.leccecronaca.it\/index.php\/wp-json\/wp\/v2\/posts\/140988\/revisions"}],"predecessor-version":[{"id":140990,"href":"https:\/\/www.leccecronaca.it\/index.php\/wp-json\/wp\/v2\/posts\/140988\/revisions\/140990"}],"wp:featuredmedia":[{"embeddable":true,"href":"https:\/\/www.leccecronaca.it\/index.php\/wp-json\/wp\/v2\/media\/140989"}],"wp:attachment":[{"href":"https:\/\/www.leccecronaca.it\/index.php\/wp-json\/wp\/v2\/media?parent=140988"}],"wp:term":[{"taxonomy":"category","embeddable":true,"href":"https:\/\/www.leccecronaca.it\/index.php\/wp-json\/wp\/v2\/categories?post=140988"},{"taxonomy":"post_tag","embeddable":true,"href":"https:\/\/www.leccecronaca.it\/index.php\/wp-json\/wp\/v2\/tags?post=140988"}],"curies":[{"name":"wp","href":"https:\/\/api.w.org\/{rel}","templated":true}]}}