{"id":141113,"date":"2018-07-21T11:39:18","date_gmt":"2018-07-21T09:39:18","guid":{"rendered":"http:\/\/www.leccecronaca.it\/?p=141113"},"modified":"2018-07-21T11:39:50","modified_gmt":"2018-07-21T09:39:50","slug":"141113","status":"publish","type":"post","link":"https:\/\/www.leccecronaca.it\/index.php\/2018\/07\/21\/141113\/","title":{"rendered":"IL LECCE \/ LE ATTESE DI FRANCESCO COSENZA"},"content":{"rendered":"<p><img decoding=\"async\" loading=\"lazy\" class=\"alignnone wp-image-141115\" src=\"https:\/\/www.leccecronaca.it\/wordpress\/wp-content\/uploads\/2018\/07\/cosenza-300x168-300x168.jpg\" alt=\"\" width=\"600\" height=\"336\" \/>(Rdl)_______&#8221;<em>Siamo tornati nel calcio vero<\/em>&#8220;. Si dice cos\u00ec. Non che quello di prima, quello della C, fosse falso. Voleva dire: la promozione ha portato quello importante, quello che conta.<\/p>\n<p>Dal ritiro di Terminillo ieri ha parlato (uno alla volta, uno al giorno) <strong>Francesco Cosenza <\/strong>(nella foto di quattro stagioni calcistiche fa), 32 anni, di Locri, coriaceo difensore e trascinatore in campo. Vediamo i concetto che ha espresso:<\/p>\n<p>\u201c<em>A mio modo di vedere questa promozione in Serie B \u00e8 stato il giusto premio per aver accettato tre anni fa una piazza importante come Lecce. <\/em><\/p>\n<p><em>Lasciando Vercelli ho lasciato la serie cadetta e ora dopo tre anni di sofferenze tutti assieme siamo riusciti a riportare Lecce ed il Lecce in una categoria pi\u00f9 consona alla sua realt\u00e0. Siamo ritornati nel vero calcio ed abbiamo una grande voglia. <\/em><\/p>\n<p><em>Tra Lega Pro e Serie B cresce il livello in generale. Avremo a che fare con attaccanti con maggiore fisicit\u00e0 e qualit\u00e0. Se per esempio lo scorso anno concedevi agli avversari tre palle gol\u00a0 facevamo un gol, mentre ora su tre occasioni ne concretizzeranno due. <\/em><\/p>\n<p><em>Sicuramente, per\u00f2, anche il livello dei difensori \u00e8 maggiore, come dicevo prima, la Serie B in generale \u00e8 superiore. Come ha avuto modo di dire il mister anche quest\u2019anno avremo una linea difensiva a quattro, poi, magari, come successo anche in passato se ci saranno delle situazioni particolari in cui potremo anche giocare a cinque. <\/em><\/p>\n<p><em>In questi giorni di ritiro stiamo lavorando molto sulla difesa a quattro. Il nostro obiettivo comune era quello di far ritornare il Lecce in Serie B, ora ognuno di noi ambisce a confermarsi e migliorarsi. Ogni calciatore deve ambire sempre a qualcosa in pi\u00f9, andando per gradi.\u201d_______<\/em><\/p>\n<p>LA RICERCA nel nostro articolo del 6 agosto 2015<\/p>\n<blockquote class=\"wp-embedded-content\" data-secret=\"fd8qqbBliv\"><p><a href=\"https:\/\/www.leccecronaca.it\/index.php\/2015\/08\/06\/lecce-francesco-cosenza-sara-un-nuovo-difensore-del-lecce\/\">LECCE\/ UN ALTRO RINFORZO: ARRIVA FRANCESCO COSENZA, NUOVO CENTRALE DIFENSIVO<\/a><\/p><\/blockquote>\n<p><iframe class=\"wp-embedded-content\" sandbox=\"allow-scripts\" security=\"restricted\" style=\"position: absolute; clip: rect(1px, 1px, 1px, 1px);\" src=\"https:\/\/www.leccecronaca.it\/index.php\/2015\/08\/06\/lecce-francesco-cosenza-sara-un-nuovo-difensore-del-lecce\/embed\/#?secret=fd8qqbBliv\" data-secret=\"fd8qqbBliv\" width=\"500\" height=\"282\" title=\"&#8220;LECCE\/ UN ALTRO RINFORZO: ARRIVA FRANCESCO COSENZA, NUOVO CENTRALE DIFENSIVO&#8221; &#8212; LecceCronaca.it\" frameborder=\"0\" marginwidth=\"0\" marginheight=\"0\" scrolling=\"no\"><\/iframe><\/p>\n<p>&nbsp;<\/p>\n<fb:like href='https:\/\/www.leccecronaca.it\/index.php\/2018\/07\/21\/141113\/' send='true' layout='button_count' show_faces='true' width='450' height='65' action='recommend' colorscheme='light' font='lucida grande'><\/fb:like><span class=\"fb_share\"><fb:like href=\"https:\/\/www.leccecronaca.it\/index.php\/2018\/07\/21\/141113\/\" layout=\"button_count\"><\/fb:like><\/span>","protected":false},"excerpt":{"rendered":"<p>(Rdl)_______&#8221;Siamo tornati nel calcio vero&#8220;. Si dice cos\u00ec. Non che quello di prima, quello della C, fosse falso. Voleva dire: la promozione ha portato quello importante, quello che conta. Dal ritiro di Terminillo ieri ha parlato (uno alla volta, uno al giorno) Francesco Cosenza (nella foto di quattro stagioni calcistiche fa), 32 anni, di Locri, [&hellip;]<\/p>\n","protected":false},"author":4,"featured_media":0,"comment_status":"open","ping_status":"closed","sticky":false,"template":"","format":"standard","meta":[],"categories":[28],"tags":[],"_links":{"self":[{"href":"https:\/\/www.leccecronaca.it\/index.php\/wp-json\/wp\/v2\/posts\/141113"}],"collection":[{"href":"https:\/\/www.leccecronaca.it\/index.php\/wp-json\/wp\/v2\/posts"}],"about":[{"href":"https:\/\/www.leccecronaca.it\/index.php\/wp-json\/wp\/v2\/types\/post"}],"author":[{"embeddable":true,"href":"https:\/\/www.leccecronaca.it\/index.php\/wp-json\/wp\/v2\/users\/4"}],"replies":[{"embeddable":true,"href":"https:\/\/www.leccecronaca.it\/index.php\/wp-json\/wp\/v2\/comments?post=141113"}],"version-history":[{"count":2,"href":"https:\/\/www.leccecronaca.it\/index.php\/wp-json\/wp\/v2\/posts\/141113\/revisions"}],"predecessor-version":[{"id":141117,"href":"https:\/\/www.leccecronaca.it\/index.php\/wp-json\/wp\/v2\/posts\/141113\/revisions\/141117"}],"wp:attachment":[{"href":"https:\/\/www.leccecronaca.it\/index.php\/wp-json\/wp\/v2\/media?parent=141113"}],"wp:term":[{"taxonomy":"category","embeddable":true,"href":"https:\/\/www.leccecronaca.it\/index.php\/wp-json\/wp\/v2\/categories?post=141113"},{"taxonomy":"post_tag","embeddable":true,"href":"https:\/\/www.leccecronaca.it\/index.php\/wp-json\/wp\/v2\/tags?post=141113"}],"curies":[{"name":"wp","href":"https:\/\/api.w.org\/{rel}","templated":true}]}}