{"id":141421,"date":"2018-07-28T12:34:14","date_gmt":"2018-07-28T10:34:14","guid":{"rendered":"http:\/\/www.leccecronaca.it\/?p=141421"},"modified":"2018-07-28T12:34:14","modified_gmt":"2018-07-28T10:34:14","slug":"il-lecce-arriva-vigorito","status":"publish","type":"post","link":"https:\/\/www.leccecronaca.it\/index.php\/2018\/07\/28\/il-lecce-arriva-vigorito\/","title":{"rendered":"IL LECCE \/ ARRIVA VIGORITO"},"content":{"rendered":"<p><img decoding=\"async\" loading=\"lazy\" class=\"alignnone wp-image-141422 size-full\" src=\"https:\/\/www.leccecronaca.it\/wordpress\/wp-content\/uploads\/2018\/07\/dd407de84e46a7e55b2ffc069f051754-45321-1395096608.jpeg\" alt=\"\" width=\"1000\" height=\"664\" srcset=\"https:\/\/www.leccecronaca.it\/wordpress\/wp-content\/uploads\/2018\/07\/dd407de84e46a7e55b2ffc069f051754-45321-1395096608.jpeg 1000w, https:\/\/www.leccecronaca.it\/wordpress\/wp-content\/uploads\/2018\/07\/dd407de84e46a7e55b2ffc069f051754-45321-1395096608-300x199.jpeg 300w, https:\/\/www.leccecronaca.it\/wordpress\/wp-content\/uploads\/2018\/07\/dd407de84e46a7e55b2ffc069f051754-45321-1395096608-768x510.jpeg 768w\" sizes=\"(max-width: 1000px) 100vw, 1000px\" \/><\/p>\n<p>(Rdl)______Mauro\u00a0Vigorito (nella foto) sar\u00e0 il nuovo portiere del Lecce. La societ\u00e0 crede in lui, gli affida la porta ed ha preparato un contratto triennale, che sar\u00e0 sottoscritto al rientro del giocatore dalla torun\u00e9e in Canada con il Frosinone. Manca solo la firma, insomma, rimandata alla prossima settimana. Ma c&#8217;\u00e8 l&#8217; accordo per la cessione a titolo definitivo, ed \u00e8 pronta tutta la documentazione.<\/p>\n<p>Mauro Vigorito, di Macomer, 28 anni, \u00e8 cresciuto nel Cagliari, ha giocato in varie categorie minori ed \u00e8 poi approdato lo scorso anno al Frosinone con cui ha giocato e vinto il campionato di B.______<br \/>\nLA RICERCA nei nostri ultimi articoli sul ritiro di Terminillo<\/p>\n<blockquote class=\"wp-embedded-content\" data-secret=\"e1ipg9SOJk\"><p><a href=\"https:\/\/www.leccecronaca.it\/index.php\/2018\/07\/25\/il-lecce-arriva-fiamozzi\/\">IL LECCE \/ ARRIVA FIAMOZZI<\/a><\/p><\/blockquote>\n<p><iframe class=\"wp-embedded-content\" sandbox=\"allow-scripts\" security=\"restricted\" style=\"position: absolute; clip: rect(1px, 1px, 1px, 1px);\" src=\"https:\/\/www.leccecronaca.it\/index.php\/2018\/07\/25\/il-lecce-arriva-fiamozzi\/embed\/#?secret=e1ipg9SOJk\" data-secret=\"e1ipg9SOJk\" width=\"500\" height=\"282\" title=\"&#8220;IL LECCE \/ ARRIVA FIAMOZZI&#8221; &#8212; LecceCronaca.it\" frameborder=\"0\" marginwidth=\"0\" marginheight=\"0\" scrolling=\"no\"><\/iframe><\/p>\n<blockquote class=\"wp-embedded-content\" data-secret=\"ORJEFCBa8U\"><p><a href=\"https:\/\/www.leccecronaca.it\/index.php\/2018\/07\/26\/il-lecce-marco-mancosu-si-racconta\/\">IL LECCE \/ MARCO MANCOSU SI RACCONTA<\/a><\/p><\/blockquote>\n<p><iframe class=\"wp-embedded-content\" sandbox=\"allow-scripts\" security=\"restricted\" style=\"position: absolute; clip: rect(1px, 1px, 1px, 1px);\" src=\"https:\/\/www.leccecronaca.it\/index.php\/2018\/07\/26\/il-lecce-marco-mancosu-si-racconta\/embed\/#?secret=ORJEFCBa8U\" data-secret=\"ORJEFCBa8U\" width=\"500\" height=\"282\" title=\"&#8220;IL LECCE \/ MARCO MANCOSU SI RACCONTA&#8221; &#8212; LecceCronaca.it\" frameborder=\"0\" marginwidth=\"0\" marginheight=\"0\" scrolling=\"no\"><\/iframe><\/p>\n<blockquote class=\"wp-embedded-content\" data-secret=\"YTwYw0J7Su\"><p><a href=\"https:\/\/www.leccecronaca.it\/index.php\/2018\/07\/27\/il-lecce-tre-gol-al-rieti\/\">IL LECCE \/ TRE GOL AL RIETI<\/a><\/p><\/blockquote>\n<p><iframe class=\"wp-embedded-content\" sandbox=\"allow-scripts\" security=\"restricted\" style=\"position: absolute; clip: rect(1px, 1px, 1px, 1px);\" src=\"https:\/\/www.leccecronaca.it\/index.php\/2018\/07\/27\/il-lecce-tre-gol-al-rieti\/embed\/#?secret=YTwYw0J7Su\" data-secret=\"YTwYw0J7Su\" width=\"500\" height=\"282\" title=\"&#8220;IL LECCE \/ TRE GOL AL RIETI&#8221; &#8212; LecceCronaca.it\" frameborder=\"0\" marginwidth=\"0\" marginheight=\"0\" scrolling=\"no\"><\/iframe><\/p>\n<fb:like href='https:\/\/www.leccecronaca.it\/index.php\/2018\/07\/28\/il-lecce-arriva-vigorito\/' send='true' layout='button_count' show_faces='true' width='450' height='65' action='recommend' colorscheme='light' font='lucida grande'><\/fb:like><span class=\"fb_share\"><fb:like href=\"https:\/\/www.leccecronaca.it\/index.php\/2018\/07\/28\/il-lecce-arriva-vigorito\/\" layout=\"button_count\"><\/fb:like><\/span>","protected":false},"excerpt":{"rendered":"<p>(Rdl)______Mauro\u00a0Vigorito (nella foto) sar\u00e0 il nuovo portiere del Lecce. La societ\u00e0 crede in lui, gli affida la porta ed ha preparato un contratto triennale, che sar\u00e0 sottoscritto al rientro del giocatore dalla torun\u00e9e in Canada con il Frosinone. Manca solo la firma, insomma, rimandata alla prossima settimana. Ma c&#8217;\u00e8 l&#8217; accordo per la cessione a [&hellip;]<\/p>\n","protected":false},"author":4,"featured_media":141422,"comment_status":"open","ping_status":"closed","sticky":false,"template":"","format":"standard","meta":[],"categories":[28],"tags":[],"_links":{"self":[{"href":"https:\/\/www.leccecronaca.it\/index.php\/wp-json\/wp\/v2\/posts\/141421"}],"collection":[{"href":"https:\/\/www.leccecronaca.it\/index.php\/wp-json\/wp\/v2\/posts"}],"about":[{"href":"https:\/\/www.leccecronaca.it\/index.php\/wp-json\/wp\/v2\/types\/post"}],"author":[{"embeddable":true,"href":"https:\/\/www.leccecronaca.it\/index.php\/wp-json\/wp\/v2\/users\/4"}],"replies":[{"embeddable":true,"href":"https:\/\/www.leccecronaca.it\/index.php\/wp-json\/wp\/v2\/comments?post=141421"}],"version-history":[{"count":1,"href":"https:\/\/www.leccecronaca.it\/index.php\/wp-json\/wp\/v2\/posts\/141421\/revisions"}],"predecessor-version":[{"id":141423,"href":"https:\/\/www.leccecronaca.it\/index.php\/wp-json\/wp\/v2\/posts\/141421\/revisions\/141423"}],"wp:featuredmedia":[{"embeddable":true,"href":"https:\/\/www.leccecronaca.it\/index.php\/wp-json\/wp\/v2\/media\/141422"}],"wp:attachment":[{"href":"https:\/\/www.leccecronaca.it\/index.php\/wp-json\/wp\/v2\/media?parent=141421"}],"wp:term":[{"taxonomy":"category","embeddable":true,"href":"https:\/\/www.leccecronaca.it\/index.php\/wp-json\/wp\/v2\/categories?post=141421"},{"taxonomy":"post_tag","embeddable":true,"href":"https:\/\/www.leccecronaca.it\/index.php\/wp-json\/wp\/v2\/tags?post=141421"}],"curies":[{"name":"wp","href":"https:\/\/api.w.org\/{rel}","templated":true}]}}