{"id":141803,"date":"2018-08-02T20:25:55","date_gmt":"2018-08-02T18:25:55","guid":{"rendered":"http:\/\/www.leccecronaca.it\/?p=141803"},"modified":"2018-08-02T20:50:34","modified_gmt":"2018-08-02T18:50:34","slug":"marco-poti-ritorna-con-qualche-speranza-in-piu","status":"publish","type":"post","link":"https:\/\/www.leccecronaca.it\/index.php\/2018\/08\/02\/marco-poti-ritorna-con-qualche-speranza-in-piu\/","title":{"rendered":"MARCO POTI&#8217; RITORNA CON QUALCHE SPERANZA IN PIU&#8217;"},"content":{"rendered":"<p><img decoding=\"async\" loading=\"lazy\" class=\"alignnone size-full wp-image-141804\" src=\"https:\/\/www.leccecronaca.it\/wordpress\/wp-content\/uploads\/2018\/08\/mp-buna.jpg\" alt=\"\" width=\"650\" height=\"585\" srcset=\"https:\/\/www.leccecronaca.it\/wordpress\/wp-content\/uploads\/2018\/08\/mp-buna.jpg 650w, https:\/\/www.leccecronaca.it\/wordpress\/wp-content\/uploads\/2018\/08\/mp-buna-300x270.jpg 300w\" sizes=\"(max-width: 650px) 100vw, 650px\" \/>(g.p.)______Raggiunto telefonicamente sulla via per l&#8217; aeroporto, da dove prender\u00e0 il volo per il ritorno, a <strong>leccecronaca.it<\/strong> Marco Pot\u00ec (nella foto) racconta che<em> &#8220;si \u00e8 trattato di un colloquio lungo, durato un&#8217; ora e mezza&#8221;,<\/em> in cui Giuseppe Conte<em> &#8220;ha ascoltato pazientemente tutti i mie rilievi politici, e le osservazioni dei nostri tecnici e dei nostri avvocati&#8221;.<\/em><\/p>\n<p>Poi ci tiene a specificare e a ribadire: <em>&#8220;Lo ringrazio per averci accolto e per essere stato a sentirci. Nessuno dei suoi predecessori lo aveva mai fatto. Neanche alla lettera dei novantasette sindaci salentini nessuno si era degnato di rispondere, nemmeno con un telegramma di circostanza&#8221;.<\/em><\/p>\n<p>Ok, sindaco, ma come \u00e8 andato nel merito il colloquio? Cosa ci pu\u00f2 dire? Almeno qual \u00e8 la Sua impressione?<\/p>\n<p>&#8220;<em>A Roma il clima politico \u00e8 cambiato, ora \u00e8 diverso. Giuseppe Conte, che gi\u00e0 conosceva le problematiche, mi ha assicurato che ora sul gasdotto sar\u00e0 fatto uno studio globale, comprensivo di tutti i rilievi di ingegneri, tecnici, avvocati, sar\u00e0 fatta una valutazione rigorosa, per valutare\u00a0\u00a0se ci sono delle possibilit\u00e0 per fermare la realizzazione del gasdotto. Lo stesso metodo che stanno adoperando per l&#8217; Ilva, mi ha detto&#8221;.<\/em><\/p>\n<p>Sindaco, Lei ci pu\u00f2 dire dell&#8217; altro?<\/p>\n<p>&#8220;S<em>\u00ec. In virt\u00f9 di questo clima di attenzione e di disponibilit\u00e0, ho chiesto due cose. Primo, di fare in fretta. Secondo, di rivalutare le posizioni dei manifestanti che sono stati sanzionati personalmente a livello pecuniario dalla Prefettura di Lecce&#8221;.<\/em><\/p>\n<p>E il presidente, cosa ha risposto a questo?<\/p>\n<p>&#8220;<em>Mi ha assicurato che lo far\u00e0 con il Prefetto di Lecce&#8221;.______<\/em><\/p>\n<p>______<\/p>\n<p>LA RICERCA nel nostro articolo di due ore fa<\/p>\n<blockquote class=\"wp-embedded-content\" data-secret=\"i6W1I1eFzU\"><p><a href=\"https:\/\/www.leccecronaca.it\/index.php\/2018\/08\/02\/ultimora-colloquio-conte-poti-a-roma\/\">ULTIM&#8217;ORA \/ COLLOQUIO CONTE &#8211; POTI&#8217; A ROMA<\/a><\/p><\/blockquote>\n<p><iframe class=\"wp-embedded-content\" sandbox=\"allow-scripts\" security=\"restricted\" style=\"position: absolute; clip: rect(1px, 1px, 1px, 1px);\" src=\"https:\/\/www.leccecronaca.it\/index.php\/2018\/08\/02\/ultimora-colloquio-conte-poti-a-roma\/embed\/#?secret=i6W1I1eFzU\" data-secret=\"i6W1I1eFzU\" width=\"500\" height=\"282\" title=\"&#8220;ULTIM&#8217;ORA \/ COLLOQUIO CONTE &#8211; POTI&#8217; A ROMA&#8221; &#8212; LecceCronaca.it\" frameborder=\"0\" marginwidth=\"0\" marginheight=\"0\" scrolling=\"no\"><\/iframe><\/p>\n<fb:like href='https:\/\/www.leccecronaca.it\/index.php\/2018\/08\/02\/marco-poti-ritorna-con-qualche-speranza-in-piu\/' send='true' layout='button_count' show_faces='true' width='450' height='65' action='recommend' colorscheme='light' font='lucida grande'><\/fb:like><span class=\"fb_share\"><fb:like href=\"https:\/\/www.leccecronaca.it\/index.php\/2018\/08\/02\/marco-poti-ritorna-con-qualche-speranza-in-piu\/\" layout=\"button_count\"><\/fb:like><\/span>","protected":false},"excerpt":{"rendered":"<p>(g.p.)______Raggiunto telefonicamente sulla via per l&#8217; aeroporto, da dove prender\u00e0 il volo per il ritorno, a leccecronaca.it Marco Pot\u00ec (nella foto) racconta che &#8220;si \u00e8 trattato di un colloquio lungo, durato un&#8217; ora e mezza&#8221;, in cui Giuseppe Conte &#8220;ha ascoltato pazientemente tutti i mie rilievi politici, e le osservazioni dei nostri tecnici e dei [&hellip;]<\/p>\n","protected":false},"author":4,"featured_media":141804,"comment_status":"open","ping_status":"closed","sticky":false,"template":"","format":"standard","meta":[],"categories":[69,76],"tags":[],"_links":{"self":[{"href":"https:\/\/www.leccecronaca.it\/index.php\/wp-json\/wp\/v2\/posts\/141803"}],"collection":[{"href":"https:\/\/www.leccecronaca.it\/index.php\/wp-json\/wp\/v2\/posts"}],"about":[{"href":"https:\/\/www.leccecronaca.it\/index.php\/wp-json\/wp\/v2\/types\/post"}],"author":[{"embeddable":true,"href":"https:\/\/www.leccecronaca.it\/index.php\/wp-json\/wp\/v2\/users\/4"}],"replies":[{"embeddable":true,"href":"https:\/\/www.leccecronaca.it\/index.php\/wp-json\/wp\/v2\/comments?post=141803"}],"version-history":[{"count":5,"href":"https:\/\/www.leccecronaca.it\/index.php\/wp-json\/wp\/v2\/posts\/141803\/revisions"}],"predecessor-version":[{"id":141812,"href":"https:\/\/www.leccecronaca.it\/index.php\/wp-json\/wp\/v2\/posts\/141803\/revisions\/141812"}],"wp:featuredmedia":[{"embeddable":true,"href":"https:\/\/www.leccecronaca.it\/index.php\/wp-json\/wp\/v2\/media\/141804"}],"wp:attachment":[{"href":"https:\/\/www.leccecronaca.it\/index.php\/wp-json\/wp\/v2\/media?parent=141803"}],"wp:term":[{"taxonomy":"category","embeddable":true,"href":"https:\/\/www.leccecronaca.it\/index.php\/wp-json\/wp\/v2\/categories?post=141803"},{"taxonomy":"post_tag","embeddable":true,"href":"https:\/\/www.leccecronaca.it\/index.php\/wp-json\/wp\/v2\/tags?post=141803"}],"curies":[{"name":"wp","href":"https:\/\/api.w.org\/{rel}","templated":true}]}}