{"id":141819,"date":"2018-08-04T00:03:58","date_gmt":"2018-08-03T22:03:58","guid":{"rendered":"http:\/\/www.leccecronaca.it\/?p=141819"},"modified":"2018-08-03T13:16:43","modified_gmt":"2018-08-03T11:16:43","slug":"tutela-dell-ambiente-a-torre-dellorso-domenica-5","status":"publish","type":"post","link":"https:\/\/www.leccecronaca.it\/index.php\/2018\/08\/04\/tutela-dell-ambiente-a-torre-dellorso-domenica-5\/","title":{"rendered":"TUTELA DELL&#8217; AMBIENTE A TORRE DELL&#8217;ORSO DOMENICA 5"},"content":{"rendered":"<p><img decoding=\"async\" loading=\"lazy\" class=\"alignnone size-full wp-image-141820\" src=\"https:\/\/www.leccecronaca.it\/wordpress\/wp-content\/uploads\/2018\/08\/Locandina-EcoDays.jpg\" alt=\"\" width=\"1024\" height=\"512\" srcset=\"https:\/\/www.leccecronaca.it\/wordpress\/wp-content\/uploads\/2018\/08\/Locandina-EcoDays.jpg 1024w, https:\/\/www.leccecronaca.it\/wordpress\/wp-content\/uploads\/2018\/08\/Locandina-EcoDays-300x150.jpg 300w, https:\/\/www.leccecronaca.it\/wordpress\/wp-content\/uploads\/2018\/08\/Locandina-EcoDays-768x384.jpg 768w, https:\/\/www.leccecronaca.it\/wordpress\/wp-content\/uploads\/2018\/08\/Locandina-EcoDays-600x300.jpg 600w\" sizes=\"(max-width: 1024px) 100vw, 1024px\" \/>(m.b.)______Il mese di agosto \u00e8 prevista una serie di iniziative di tutela dell&#8217; ambiente a Torre dell&#8217;Orso, marina di Melendugno, localit\u00e0 tra le pi\u00f9 acclamate e frequentate.<\/p>\n<p>Proprio per questo necessita di qualche attenzione e riguardo in pi\u00f9 per salvaguardare il suo benessere naturale: ecco perch\u00e9 il Comune di Melendugno in collaborazione con CulturAmbiente Group ha organizzato gli Eco Days di agosto, quattro appuntamenti rivolti a grandi e piccini per valorizzare le potenzialit\u00e0 naturalistiche della marina.<\/p>\n<p>A partire da questa domenica, 5 agosto, presso &#8220;Le due Sorelle&#8221;, prenderanno il via le giornate ecologiche, volte a sensibilizzare le persone ad un comportamento rispettoso dell&#8217;ambiente, che va dalla spiaggia al mare alla pineta, quest&#8217;ultima dichiarata sito di interese comunitario (SIC) e dal primo giugno parco sorvegliato costantemente da un servizio di controllo ad hoc.<\/p>\n<p>Tutti i frequentatori della spiaggia potranno essere coinvolti nelle attivit\u00e0 degli Eco Days, dai giochi a squadre per bambini e famiglie come &#8220;L&#8217;Eco Quiz da Spiaggia&#8221; ai laboratori didattici, dalle escursioni ai racconti all&#8217;ombra dei pini realizzati in collaborazione con l&#8217;associazione di promozione sociale Alba Mediterranea, oltre che momenti di pulizia vera e propria.<\/p>\n<p>Due animatrici seguiranno le varie fasi dalle ore 9 alle 15: le prime tre ore si svolgeranno sulla spiaggia, che sar\u00e0 suddivisa in quattro zone per i quattro appuntamenti, mentre il resto della giornata si svolger\u00e0 in pineta.<\/p>\n<p>Non solo giochi e attivit\u00e0 ludiche, ma anche tanta informazione: compito delle animatrici, infatti, sar\u00e0 anche quello di sensibilizzare e informare i bagnanti sulla corretta gestione dei rifiuti prodotti in spiaggia, illustrando nel dettaglio il collocamento dei bidoni presso le marine e invitando ad utilizzare i cassonetti presenti anche in spiaggia per non abbandonare in maniera incontrollata e incivile l&#8217;immondizia.<\/p>\n<p>Di seguito le quattro giornate degli Eco Days e le rispettive zone:<\/p>\n<p>&#8211; domenica 5 agosto 2018, presso la zona Le due Sorelle<\/p>\n<p>&#8211; domenica 12 agosto 2018, presso la zona La Sorgente<\/p>\n<p>&#8211; domenica 19 agosto 2018, presso la zona Li Tamari<\/p>\n<p>&#8211; venerd\u00ec 24 agosto 2018, presso la zona L\u2019Orsetta<\/p>\n<p>Tutti i bagnanti e turisti sono invitati a partecipare.<\/p>\n<fb:like href='https:\/\/www.leccecronaca.it\/index.php\/2018\/08\/04\/tutela-dell-ambiente-a-torre-dellorso-domenica-5\/' send='true' layout='button_count' show_faces='true' width='450' height='65' action='recommend' colorscheme='light' font='lucida grande'><\/fb:like><span class=\"fb_share\"><fb:like href=\"https:\/\/www.leccecronaca.it\/index.php\/2018\/08\/04\/tutela-dell-ambiente-a-torre-dellorso-domenica-5\/\" layout=\"button_count\"><\/fb:like><\/span>","protected":false},"excerpt":{"rendered":"<p>(m.b.)______Il mese di agosto \u00e8 prevista una serie di iniziative di tutela dell&#8217; ambiente a Torre dell&#8217;Orso, marina di Melendugno, localit\u00e0 tra le pi\u00f9 acclamate e frequentate. Proprio per questo necessita di qualche attenzione e riguardo in pi\u00f9 per salvaguardare il suo benessere naturale: ecco perch\u00e9 il Comune di Melendugno in collaborazione con CulturAmbiente Group [&hellip;]<\/p>\n","protected":false},"author":4,"featured_media":141820,"comment_status":"open","ping_status":"closed","sticky":false,"template":"","format":"standard","meta":[],"categories":[69,75],"tags":[],"_links":{"self":[{"href":"https:\/\/www.leccecronaca.it\/index.php\/wp-json\/wp\/v2\/posts\/141819"}],"collection":[{"href":"https:\/\/www.leccecronaca.it\/index.php\/wp-json\/wp\/v2\/posts"}],"about":[{"href":"https:\/\/www.leccecronaca.it\/index.php\/wp-json\/wp\/v2\/types\/post"}],"author":[{"embeddable":true,"href":"https:\/\/www.leccecronaca.it\/index.php\/wp-json\/wp\/v2\/users\/4"}],"replies":[{"embeddable":true,"href":"https:\/\/www.leccecronaca.it\/index.php\/wp-json\/wp\/v2\/comments?post=141819"}],"version-history":[{"count":1,"href":"https:\/\/www.leccecronaca.it\/index.php\/wp-json\/wp\/v2\/posts\/141819\/revisions"}],"predecessor-version":[{"id":141821,"href":"https:\/\/www.leccecronaca.it\/index.php\/wp-json\/wp\/v2\/posts\/141819\/revisions\/141821"}],"wp:featuredmedia":[{"embeddable":true,"href":"https:\/\/www.leccecronaca.it\/index.php\/wp-json\/wp\/v2\/media\/141820"}],"wp:attachment":[{"href":"https:\/\/www.leccecronaca.it\/index.php\/wp-json\/wp\/v2\/media?parent=141819"}],"wp:term":[{"taxonomy":"category","embeddable":true,"href":"https:\/\/www.leccecronaca.it\/index.php\/wp-json\/wp\/v2\/categories?post=141819"},{"taxonomy":"post_tag","embeddable":true,"href":"https:\/\/www.leccecronaca.it\/index.php\/wp-json\/wp\/v2\/tags?post=141819"}],"curies":[{"name":"wp","href":"https:\/\/api.w.org\/{rel}","templated":true}]}}