{"id":141911,"date":"2018-08-05T13:09:20","date_gmt":"2018-08-05T11:09:20","guid":{"rendered":"http:\/\/www.leccecronaca.it\/?p=141911"},"modified":"2018-08-05T13:16:39","modified_gmt":"2018-08-05T11:16:39","slug":"incidente-stradale-muore-ragazza-di-25-anni","status":"publish","type":"post","link":"https:\/\/www.leccecronaca.it\/index.php\/2018\/08\/05\/incidente-stradale-muore-ragazza-di-25-anni\/","title":{"rendered":"INCIDENTE STRADALE, MUORE UNA GIOVANE DI 27 ANNI"},"content":{"rendered":"<p><img decoding=\"async\" loading=\"lazy\" class=\"alignnone wp-image-141914\" src=\"https:\/\/www.leccecronaca.it\/wordpress\/wp-content\/uploads\/2018\/08\/download-1.jpg\" alt=\"\" width=\"673\" height=\"409\" \/>(e.l.)______Pauroso incidente poco prima delle 6 di questa mattina, un morto e un ferito grave, ad Aradeo, sulla strada provinciale per Noha.<\/p>\n<p>Per cause ancora da accertare, una Fiat Punto \u00e8 andata a finire contro un muretto al lato della carreggiata. L&#8217; impatto \u00e8 stato fortissimo. La ragazza che viaggiava sul sedile anteriore, Valentina Magliocca, 27 anni, di Noha, \u00e8 morta prima dell&#8217; arrivo dei sanitari del 118. Il conducente \u00e8 stato portato al &#8216;Vito Fazzi&#8217; di Lecce (nella foto): \u00e8 grave, ma non in pericolo di vita.<\/p>\n<p>Sono in corso le indagini per accertare l&#8217; esatta dinamica di quanto avvenuto, ed eventuali responsabilit\u00e0.<\/p>\n<p>&nbsp;<\/p>\n<p>&nbsp;<\/p>\n<fb:like href='https:\/\/www.leccecronaca.it\/index.php\/2018\/08\/05\/incidente-stradale-muore-ragazza-di-25-anni\/' send='true' layout='button_count' show_faces='true' width='450' height='65' action='recommend' colorscheme='light' font='lucida grande'><\/fb:like><span class=\"fb_share\"><fb:like href=\"https:\/\/www.leccecronaca.it\/index.php\/2018\/08\/05\/incidente-stradale-muore-ragazza-di-25-anni\/\" layout=\"button_count\"><\/fb:like><\/span>","protected":false},"excerpt":{"rendered":"<p>(e.l.)______Pauroso incidente poco prima delle 6 di questa mattina, un morto e un ferito grave, ad Aradeo, sulla strada provinciale per Noha. Per cause ancora da accertare, una Fiat Punto \u00e8 andata a finire contro un muretto al lato della carreggiata. L&#8217; impatto \u00e8 stato fortissimo. La ragazza che viaggiava sul sedile anteriore, Valentina Magliocca, [&hellip;]<\/p>\n","protected":false},"author":4,"featured_media":141914,"comment_status":"open","ping_status":"closed","sticky":false,"template":"","format":"standard","meta":[],"categories":[69],"tags":[],"_links":{"self":[{"href":"https:\/\/www.leccecronaca.it\/index.php\/wp-json\/wp\/v2\/posts\/141911"}],"collection":[{"href":"https:\/\/www.leccecronaca.it\/index.php\/wp-json\/wp\/v2\/posts"}],"about":[{"href":"https:\/\/www.leccecronaca.it\/index.php\/wp-json\/wp\/v2\/types\/post"}],"author":[{"embeddable":true,"href":"https:\/\/www.leccecronaca.it\/index.php\/wp-json\/wp\/v2\/users\/4"}],"replies":[{"embeddable":true,"href":"https:\/\/www.leccecronaca.it\/index.php\/wp-json\/wp\/v2\/comments?post=141911"}],"version-history":[{"count":3,"href":"https:\/\/www.leccecronaca.it\/index.php\/wp-json\/wp\/v2\/posts\/141911\/revisions"}],"predecessor-version":[{"id":141917,"href":"https:\/\/www.leccecronaca.it\/index.php\/wp-json\/wp\/v2\/posts\/141911\/revisions\/141917"}],"wp:featuredmedia":[{"embeddable":true,"href":"https:\/\/www.leccecronaca.it\/index.php\/wp-json\/wp\/v2\/media\/141914"}],"wp:attachment":[{"href":"https:\/\/www.leccecronaca.it\/index.php\/wp-json\/wp\/v2\/media?parent=141911"}],"wp:term":[{"taxonomy":"category","embeddable":true,"href":"https:\/\/www.leccecronaca.it\/index.php\/wp-json\/wp\/v2\/categories?post=141911"},{"taxonomy":"post_tag","embeddable":true,"href":"https:\/\/www.leccecronaca.it\/index.php\/wp-json\/wp\/v2\/tags?post=141911"}],"curies":[{"name":"wp","href":"https:\/\/api.w.org\/{rel}","templated":true}]}}