{"id":141992,"date":"2018-08-06T18:22:43","date_gmt":"2018-08-06T16:22:43","guid":{"rendered":"http:\/\/www.leccecronaca.it\/?p=141992"},"modified":"2018-08-06T18:24:51","modified_gmt":"2018-08-06T16:24:51","slug":"il-prepartita-prima-partita-vera-sfida-di-coppa-italia-con-il-feralpisalo-martedi-7-20-30-al-via-del-mare","status":"publish","type":"post","link":"https:\/\/www.leccecronaca.it\/index.php\/2018\/08\/06\/il-prepartita-prima-partita-vera-sfida-di-coppa-italia-con-il-feralpisalo-martedi-7-20-30-al-via-del-mare\/","title":{"rendered":"IL PREPARTITA \/ PRIMA GARA VERA DELLA STAGIONE PER IL LECCE, SFIDA DI COPPA ITALIA CON IL FERALPISALO&#8217;, MARTEDI&#8217; 7, 20.30, AL VIA DEL MARE"},"content":{"rendered":"<p><img decoding=\"async\" loading=\"lazy\" class=\"alignnone size-full wp-image-141993\" src=\"https:\/\/www.leccecronaca.it\/wordpress\/wp-content\/uploads\/2018\/08\/38515442_1570015159769578_1849913852578234368_n.jpg\" alt=\"\" width=\"960\" height=\"960\" srcset=\"https:\/\/www.leccecronaca.it\/wordpress\/wp-content\/uploads\/2018\/08\/38515442_1570015159769578_1849913852578234368_n.jpg 960w, https:\/\/www.leccecronaca.it\/wordpress\/wp-content\/uploads\/2018\/08\/38515442_1570015159769578_1849913852578234368_n-300x300.jpg 300w, https:\/\/www.leccecronaca.it\/wordpress\/wp-content\/uploads\/2018\/08\/38515442_1570015159769578_1849913852578234368_n-150x150.jpg 150w, https:\/\/www.leccecronaca.it\/wordpress\/wp-content\/uploads\/2018\/08\/38515442_1570015159769578_1849913852578234368_n-768x768.jpg 768w, https:\/\/www.leccecronaca.it\/wordpress\/wp-content\/uploads\/2018\/08\/38515442_1570015159769578_1849913852578234368_n-60x60.jpg 60w\" sizes=\"(max-width: 960px) 100vw, 960px\" \/>(Rdl)______<em>&#8220;In ritiro abbiamo lavorato bene, questo \u00e8 il periodo di nascita di una squadra. Sicuramente dopo tre settimane e mezzo di lavoro non posso dire ancora a che punto siamo.\u00a0<\/em><\/p>\n<p><em>Domani siamo impegnati nella prima gara ufficiale di questa stagione sportiva, e va onorata. <\/em><\/p>\n<p><em>La condizione atletica non la far\u00e0 da padrona e quello che voglio vedere \u00e8 proprio come gestiremo un match nel quale la condizione non sar\u00e0 ottimale. Sia i nuovi acquisti che i vecchi mi dovranno dare dei messaggi per vedere dove poter crescere. <\/em><\/p>\n<p><em>Di sicuro la condizione del terreno di gioco, che \u00e8 precaria, non permetter\u00e0 di esprimere un calcio tecnico e veloce\u201d.<\/em><\/p>\n<p>Cos\u00ec mister Liverani ha presentato appunto la prima gara ufficiale della stagione, valida per il secondo turno di Coppa Italia, in programma al via del Mare marted\u00ec 7 alle 20.30.<\/p>\n<p>Chiss\u00e0 perch\u00e8 spostata di due giorni, rispetto alle altre gare del tabellone, magari cos\u00ec, tanto per fare spezzatino, ormai imperante.<\/p>\n<p>Non ci sono dirette tv di nessun tipo, per vederla bisogna andare allo stadio.<\/p>\n<p>Chi vince va avanti, e si regala la sfida con una formazione di serie A, il Genoa, sabato 11 agosto, allo stadio Luigi Ferraris di Genova.<\/p>\n<p>La formazione di Sal\u00f2 (nella foto, la partenza e il viaggio in aereo per Brindisi), in provincia di Brescia, \u00e8 una rodata protagonista della serie C, dove ha sempre ben figurato, e ora \u00e8 guidata dal tecnico\u00a0Domenico Toscano;\u00a0ha esordito in Coppa Italia gi\u00e0 la scorsa settimana, al primo turno, in casa,\u00a0 contro la\u00a0Virtus Francavilla, battendola per 2-0 con doppietta di Mattia Marchi, quindi osservato speciale.<\/p>\n<p>Il Lecce \u00e8 ancora un gruppo, fra l&#8217; altro pieno di giocatori che ancora devono trovare la loro dimensione, e sono sospesi, mentre magari altri sono in procinto di arrivare.<\/p>\n<p>Vedremo domani sera fino a che punto, sapendo quanto sia difficile stando cos\u00ec le cose, questo gruppo \u00e8 gi\u00e0 una squadra.<\/p>\n<p>&nbsp;<\/p>\n<p>&nbsp;<\/p>\n<fb:like href='https:\/\/www.leccecronaca.it\/index.php\/2018\/08\/06\/il-prepartita-prima-partita-vera-sfida-di-coppa-italia-con-il-feralpisalo-martedi-7-20-30-al-via-del-mare\/' send='true' layout='button_count' show_faces='true' width='450' height='65' action='recommend' colorscheme='light' font='lucida grande'><\/fb:like><span class=\"fb_share\"><fb:like href=\"https:\/\/www.leccecronaca.it\/index.php\/2018\/08\/06\/il-prepartita-prima-partita-vera-sfida-di-coppa-italia-con-il-feralpisalo-martedi-7-20-30-al-via-del-mare\/\" layout=\"button_count\"><\/fb:like><\/span>","protected":false},"excerpt":{"rendered":"<p>(Rdl)______&#8220;In ritiro abbiamo lavorato bene, questo \u00e8 il periodo di nascita di una squadra. Sicuramente dopo tre settimane e mezzo di lavoro non posso dire ancora a che punto siamo.\u00a0 Domani siamo impegnati nella prima gara ufficiale di questa stagione sportiva, e va onorata. La condizione atletica non la far\u00e0 da padrona e quello che [&hellip;]<\/p>\n","protected":false},"author":4,"featured_media":141993,"comment_status":"open","ping_status":"closed","sticky":false,"template":"","format":"standard","meta":[],"categories":[28],"tags":[],"_links":{"self":[{"href":"https:\/\/www.leccecronaca.it\/index.php\/wp-json\/wp\/v2\/posts\/141992"}],"collection":[{"href":"https:\/\/www.leccecronaca.it\/index.php\/wp-json\/wp\/v2\/posts"}],"about":[{"href":"https:\/\/www.leccecronaca.it\/index.php\/wp-json\/wp\/v2\/types\/post"}],"author":[{"embeddable":true,"href":"https:\/\/www.leccecronaca.it\/index.php\/wp-json\/wp\/v2\/users\/4"}],"replies":[{"embeddable":true,"href":"https:\/\/www.leccecronaca.it\/index.php\/wp-json\/wp\/v2\/comments?post=141992"}],"version-history":[{"count":2,"href":"https:\/\/www.leccecronaca.it\/index.php\/wp-json\/wp\/v2\/posts\/141992\/revisions"}],"predecessor-version":[{"id":141995,"href":"https:\/\/www.leccecronaca.it\/index.php\/wp-json\/wp\/v2\/posts\/141992\/revisions\/141995"}],"wp:featuredmedia":[{"embeddable":true,"href":"https:\/\/www.leccecronaca.it\/index.php\/wp-json\/wp\/v2\/media\/141993"}],"wp:attachment":[{"href":"https:\/\/www.leccecronaca.it\/index.php\/wp-json\/wp\/v2\/media?parent=141992"}],"wp:term":[{"taxonomy":"category","embeddable":true,"href":"https:\/\/www.leccecronaca.it\/index.php\/wp-json\/wp\/v2\/categories?post=141992"},{"taxonomy":"post_tag","embeddable":true,"href":"https:\/\/www.leccecronaca.it\/index.php\/wp-json\/wp\/v2\/tags?post=141992"}],"curies":[{"name":"wp","href":"https:\/\/api.w.org\/{rel}","templated":true}]}}