{"id":142022,"date":"2018-08-07T15:19:51","date_gmt":"2018-08-07T13:19:51","guid":{"rendered":"http:\/\/www.leccecronaca.it\/?p=142022"},"modified":"2018-08-12T17:42:53","modified_gmt":"2018-08-12T15:42:53","slug":"diritto-di-replica-rettifica-rene-de-picciotto-a-leccecronaca-it-avete-tratto-conclusioni-sulla-base-di-premesse-errate-non-voglio-fare-rifugi-per-i-ricchi-orfani-di-briatore-non-voglio","status":"publish","type":"post","link":"https:\/\/www.leccecronaca.it\/index.php\/2018\/08\/07\/diritto-di-replica-rettifica-rene-de-picciotto-a-leccecronaca-it-avete-tratto-conclusioni-sulla-base-di-premesse-errate-non-voglio-fare-rifugi-per-i-ricchi-orfani-di-briatore-non-voglio\/","title":{"rendered":"DIRITTO DI REPLICA \/ RETTIFICA \/ RENE&#8217; DE PICCIOTTO A leccecronaca.it: &#8220;Avete tratto conclusioni sulla base di premesse errate. Non voglio fare rifugi per i &#8216;ricchi&#8217; orfani di Briatore. Non voglio colonizzare Lecce. La mia \u00e8 una famiglia di profughi, non di conquistatori&#8221;"},"content":{"rendered":"<p><img decoding=\"async\" loading=\"lazy\" class=\"alignnone size-full wp-image-142025\" src=\"https:\/\/www.leccecronaca.it\/wordpress\/wp-content\/uploads\/2018\/08\/rdp-1.jpg\" alt=\"\" width=\"990\" height=\"835\" srcset=\"https:\/\/www.leccecronaca.it\/wordpress\/wp-content\/uploads\/2018\/08\/rdp-1.jpg 990w, https:\/\/www.leccecronaca.it\/wordpress\/wp-content\/uploads\/2018\/08\/rdp-1-300x253.jpg 300w, https:\/\/www.leccecronaca.it\/wordpress\/wp-content\/uploads\/2018\/08\/rdp-1-768x648.jpg 768w\" sizes=\"(max-width: 990px) 100vw, 990px\" \/><img decoding=\"async\" loading=\"lazy\" class=\"alignnone size-full wp-image-142023\" src=\"https:\/\/www.leccecronaca.it\/wordpress\/wp-content\/uploads\/2018\/08\/rdp.jpg\" alt=\"\" width=\"990\" height=\"835\" srcset=\"https:\/\/www.leccecronaca.it\/wordpress\/wp-content\/uploads\/2018\/08\/rdp.jpg 990w, https:\/\/www.leccecronaca.it\/wordpress\/wp-content\/uploads\/2018\/08\/rdp-300x253.jpg 300w, https:\/\/www.leccecronaca.it\/wordpress\/wp-content\/uploads\/2018\/08\/rdp-768x648.jpg 768w\" sizes=\"(max-width: 990px) 100vw, 990px\" \/>Riceviamo e doverosamente pubblichiamo. Anzi, ringraziamo il dottor De Picciotto per la Sua circostanziata replica, che pubblichiamo con la stessa enfasi di quella usata nelle scorse settimane per i\u00a0 &#8216;pezzi&#8217; che lo riguardano. Ne prendiamo atto a Suo diritto di replica, e per rettifica.<\/p>\n<p>Chiediamo scusa inoltre per le inesattezze che ci ha segnalato,\u00a0\u00a0e, ancora, se, nell&#8217; enfasi polemica, nel dna del nostro quotidiano, abbiamo mal interpretato fatti o atteggiamenti che Lo riguardano.<\/p>\n<p>Questo per conto dei nostri lettori, che cos\u00ec hanno ora modo di sentirlo direttamente, e confrontare quanto ci ha detto, preziose informazioni inedite comprese, con\u00a0 quello che abbiamo scritto noi, con ci\u00f2 potendo ognuno farsi la propria libera idea al riguardo______<\/p>\n<p>Egregio Direttore,<br \/>\nho avuto modo di leggere diversi articoli che mi riguardano sul quotidiano on line da lei diretto.<br \/>\nVorrei evidenziare cinque aspetti su cui riflettere.<\/p>\n<p>1)<strong> sugli errori materiali.<\/strong><br \/>\nSono italiano (solo italiano) pur essendo nato in Egitto.<\/p>\n<p>Non ho mai vissuto in Italia prima di quest\u2019anno,\u00a0quando, a gennaio, ho deciso di prendere finalmente la residenza in Italia.<br \/>\nSono figlio unico, non ho fratelli e sorelle, non ho mai avuto banche di famiglia. Le sue informazioni sul\u00a0mio presunto fratello banchiere si riferiscono invece ad un mio cugino di secondo grado.<\/p>\n<p>Ho cominciato la mia carriera pi\u00f9 di cinquanta anni fa lavorando in banca in Francia da impiegato e poi,\u00a0arrivato ai vertici come dirigente, ho deciso di mettermi in proprio trasferendomi in Svizzera.<\/p>\n<p>Ho cominciato\u00a0fondando una piccola banca. Ho fatto il banchiere per circa trenta anni con qualche fortuna ed un po\u2019 di impegno,\u00a0in Svizzera e negli Stati Uniti, fino a quando ho deciso di cedere le mie partecipazioni in aziende del settore\u00a0bancario.<br \/>\nNon voglio costruire nessun monumento alla mia persona e nessun rifugio per \u201cricchi\u201d orfani di<br \/>\nBriatore.<\/p>\n<p>Non voglio fare il mecenate (o almeno non in questo caso, riservandomi la possibilit\u00e0 di decidere di<br \/>\npoterlo fare in futuro), ma semplicemente creare una piccola impresa attiva nei settori che conosco meglio.<br \/>\nQuello della ricettivit\u00e0 turistica e del commercio.<\/p>\n<p>Tantomeno mi occupo di turismo d\u2019elite. Posseggo strutture ricettive di ogni genere in posti diversi del\u00a0mondo, alcune low cost, altre di lusso. Semplicemente mi adatto al luogo in cui vado ed a quello che il\u00a0mercato richiede in quei luoghi.<\/p>\n<p>Mi auguro di poter dare lavoro alla gente, in relazione ai ricavi che le mie\u00a0iniziative generano o possono generare, con la speranza di ottenere prima o poi anche dei profitti.<\/p>\n<p>Non farei\u00a0impresa altrimenti.<\/p>\n<p>&nbsp;<\/p>\n<p>2) <strong>Sulla confusione volontaria (o meno) che cerca di creare.<\/strong><br \/>\nNon ho intenzione, non l\u2019ho mai avuta, di far diventare il palazzo gi\u00e0 sede del Banco di Napoli un resort\u00a0extralusso, ma ho semplicemente intenzione di creare un bar e degli spazi commerciali al piano rialzato (sei\u00a0per la precisione) e di realizzare una palestra con un piccolo centro benessere al piano seminterrato.<\/p>\n<p>Tutto\u00a0ci\u00f2 cercando di minimizzare gli interventi (all\u2019esterno ed all\u2019interno del palazzo) per preservare la bellezza dei\u00a0rivestimenti esistenti (soprattutto i marmi presenti all\u2019interno).<br \/>\nPrima di procedere in questa direzione ho fatto condurre dai tecnici una ricerca storica, per<br \/>\ncomprendere la genesi del palazzo ed ho chiesto loro di rispettare, per quanto possibile, l\u2019originaria<br \/>\narchitettura della costruzione.<br \/>\nAi piani superiori, il progetto di ristrutturazione del palazzo, prevede la realizzazione di residenze<br \/>\nattrezzate per la locazione di \u201ccase per vacanza\u201d, secondo le previsioni delle norme regionali sulle strutture\u00a0ricettive extra-alberghiere.\u00a0Non ci sar\u00e0 lusso, ne extra-lusso, ma appartamenti con angolo cucina e salotto\u00a0che presumibilmente saranno offerte in locazione breve a prezzi pari ad un normale albergo a 4 stelle che\u00a0offre analoghi servizi.<\/p>\n<p>3)<strong> Sull\u2019invidia e l\u2019ignoranza dei fatti.<\/strong><br \/>\nNon ho mai detto di voler costruire il nuovo stadio; ho detto invece che oggi a Lecce ci\u00f2 non \u00e8 possibile\u00a0per varie ragioni. Ho detto di voler provare ad acquisire (tramite l\u2019U.S. Lecce) lo stadio esistente per\u00a0rimodernarlo e renderlo idoneo ad affrontare il nuovo campionato e per eventuali esigenze future.<\/p>\n<p>Per far\u00a0ci\u00f2 occorreva ed occorre un progetto che sia economicamente sostenibile a breve termine. Non ho trovato,\u00a0in relazione a questo progetto, la condivisione (sperata) da parte dell\u2019Amministrazione comunale e quindi\u00a0siamo andati avanti nel rispetto ciascuno dei propri impegni e del proprio ruolo.<br \/>\nMi sono dichiarato disponibile ad anticipare delle risorse finanziarie per portare\u00a0 a termine un progetto\u00a0di ammodernamento dello stadio, nelle more di un\u2019acquisizione della propriet\u00e0 da parte dell\u2019U.S. Lecce che\u00a0fosse pre-concordata col Comune. Ma questo, per l\u2019amministrazione comunale, non era giuridicamente\u00a0possibile.<\/p>\n<p>&nbsp;<\/p>\n<p>Non ho presentato alcun progetto di ampliamento della Masseria Fortificata Pettolecchia. Abbiamo<br \/>\nottenuto l\u2019assenso formale e sostanziale della Soprintendenza al progetto di recupero proposto (gi\u00e0 da luglio\u00a0del 2017) ed attendiamo solo il permesso definitivo del Comune di Fasano, senza del quale potremmo\u00a0ugualmente procedere con i lavori.<\/p>\n<p>&nbsp;<\/p>\n<p>Per quanto riguarda il lido privato: abbiamo ottenuto il dissequestro del cantiere dopo neanche due<br \/>\nmesi dal sequestro (dovuto alla presenza di un \u201ccordolo non autorizzato di 30 cm di altezza\u201d) ed il giudice ha\u00a0archiviato il procedimento.<br \/>\nMi sembra strano che nei suoi articoli non menzioni il lido pubblico (ad accesso gratuito per chiunque)\u00a0che sar\u00e0 costruito, in adiacenza al privato, a spese della nostra societ\u00e0.<\/p>\n<p>Rispetto al Cinema \u201cRoma\u201d dovrebbe forse, come sempre, verificare meglio le sue fonti per<br \/>\ncomprendere che stiamo ristrutturando l\u2019immobile per farne un cinema-teatro degno di tal nome, con\u00a0soluzioni tecniche all\u2019avanguardia.<\/p>\n<p>&nbsp;<\/p>\n<p>4) <strong>Sulla realt\u00e0 degli investimenti.<\/strong><br \/>\nNel Lecce ho investito denaro, non ho solo acquistato quote. Non ho nessuna difficolt\u00e0\u00a0 a dirle che ho\u00a0contribuito con circa due milioni di euro, ad oggi, al capitale della societ\u00e0, ripianando perdite e favorendo lacrescita della societ\u00e0 per fare in modo di affrontare il campionato della serie cadetta in maniera pi\u00f9 che\u00a0dignitosa.<br \/>\nL\u2019ho fatto non perch\u00e9 abbia il cuore o il portafoglio giallorosso, ma per la considerazione che ho per la\u00a0compagine sociale, composta da gente per bene.<\/p>\n<p>In seguito ho avuto la possibilit\u00e0, grazie ai miei soci, a cui avevo chiesto consiglio, di guardarmi intorno\u00a0per capire se ci fosse la possibilit\u00e0 di fare impresa anche a Lecce, come faccio altrove nel mondo; ho ritenuto\u00a0che quel palazzo, l\u00ec proprio nel cuore della citt\u00e0, \u201cabbandonato\u201d da dieci anni, di fronte al teatro ed al castello\u00a0ed a due passi dalla piazza Sant\u2019Oronzo, fosse una buona occasione imprenditoriale; ho esposto il mio\u00a0progetto all\u2019amministrazione che lo ha condiviso.<\/p>\n<p>5) <strong>Sulla polemica sterile dei suoi articoli.<\/strong><br \/>\nMi ha sorpreso che una persona con il suo curriculum vitae abbia potuto trarre conclusioni ed<br \/>\nesprimere opinioni sulla base di premesse che non corrispondono in alcun modo alla realt\u00e0 dei fatti.<br \/>\nNon ho intenzione di colonizzare nessuna citt\u00e0, tantomeno Lecce; questa sua affermazione non<br \/>\nrappresenta il modo di essere e di vivere mio e della mia famiglia. Non abbiamo mai colonizzato i posti dove\u00a0abbiamo vissuto. La mia \u00e8 una famiglia di profughi, non di conquistatori.<\/p>\n<p><strong>Ren\u00e8 de Picciotto______<\/strong><\/p>\n<p>LA RICERCA nell&#8217; ultimo nostro articolo di due giorni fa<\/p>\n<blockquote class=\"wp-embedded-content\" data-secret=\"QQJsjDaofT\"><p><a href=\"https:\/\/www.leccecronaca.it\/index.php\/2018\/08\/05\/de-picciotto-gossip-da-fare\/\">PARTY PRIVATI E PUBBLICHE VIRTU&#8217;, LA CALDA ESTATE SALENTINA DEL BANCHIERE SVIZZERO RENE&#8217; DE PICCIOTTO<\/a><\/p><\/blockquote>\n<p><iframe class=\"wp-embedded-content\" sandbox=\"allow-scripts\" security=\"restricted\" style=\"position: absolute; clip: rect(1px, 1px, 1px, 1px);\" src=\"https:\/\/www.leccecronaca.it\/index.php\/2018\/08\/05\/de-picciotto-gossip-da-fare\/embed\/#?secret=QQJsjDaofT\" data-secret=\"QQJsjDaofT\" width=\"500\" height=\"282\" title=\"&#8220;PARTY PRIVATI E PUBBLICHE VIRTU&#8217;, LA CALDA ESTATE SALENTINA DEL BANCHIERE SVIZZERO RENE&#8217; DE PICCIOTTO&#8221; &#8212; LecceCronaca.it\" frameborder=\"0\" marginwidth=\"0\" marginheight=\"0\" scrolling=\"no\"><\/iframe><\/p>\n<fb:like href='https:\/\/www.leccecronaca.it\/index.php\/2018\/08\/07\/diritto-di-replica-rettifica-rene-de-picciotto-a-leccecronaca-it-avete-tratto-conclusioni-sulla-base-di-premesse-errate-non-voglio-fare-rifugi-per-i-ricchi-orfani-di-briatore-non-voglio\/' send='true' layout='button_count' show_faces='true' width='450' height='65' action='recommend' colorscheme='light' font='lucida grande'><\/fb:like><span class=\"fb_share\"><fb:like href=\"https:\/\/www.leccecronaca.it\/index.php\/2018\/08\/07\/diritto-di-replica-rettifica-rene-de-picciotto-a-leccecronaca-it-avete-tratto-conclusioni-sulla-base-di-premesse-errate-non-voglio-fare-rifugi-per-i-ricchi-orfani-di-briatore-non-voglio\/\" layout=\"button_count\"><\/fb:like><\/span>","protected":false},"excerpt":{"rendered":"<p>Riceviamo e doverosamente pubblichiamo. Anzi, ringraziamo il dottor De Picciotto per la Sua circostanziata replica, che pubblichiamo con la stessa enfasi di quella usata nelle scorse settimane per i\u00a0 &#8216;pezzi&#8217; che lo riguardano. Ne prendiamo atto a Suo diritto di replica, e per rettifica. Chiediamo scusa inoltre per le inesattezze che ci ha segnalato,\u00a0\u00a0e, ancora, [&hellip;]<\/p>\n","protected":false},"author":4,"featured_media":142025,"comment_status":"open","ping_status":"closed","sticky":false,"template":"","format":"standard","meta":[],"categories":[69,76],"tags":[],"_links":{"self":[{"href":"https:\/\/www.leccecronaca.it\/index.php\/wp-json\/wp\/v2\/posts\/142022"}],"collection":[{"href":"https:\/\/www.leccecronaca.it\/index.php\/wp-json\/wp\/v2\/posts"}],"about":[{"href":"https:\/\/www.leccecronaca.it\/index.php\/wp-json\/wp\/v2\/types\/post"}],"author":[{"embeddable":true,"href":"https:\/\/www.leccecronaca.it\/index.php\/wp-json\/wp\/v2\/users\/4"}],"replies":[{"embeddable":true,"href":"https:\/\/www.leccecronaca.it\/index.php\/wp-json\/wp\/v2\/comments?post=142022"}],"version-history":[{"count":4,"href":"https:\/\/www.leccecronaca.it\/index.php\/wp-json\/wp\/v2\/posts\/142022\/revisions"}],"predecessor-version":[{"id":142028,"href":"https:\/\/www.leccecronaca.it\/index.php\/wp-json\/wp\/v2\/posts\/142022\/revisions\/142028"}],"wp:featuredmedia":[{"embeddable":true,"href":"https:\/\/www.leccecronaca.it\/index.php\/wp-json\/wp\/v2\/media\/142025"}],"wp:attachment":[{"href":"https:\/\/www.leccecronaca.it\/index.php\/wp-json\/wp\/v2\/media?parent=142022"}],"wp:term":[{"taxonomy":"category","embeddable":true,"href":"https:\/\/www.leccecronaca.it\/index.php\/wp-json\/wp\/v2\/categories?post=142022"},{"taxonomy":"post_tag","embeddable":true,"href":"https:\/\/www.leccecronaca.it\/index.php\/wp-json\/wp\/v2\/tags?post=142022"}],"curies":[{"name":"wp","href":"https:\/\/api.w.org\/{rel}","templated":true}]}}