{"id":142034,"date":"2018-08-07T16:44:39","date_gmt":"2018-08-07T14:44:39","guid":{"rendered":"http:\/\/www.leccecronaca.it\/?p=142034"},"modified":"2018-08-07T16:44:39","modified_gmt":"2018-08-07T14:44:39","slug":"riaprono-i-servizi-igienici-della-villa-comunale","status":"publish","type":"post","link":"https:\/\/www.leccecronaca.it\/index.php\/2018\/08\/07\/riaprono-i-servizi-igienici-della-villa-comunale\/","title":{"rendered":"RIAPRONO I SERVIZI IGIENICI DELLA VILLA COMUNALE"},"content":{"rendered":"<p><img decoding=\"async\" loading=\"lazy\" class=\"alignnone size-full wp-image-142035\" src=\"https:\/\/www.leccecronaca.it\/wordpress\/wp-content\/uploads\/2018\/08\/bagni-pubblici.jpeg\" alt=\"\" width=\"1600\" height=\"898\" srcset=\"https:\/\/www.leccecronaca.it\/wordpress\/wp-content\/uploads\/2018\/08\/bagni-pubblici.jpeg 1600w, https:\/\/www.leccecronaca.it\/wordpress\/wp-content\/uploads\/2018\/08\/bagni-pubblici-300x168.jpeg 300w, https:\/\/www.leccecronaca.it\/wordpress\/wp-content\/uploads\/2018\/08\/bagni-pubblici-1024x575.jpeg 1024w, https:\/\/www.leccecronaca.it\/wordpress\/wp-content\/uploads\/2018\/08\/bagni-pubblici-768x431.jpeg 768w, https:\/\/www.leccecronaca.it\/wordpress\/wp-content\/uploads\/2018\/08\/bagni-pubblici-1536x862.jpeg 1536w\" sizes=\"(max-width: 1600px) 100vw, 1600px\" \/>Riceviamo e volentieri pubblichiamo. L&#8217; ufficio stampa del Comune di Lecce ci manda il seguente comunicato______<\/p>\n<p>Saranno fruibili da\u00a0domani, negli orari di apertura della Villa Comunale, i nuovi bagni pubblici. Terminati i lavori di restyling completo, dagli interni alla facciata, la struttura \u00e8 pronta ad aprire le porte ai leccesi e ai turisti in visita nella citt\u00e0.<\/p>\n<p>Situata all&#8217;ingresso di Via Garibaldi all&#8217;altezza dell&#8217;Istituto Superiore Calasso e segnalata attraverso un&#8217;insegna multilingue, la struttura ospita un bagno per le donne, un bagno per gli uomini, uno per le persone con disabilit\u00e0 e una nursery dotata di fasciatoio, lavandini e poltroncine per consentire alle neo mamme di allattare in tranquillit\u00e0. L&#8217;ingresso agli ambienti \u00e8 regolato da una gettoniera.<\/p>\n<p>Al fine di garantire un accesso semplice e sicuro alle persone cieche, \u00e8 stata posizionata all&#8217;ingresso dell&#8217;immobile una mappa tattile-visiva. La struttura \u00e8 alimentata per il riscaldamento dell&#8217;acqua da pannelli solari.<\/p>\n<p>\u201cAbbiamo fornito la corretta sistemazione ad un servizio essenziale collocato nel centro della citt\u00e0, che verr\u00e0 fruito da leccesi e dai tanti turisti che visitano la citt\u00e0 \u2013\u00a0dichiara l&#8217;assessore ai Lavori Pubblici\u00a0Alessandro Delli Noci\u00a0&#8211; la parola d&#8217;ordine \u00e8 aver cura di luoghi a cui ci siamo preoccupati di restituire dignit\u00e0 e di ammodernarlo per fornire un servizio necessario a tutti\u201d.<\/p>\n<fb:like href='https:\/\/www.leccecronaca.it\/index.php\/2018\/08\/07\/riaprono-i-servizi-igienici-della-villa-comunale\/' send='true' layout='button_count' show_faces='true' width='450' height='65' action='recommend' colorscheme='light' font='lucida grande'><\/fb:like><span class=\"fb_share\"><fb:like href=\"https:\/\/www.leccecronaca.it\/index.php\/2018\/08\/07\/riaprono-i-servizi-igienici-della-villa-comunale\/\" layout=\"button_count\"><\/fb:like><\/span>","protected":false},"excerpt":{"rendered":"<p>Riceviamo e volentieri pubblichiamo. L&#8217; ufficio stampa del Comune di Lecce ci manda il seguente comunicato______ Saranno fruibili da\u00a0domani, negli orari di apertura della Villa Comunale, i nuovi bagni pubblici. Terminati i lavori di restyling completo, dagli interni alla facciata, la struttura \u00e8 pronta ad aprire le porte ai leccesi e ai turisti in visita [&hellip;]<\/p>\n","protected":false},"author":4,"featured_media":142035,"comment_status":"open","ping_status":"closed","sticky":false,"template":"","format":"standard","meta":[],"categories":[69,36],"tags":[],"_links":{"self":[{"href":"https:\/\/www.leccecronaca.it\/index.php\/wp-json\/wp\/v2\/posts\/142034"}],"collection":[{"href":"https:\/\/www.leccecronaca.it\/index.php\/wp-json\/wp\/v2\/posts"}],"about":[{"href":"https:\/\/www.leccecronaca.it\/index.php\/wp-json\/wp\/v2\/types\/post"}],"author":[{"embeddable":true,"href":"https:\/\/www.leccecronaca.it\/index.php\/wp-json\/wp\/v2\/users\/4"}],"replies":[{"embeddable":true,"href":"https:\/\/www.leccecronaca.it\/index.php\/wp-json\/wp\/v2\/comments?post=142034"}],"version-history":[{"count":1,"href":"https:\/\/www.leccecronaca.it\/index.php\/wp-json\/wp\/v2\/posts\/142034\/revisions"}],"predecessor-version":[{"id":142036,"href":"https:\/\/www.leccecronaca.it\/index.php\/wp-json\/wp\/v2\/posts\/142034\/revisions\/142036"}],"wp:featuredmedia":[{"embeddable":true,"href":"https:\/\/www.leccecronaca.it\/index.php\/wp-json\/wp\/v2\/media\/142035"}],"wp:attachment":[{"href":"https:\/\/www.leccecronaca.it\/index.php\/wp-json\/wp\/v2\/media?parent=142034"}],"wp:term":[{"taxonomy":"category","embeddable":true,"href":"https:\/\/www.leccecronaca.it\/index.php\/wp-json\/wp\/v2\/categories?post=142034"},{"taxonomy":"post_tag","embeddable":true,"href":"https:\/\/www.leccecronaca.it\/index.php\/wp-json\/wp\/v2\/tags?post=142034"}],"curies":[{"name":"wp","href":"https:\/\/api.w.org\/{rel}","templated":true}]}}