{"id":142061,"date":"2018-08-08T14:12:56","date_gmt":"2018-08-08T12:12:56","guid":{"rendered":"http:\/\/www.leccecronaca.it\/?p=142061"},"modified":"2018-08-08T14:12:56","modified_gmt":"2018-08-08T12:12:56","slug":"note-di-gusto-a-torre-dellorso-da-giovedi-9","status":"publish","type":"post","link":"https:\/\/www.leccecronaca.it\/index.php\/2018\/08\/08\/note-di-gusto-a-torre-dellorso-da-giovedi-9\/","title":{"rendered":"&#8216;NOTE DI GUSTO&#8217; A TORRE DELL&#8217;ORSO DA GIOVEDI&#8217; 9"},"content":{"rendered":"<p><img decoding=\"async\" loading=\"lazy\" class=\"alignnone size-full wp-image-142062\" src=\"https:\/\/www.leccecronaca.it\/wordpress\/wp-content\/uploads\/2018\/08\/8e4a8b1b-188e-4a08-8a4b-1c0683aa717c.jpg\" alt=\"\" width=\"3264\" height=\"2448\" \/>(m.b.)______Sapori, musica e mare: &#8220;Note di gusto&#8221; si affaccia per tre giorni a Torre Dell&#8217;Orso<\/p>\n<p>Dal 9 all&#8217;11 agosto Torre Dell&#8217;Orso ospita &#8220;Note di gusto&#8221;, un evento gastronomico itinerante che porta in piazza Salvo D&#8217;Acquisto (nella foto) la riscoperta delle tradizioni culinarie attraverso percorsi gastronomici, degustazione di prodotti tipici, street food, wine tasting, show cooking e musica dal vivo.<\/p>\n<p>La manifestazione, che si svolge a pochi passi dal mare pi\u00f9 blu del Salento, rientra nel cartellone di eventi del Comune di Melendugno, il Blu Festival, ed \u00e8 organizzata dall&#8217;Associazione Culturale CreAttivo in collaborazione con Music Empire Agenzia Eventi \u2013 Otranto e Puglia Rewind.<\/p>\n<p>Tre giorni dedicati alla promozione del nostro territorio e dei suoi produttori per trasmettere il messaggio che il Salento dispone di tante risorse oltre allo splendido mare, come la grande attenzione per la produzione di prodotti bio, la valorizzazione del patrimonio naturalistico e del turismo eno-gastronomico.<\/p>\n<p>Tutt&#8217;intorno alla fontana zampillante della piazza, unica nel suo genere in Puglia, si dirameranno gli stand gastronomici che metteranno in bella mostra le eccellenze del territorio guidando gli avventori in un vero e proprio tour di gusto e sapori allietato da tanta musica dal vivo.<\/p>\n<p>Gli stand apriranno tutte le sere alle 19.30, mentre in seconda serata prender\u00e0 il via il programma musicale: gioved\u00ec 9 agosto si aprono le danze con una raffinata Jazz Night, venerd\u00ec 10 sar\u00e0 la volta degli Scazzacatarante, gruppo di musica popolare salentina, e in chiusura, sabato 11, si esibir\u00e0 il Macaria Duo che propone lo spettacolo &#8220;Preludio in Re maggiore per Tarantate&#8221;.<\/p>\n<p>Ingresso libero.<\/p>\n<p><img decoding=\"async\" loading=\"lazy\" class=\"alignnone size-full wp-image-142063\" src=\"https:\/\/www.leccecronaca.it\/wordpress\/wp-content\/uploads\/2018\/08\/Locandina-Note-di-Gusto.jpg\" alt=\"\" width=\"460\" height=\"258\" srcset=\"https:\/\/www.leccecronaca.it\/wordpress\/wp-content\/uploads\/2018\/08\/Locandina-Note-di-Gusto.jpg 460w, https:\/\/www.leccecronaca.it\/wordpress\/wp-content\/uploads\/2018\/08\/Locandina-Note-di-Gusto-300x168.jpg 300w\" sizes=\"(max-width: 460px) 100vw, 460px\" \/><\/p>\n<fb:like href='https:\/\/www.leccecronaca.it\/index.php\/2018\/08\/08\/note-di-gusto-a-torre-dellorso-da-giovedi-9\/' send='true' layout='button_count' show_faces='true' width='450' height='65' action='recommend' colorscheme='light' font='lucida grande'><\/fb:like><span class=\"fb_share\"><fb:like href=\"https:\/\/www.leccecronaca.it\/index.php\/2018\/08\/08\/note-di-gusto-a-torre-dellorso-da-giovedi-9\/\" layout=\"button_count\"><\/fb:like><\/span>","protected":false},"excerpt":{"rendered":"<p>(m.b.)______Sapori, musica e mare: &#8220;Note di gusto&#8221; si affaccia per tre giorni a Torre Dell&#8217;Orso Dal 9 all&#8217;11 agosto Torre Dell&#8217;Orso ospita &#8220;Note di gusto&#8221;, un evento gastronomico itinerante che porta in piazza Salvo D&#8217;Acquisto (nella foto) la riscoperta delle tradizioni culinarie attraverso percorsi gastronomici, degustazione di prodotti tipici, street food, wine tasting, show cooking [&hellip;]<\/p>\n","protected":false},"author":4,"featured_media":142062,"comment_status":"open","ping_status":"closed","sticky":false,"template":"","format":"standard","meta":[],"categories":[31,75],"tags":[],"_links":{"self":[{"href":"https:\/\/www.leccecronaca.it\/index.php\/wp-json\/wp\/v2\/posts\/142061"}],"collection":[{"href":"https:\/\/www.leccecronaca.it\/index.php\/wp-json\/wp\/v2\/posts"}],"about":[{"href":"https:\/\/www.leccecronaca.it\/index.php\/wp-json\/wp\/v2\/types\/post"}],"author":[{"embeddable":true,"href":"https:\/\/www.leccecronaca.it\/index.php\/wp-json\/wp\/v2\/users\/4"}],"replies":[{"embeddable":true,"href":"https:\/\/www.leccecronaca.it\/index.php\/wp-json\/wp\/v2\/comments?post=142061"}],"version-history":[{"count":1,"href":"https:\/\/www.leccecronaca.it\/index.php\/wp-json\/wp\/v2\/posts\/142061\/revisions"}],"predecessor-version":[{"id":142064,"href":"https:\/\/www.leccecronaca.it\/index.php\/wp-json\/wp\/v2\/posts\/142061\/revisions\/142064"}],"wp:featuredmedia":[{"embeddable":true,"href":"https:\/\/www.leccecronaca.it\/index.php\/wp-json\/wp\/v2\/media\/142062"}],"wp:attachment":[{"href":"https:\/\/www.leccecronaca.it\/index.php\/wp-json\/wp\/v2\/media?parent=142061"}],"wp:term":[{"taxonomy":"category","embeddable":true,"href":"https:\/\/www.leccecronaca.it\/index.php\/wp-json\/wp\/v2\/categories?post=142061"},{"taxonomy":"post_tag","embeddable":true,"href":"https:\/\/www.leccecronaca.it\/index.php\/wp-json\/wp\/v2\/tags?post=142061"}],"curies":[{"name":"wp","href":"https:\/\/api.w.org\/{rel}","templated":true}]}}