{"id":142179,"date":"2018-08-10T17:12:30","date_gmt":"2018-08-10T15:12:30","guid":{"rendered":"http:\/\/www.leccecronaca.it\/?p=142179"},"modified":"2018-08-10T17:12:30","modified_gmt":"2018-08-10T15:12:30","slug":"il-prepartita-loro-sono-piu-forti-ma","status":"publish","type":"post","link":"https:\/\/www.leccecronaca.it\/index.php\/2018\/08\/10\/il-prepartita-loro-sono-piu-forti-ma\/","title":{"rendered":"IL PREPARTITA \/ LORO SONO PIU&#8217; FORTI, MA&#8230;"},"content":{"rendered":"<p><img decoding=\"async\" loading=\"lazy\" class=\"alignnone size-full wp-image-142185\" src=\"https:\/\/www.leccecronaca.it\/wordpress\/wp-content\/uploads\/2018\/08\/DSC_4827.jpg\" alt=\"\" width=\"4455\" height=\"2970\" \/>(Rdl)______Mister Davide Ballardini alla prima prova ufficiale della stagione aspetta con il suo Genoa il Lecce.<\/p>\n<p>Il tecnico dei Giallorossi Fabio Liverani ha convocato ventitre giocatori per la gara valevole per il terzo turno eliminatorio di Coppa Italia, in programma domani, sabato 11\u00a0agosto, alle ore 21.15 (diretta televisiva in chiaro su Rai Sport).<br \/>\nVedremo domani sera quale sar\u00e0 la formazione iniziale, e quali i prevedibili cambi in corso d&#8217;opera.<\/p>\n<p>Questa mattina, intanto, prima della partenza, consueto appuntamento con i giornalisti per il prepartita: Ecco una sintesi delle dichiarazioni del mister:<\/p>\n<p><em>&#8220;Gi\u00e0 in questo momento della stagione tutti i giocatori sono comunque in grado di affontare questa\u00a0 partita, poi ci sar\u00e0 tempo di recuperare, e le motivazioni per andare a giocare a Marassi non mancano certo. Il pronostico \u00e8 dalla loro parte, ovvio, ma siamo ad agosto, abbiamo qualche possibilit\u00e0 in pi\u00f9&#8230;Passare il turno non ci cambia la vita, ma \u00e8 un banco di prova da affrontare con entusiasmo, con la voglia di misurarsi con un avversario pi\u00f9 forte&#8230;Siamo sereni&#8221;.<\/em><\/p>\n<p>&nbsp;<\/p>\n<p>&nbsp;<\/p>\n<fb:like href='https:\/\/www.leccecronaca.it\/index.php\/2018\/08\/10\/il-prepartita-loro-sono-piu-forti-ma\/' send='true' layout='button_count' show_faces='true' width='450' height='65' action='recommend' colorscheme='light' font='lucida grande'><\/fb:like><span class=\"fb_share\"><fb:like href=\"https:\/\/www.leccecronaca.it\/index.php\/2018\/08\/10\/il-prepartita-loro-sono-piu-forti-ma\/\" layout=\"button_count\"><\/fb:like><\/span>","protected":false},"excerpt":{"rendered":"<p>(Rdl)______Mister Davide Ballardini alla prima prova ufficiale della stagione aspetta con il suo Genoa il Lecce. Il tecnico dei Giallorossi Fabio Liverani ha convocato ventitre giocatori per la gara valevole per il terzo turno eliminatorio di Coppa Italia, in programma domani, sabato 11\u00a0agosto, alle ore 21.15 (diretta televisiva in chiaro su Rai Sport). Vedremo domani [&hellip;]<\/p>\n","protected":false},"author":4,"featured_media":142185,"comment_status":"open","ping_status":"closed","sticky":false,"template":"","format":"standard","meta":[],"categories":[28],"tags":[],"_links":{"self":[{"href":"https:\/\/www.leccecronaca.it\/index.php\/wp-json\/wp\/v2\/posts\/142179"}],"collection":[{"href":"https:\/\/www.leccecronaca.it\/index.php\/wp-json\/wp\/v2\/posts"}],"about":[{"href":"https:\/\/www.leccecronaca.it\/index.php\/wp-json\/wp\/v2\/types\/post"}],"author":[{"embeddable":true,"href":"https:\/\/www.leccecronaca.it\/index.php\/wp-json\/wp\/v2\/users\/4"}],"replies":[{"embeddable":true,"href":"https:\/\/www.leccecronaca.it\/index.php\/wp-json\/wp\/v2\/comments?post=142179"}],"version-history":[{"count":1,"href":"https:\/\/www.leccecronaca.it\/index.php\/wp-json\/wp\/v2\/posts\/142179\/revisions"}],"predecessor-version":[{"id":142186,"href":"https:\/\/www.leccecronaca.it\/index.php\/wp-json\/wp\/v2\/posts\/142179\/revisions\/142186"}],"wp:featuredmedia":[{"embeddable":true,"href":"https:\/\/www.leccecronaca.it\/index.php\/wp-json\/wp\/v2\/media\/142185"}],"wp:attachment":[{"href":"https:\/\/www.leccecronaca.it\/index.php\/wp-json\/wp\/v2\/media?parent=142179"}],"wp:term":[{"taxonomy":"category","embeddable":true,"href":"https:\/\/www.leccecronaca.it\/index.php\/wp-json\/wp\/v2\/categories?post=142179"},{"taxonomy":"post_tag","embeddable":true,"href":"https:\/\/www.leccecronaca.it\/index.php\/wp-json\/wp\/v2\/tags?post=142179"}],"curies":[{"name":"wp","href":"https:\/\/api.w.org\/{rel}","templated":true}]}}