{"id":142431,"date":"2018-08-16T14:54:59","date_gmt":"2018-08-16T12:54:59","guid":{"rendered":"http:\/\/www.leccecronaca.it\/?p=142431"},"modified":"2018-08-16T14:55:10","modified_gmt":"2018-08-16T12:55:10","slug":"il-lecce-le-prime-tre-porzioni-di-spezzatino","status":"publish","type":"post","link":"https:\/\/www.leccecronaca.it\/index.php\/2018\/08\/16\/il-lecce-le-prime-tre-porzioni-di-spezzatino\/","title":{"rendered":"IL LECCE \/ LE PRIME TRE PORZIONI DI SPEZZATINO"},"content":{"rendered":"<p><img decoding=\"async\" loading=\"lazy\" class=\"alignnone size-full wp-image-142432\" src=\"https:\/\/www.leccecronaca.it\/wordpress\/wp-content\/uploads\/2018\/08\/spezzatino-di_cavallo-792x433.jpg\" alt=\"\" width=\"792\" height=\"433\" srcset=\"https:\/\/www.leccecronaca.it\/wordpress\/wp-content\/uploads\/2018\/08\/spezzatino-di_cavallo-792x433.jpg 792w, https:\/\/www.leccecronaca.it\/wordpress\/wp-content\/uploads\/2018\/08\/spezzatino-di_cavallo-792x433-300x164.jpg 300w, https:\/\/www.leccecronaca.it\/wordpress\/wp-content\/uploads\/2018\/08\/spezzatino-di_cavallo-792x433-768x420.jpg 768w\" sizes=\"(max-width: 792px) 100vw, 792px\" \/>(Rdl)______Pausa di Ferragosto per calciatori e tecnici, dirigenti al lavoro per gli ultimi giorni del calciomercato, che chiuder\u00e0 prima dell&#8217; avvio del campionato. Ammesso che parta, per le note vicende legate alla formulazione dell&#8217; orgnico delle squadre partecipanti e dei calendari, ancora lungi dall&#8217; essere risolte.<\/p>\n<p>A proposito dei calendari, mica \u00e8 finita, ogni volta ci sar\u00e0 un supplemento, perch\u00e9 ogni singola giornata viene di volta in volta spalmata su quattro giorni, in differenti orari: il famigerato &#8216;spezzatino&#8217;.<\/p>\n<p>Si sanno date e ore delle prime tre. Ecco quelle del Lecce:<\/p>\n<p>Primagiornata: Benevento &#8211; Lecce, luned\u00ec 27 agosto ore 21.00<\/p>\n<p>Seconda giornata:\u00a0 Lecce &#8211; Salernitana, domenica 2 settembre ore 21.00<\/p>\n<p>Terza giornata: Ascoli &#8211; Lecce, sabato 15 settembre ore 15.00______<\/p>\n<p>LA RICERCA nei nostri articoli del 13 e 14 luglio scorsi<\/p>\n<blockquote class=\"wp-embedded-content\" data-secret=\"xabJvFS64P\"><p><a href=\"https:\/\/www.leccecronaca.it\/index.php\/2018\/08\/13\/la-lega-di-serie-b-tira-dritto-campionato-a-19-squadre-stasera-le-comiche-ma-ce-il-calndario-la-prima-del-lecce-a-benevento\/\">LA LEGA (DI SERIE B) CE L&#8217;HA DURO E TIRA DRITTO, CAMPIONATO A 19 SQUADRE. &#8216;STASERA LE COMICHE, MA C&#8217;E&#8217; IL CALENDARIO. LA PRIMA DEL LECCE A BENEVENTO<\/a><\/p><\/blockquote>\n<p><iframe class=\"wp-embedded-content\" sandbox=\"allow-scripts\" security=\"restricted\" style=\"position: absolute; clip: rect(1px, 1px, 1px, 1px);\" src=\"https:\/\/www.leccecronaca.it\/index.php\/2018\/08\/13\/la-lega-di-serie-b-tira-dritto-campionato-a-19-squadre-stasera-le-comiche-ma-ce-il-calndario-la-prima-del-lecce-a-benevento\/embed\/#?secret=xabJvFS64P\" data-secret=\"xabJvFS64P\" width=\"500\" height=\"282\" title=\"&#8220;LA LEGA (DI SERIE B) CE L&#8217;HA DURO E TIRA DRITTO, CAMPIONATO A 19 SQUADRE. &#8216;STASERA LE COMICHE, MA C&#8217;E&#8217; IL CALENDARIO. LA PRIMA DEL LECCE A BENEVENTO&#8221; &#8212; LecceCronaca.it\" frameborder=\"0\" marginwidth=\"0\" marginheight=\"0\" scrolling=\"no\"><\/iframe><\/p>\n<blockquote class=\"wp-embedded-content\" data-secret=\"fALHht8Szm\"><p><a href=\"https:\/\/www.leccecronaca.it\/index.php\/2018\/08\/14\/campionato-di-serie-b-caos-calmo\/\">CAMPIONATO DI SERIE B, CAOS CALMO<\/a><\/p><\/blockquote>\n<p><iframe class=\"wp-embedded-content\" sandbox=\"allow-scripts\" security=\"restricted\" style=\"position: absolute; clip: rect(1px, 1px, 1px, 1px);\" src=\"https:\/\/www.leccecronaca.it\/index.php\/2018\/08\/14\/campionato-di-serie-b-caos-calmo\/embed\/#?secret=fALHht8Szm\" data-secret=\"fALHht8Szm\" width=\"500\" height=\"282\" title=\"&#8220;CAMPIONATO DI SERIE B, CAOS CALMO&#8221; &#8212; LecceCronaca.it\" frameborder=\"0\" marginwidth=\"0\" marginheight=\"0\" scrolling=\"no\"><\/iframe><\/p>\n<fb:like href='https:\/\/www.leccecronaca.it\/index.php\/2018\/08\/16\/il-lecce-le-prime-tre-porzioni-di-spezzatino\/' send='true' layout='button_count' show_faces='true' width='450' height='65' action='recommend' colorscheme='light' font='lucida grande'><\/fb:like><span class=\"fb_share\"><fb:like href=\"https:\/\/www.leccecronaca.it\/index.php\/2018\/08\/16\/il-lecce-le-prime-tre-porzioni-di-spezzatino\/\" layout=\"button_count\"><\/fb:like><\/span>","protected":false},"excerpt":{"rendered":"<p>(Rdl)______Pausa di Ferragosto per calciatori e tecnici, dirigenti al lavoro per gli ultimi giorni del calciomercato, che chiuder\u00e0 prima dell&#8217; avvio del campionato. Ammesso che parta, per le note vicende legate alla formulazione dell&#8217; orgnico delle squadre partecipanti e dei calendari, ancora lungi dall&#8217; essere risolte. A proposito dei calendari, mica \u00e8 finita, ogni volta [&hellip;]<\/p>\n","protected":false},"author":4,"featured_media":142432,"comment_status":"open","ping_status":"closed","sticky":false,"template":"","format":"standard","meta":[],"categories":[28],"tags":[],"_links":{"self":[{"href":"https:\/\/www.leccecronaca.it\/index.php\/wp-json\/wp\/v2\/posts\/142431"}],"collection":[{"href":"https:\/\/www.leccecronaca.it\/index.php\/wp-json\/wp\/v2\/posts"}],"about":[{"href":"https:\/\/www.leccecronaca.it\/index.php\/wp-json\/wp\/v2\/types\/post"}],"author":[{"embeddable":true,"href":"https:\/\/www.leccecronaca.it\/index.php\/wp-json\/wp\/v2\/users\/4"}],"replies":[{"embeddable":true,"href":"https:\/\/www.leccecronaca.it\/index.php\/wp-json\/wp\/v2\/comments?post=142431"}],"version-history":[{"count":1,"href":"https:\/\/www.leccecronaca.it\/index.php\/wp-json\/wp\/v2\/posts\/142431\/revisions"}],"predecessor-version":[{"id":142433,"href":"https:\/\/www.leccecronaca.it\/index.php\/wp-json\/wp\/v2\/posts\/142431\/revisions\/142433"}],"wp:featuredmedia":[{"embeddable":true,"href":"https:\/\/www.leccecronaca.it\/index.php\/wp-json\/wp\/v2\/media\/142432"}],"wp:attachment":[{"href":"https:\/\/www.leccecronaca.it\/index.php\/wp-json\/wp\/v2\/media?parent=142431"}],"wp:term":[{"taxonomy":"category","embeddable":true,"href":"https:\/\/www.leccecronaca.it\/index.php\/wp-json\/wp\/v2\/categories?post=142431"},{"taxonomy":"post_tag","embeddable":true,"href":"https:\/\/www.leccecronaca.it\/index.php\/wp-json\/wp\/v2\/tags?post=142431"}],"curies":[{"name":"wp","href":"https:\/\/api.w.org\/{rel}","templated":true}]}}