{"id":142563,"date":"2018-08-19T17:24:28","date_gmt":"2018-08-19T15:24:28","guid":{"rendered":"http:\/\/www.leccecronaca.it\/?p=142563"},"modified":"2018-08-19T18:37:40","modified_gmt":"2018-08-19T16:37:40","slug":"come-facciamo-a-fermarla-meglio-farla-cosi-giorgetti-si-porta-avanti-col-lavoro-del-governo-sulla-tap-e-tranquillizza-che-non-ci-saranno-per-questo-ripercussioni-con-gli-alleati","status":"publish","type":"post","link":"https:\/\/www.leccecronaca.it\/index.php\/2018\/08\/19\/come-facciamo-a-fermarla-meglio-farla-cosi-giorgetti-si-porta-avanti-col-lavoro-del-governo-sulla-tap-e-tranquillizza-che-non-ci-saranno-per-questo-ripercussioni-con-gli-alleati\/","title":{"rendered":"&#8216;COME FACCIAMO A FERMARLA? MEGLIO FARLA!&#8217;. COSI&#8217; GIORGETTI SI PORTA AVANTI COL LAVORO DEL GOVERNO SULLA TAP, E &#8216;TRANQUILLIZZA&#8217; CHE NON CI SARANNO PER QUESTO RIPERCUSSIONI CON GLI ALLEATI CINQUESTELLE"},"content":{"rendered":"<p><img decoding=\"async\" loading=\"lazy\" class=\"size-full wp-image-142564\" src=\"https:\/\/www.leccecronaca.it\/wordpress\/wp-content\/uploads\/2018\/08\/LP_7829561-1.jpg\" alt=\"\" width=\"1400\" height=\"933\" srcset=\"https:\/\/www.leccecronaca.it\/wordpress\/wp-content\/uploads\/2018\/08\/LP_7829561-1.jpg 1400w, https:\/\/www.leccecronaca.it\/wordpress\/wp-content\/uploads\/2018\/08\/LP_7829561-1-300x200.jpg 300w, https:\/\/www.leccecronaca.it\/wordpress\/wp-content\/uploads\/2018\/08\/LP_7829561-1-1024x682.jpg 1024w, https:\/\/www.leccecronaca.it\/wordpress\/wp-content\/uploads\/2018\/08\/LP_7829561-1-768x512.jpg 768w\" sizes=\"(max-width: 1400px) 100vw, 1400px\" \/><\/p>\n<p>(g.p.)______<em>&#8220;Sono opere fondamentali che si faranno, ma il governo non \u00e8 a rischio, alla fine troveremo un accordo\u201d,<\/em> aveva gi\u00e0 detto lo scorso 5 agosto, ad Arcore.<\/p>\n<p>Lui, non \u00e8 uno qualunque. Quindi la nuova sortita &#8220;strategica&#8221; di oggi non \u00e8 una novit\u00e0, n\u00e8 personale, n\u00e8 del suo partito, per Giancarlo Giorgetti (nella foto), 52 anni, sottosegretario alla presidenza del consiglio dei ministri, considerato il numero due della Lega.<\/p>\n<p>Nel corso di un&#8217; intervista a &#8220;Il Messaggero&#8221; di poche ore fa, ha detto che<em> &#8220;Si far\u00e0 anche la\u00a0Tap, perch\u00e9 \u00e8 un&#8217;opera che ha comportato grandi investimenti e ha coinvolto numerosi Paesi. Mi sembra difficile che possa essere fermata\u201d.<\/em><\/p>\n<p>Per quanto riguarda la Tav, <em>&#8220;ci sono investimenti in corso e altri in fase di appalto. Forse la cosa pi\u00f9 ragionevole \u00e8 un ridimensionamento dell&#8217; opera&#8221;.\u00a0<\/em><\/p>\n<p>Queste le novit\u00e0 di oggi, mentre si resta fermi all&#8217; ufficialit\u00e0, alla decisione rimandata al &#8216;tavolo di valutazione costi-benefici&#8217; cui gli esponenti pi\u00f9 in vista del Movimento 5 Stelle, in pi\u00f9 occasioni, nelle scorse settimane, hanno demandato la decisione finale, dopo la discussione con gli alleati di governo, in seguito alle sollecitazioni avute nei mesi scorsi dal Comitato No Tap, dal sindaco di Melendugno Marco Pot\u00ec, e da numerose associazioni di cittadini, alcuni organi di stampa ed esponenti politici, ad assumere comportamenti consoni a quanto sostenuto in campagna elettorale.<\/p>\n<p>Tavolo per\u00f2 di cui non si \u00e8 avuto notizia, e anche per i tempi si\u00a0 \u00e8 passati da un <em>&#8220;presto<\/em>&#8220;, a un &#8220;<em>entro fine novembre&#8221;<\/em> e a un <em>&#8220;entro la fine dell&#8217; anno&#8221;.<\/em>______<\/p>\n<p>L&#8217; APPROFONDIMENTO nel nostro articolo del 2 agosto scorso<\/p>\n<blockquote class=\"wp-embedded-content\" data-secret=\"u2WTnmnEc1\"><p><a href=\"https:\/\/www.leccecronaca.it\/index.php\/2018\/08\/02\/marco-poti-ritorna-con-qualche-speranza-in-piu\/\">MARCO POTI&#8217; RITORNA CON QUALCHE SPERANZA IN PIU&#8217;<\/a><\/p><\/blockquote>\n<p><iframe class=\"wp-embedded-content\" sandbox=\"allow-scripts\" security=\"restricted\" style=\"position: absolute; clip: rect(1px, 1px, 1px, 1px);\" src=\"https:\/\/www.leccecronaca.it\/index.php\/2018\/08\/02\/marco-poti-ritorna-con-qualche-speranza-in-piu\/embed\/#?secret=u2WTnmnEc1\" data-secret=\"u2WTnmnEc1\" width=\"500\" height=\"282\" title=\"&#8220;MARCO POTI&#8217; RITORNA CON QUALCHE SPERANZA IN PIU&#8217;&#8221; &#8212; LecceCronaca.it\" frameborder=\"0\" marginwidth=\"0\" marginheight=\"0\" scrolling=\"no\"><\/iframe><\/p>\n<p>LA RIFLESSIONE nella nostra vignetta del 14 agosto scorso<\/p>\n<blockquote class=\"wp-embedded-content\" data-secret=\"A0iDsTasAd\"><p><a href=\"https:\/\/www.leccecronaca.it\/index.php\/2018\/08\/14\/si-tap-noi-tap-ne-tap-serve-una-toppa\/\">SI&#8217; TAP&#8230; NO TAP&#8230; ORA SERVE UNA TOPPA &#8211; la vignetta di Melcore<\/a><\/p><\/blockquote>\n<p><iframe class=\"wp-embedded-content\" sandbox=\"allow-scripts\" security=\"restricted\" style=\"position: absolute; clip: rect(1px, 1px, 1px, 1px);\" src=\"https:\/\/www.leccecronaca.it\/index.php\/2018\/08\/14\/si-tap-noi-tap-ne-tap-serve-una-toppa\/embed\/#?secret=A0iDsTasAd\" data-secret=\"A0iDsTasAd\" width=\"500\" height=\"282\" title=\"&#8220;SI&#8217; TAP&#8230; NO TAP&#8230; ORA SERVE UNA TOPPA &#8211; la vignetta di Melcore&#8221; &#8212; LecceCronaca.it\" frameborder=\"0\" marginwidth=\"0\" marginheight=\"0\" scrolling=\"no\"><\/iframe><\/p>\n<p>&nbsp;<\/p>\n<p>&nbsp;<\/p>\n<fb:like href='https:\/\/www.leccecronaca.it\/index.php\/2018\/08\/19\/come-facciamo-a-fermarla-meglio-farla-cosi-giorgetti-si-porta-avanti-col-lavoro-del-governo-sulla-tap-e-tranquillizza-che-non-ci-saranno-per-questo-ripercussioni-con-gli-alleati\/' send='true' layout='button_count' show_faces='true' width='450' height='65' action='recommend' colorscheme='light' font='lucida grande'><\/fb:like><span class=\"fb_share\"><fb:like href=\"https:\/\/www.leccecronaca.it\/index.php\/2018\/08\/19\/come-facciamo-a-fermarla-meglio-farla-cosi-giorgetti-si-porta-avanti-col-lavoro-del-governo-sulla-tap-e-tranquillizza-che-non-ci-saranno-per-questo-ripercussioni-con-gli-alleati\/\" layout=\"button_count\"><\/fb:like><\/span>","protected":false},"excerpt":{"rendered":"<p>(g.p.)______&#8220;Sono opere fondamentali che si faranno, ma il governo non \u00e8 a rischio, alla fine troveremo un accordo\u201d, aveva gi\u00e0 detto lo scorso 5 agosto, ad Arcore. Lui, non \u00e8 uno qualunque. Quindi la nuova sortita &#8220;strategica&#8221; di oggi non \u00e8 una novit\u00e0, n\u00e8 personale, n\u00e8 del suo partito, per Giancarlo Giorgetti (nella foto), 52 [&hellip;]<\/p>\n","protected":false},"author":4,"featured_media":142564,"comment_status":"open","ping_status":"closed","sticky":false,"template":"","format":"standard","meta":[],"categories":[69,76],"tags":[],"_links":{"self":[{"href":"https:\/\/www.leccecronaca.it\/index.php\/wp-json\/wp\/v2\/posts\/142563"}],"collection":[{"href":"https:\/\/www.leccecronaca.it\/index.php\/wp-json\/wp\/v2\/posts"}],"about":[{"href":"https:\/\/www.leccecronaca.it\/index.php\/wp-json\/wp\/v2\/types\/post"}],"author":[{"embeddable":true,"href":"https:\/\/www.leccecronaca.it\/index.php\/wp-json\/wp\/v2\/users\/4"}],"replies":[{"embeddable":true,"href":"https:\/\/www.leccecronaca.it\/index.php\/wp-json\/wp\/v2\/comments?post=142563"}],"version-history":[{"count":6,"href":"https:\/\/www.leccecronaca.it\/index.php\/wp-json\/wp\/v2\/posts\/142563\/revisions"}],"predecessor-version":[{"id":142570,"href":"https:\/\/www.leccecronaca.it\/index.php\/wp-json\/wp\/v2\/posts\/142563\/revisions\/142570"}],"wp:featuredmedia":[{"embeddable":true,"href":"https:\/\/www.leccecronaca.it\/index.php\/wp-json\/wp\/v2\/media\/142564"}],"wp:attachment":[{"href":"https:\/\/www.leccecronaca.it\/index.php\/wp-json\/wp\/v2\/media?parent=142563"}],"wp:term":[{"taxonomy":"category","embeddable":true,"href":"https:\/\/www.leccecronaca.it\/index.php\/wp-json\/wp\/v2\/categories?post=142563"},{"taxonomy":"post_tag","embeddable":true,"href":"https:\/\/www.leccecronaca.it\/index.php\/wp-json\/wp\/v2\/tags?post=142563"}],"curies":[{"name":"wp","href":"https:\/\/api.w.org\/{rel}","templated":true}]}}