{"id":142704,"date":"2018-08-22T18:17:24","date_gmt":"2018-08-22T16:17:24","guid":{"rendered":"http:\/\/www.leccecronaca.it\/?p=142704"},"modified":"2018-08-22T18:19:31","modified_gmt":"2018-08-22T16:19:31","slug":"di-maio-fin-che-la-barca-va","status":"publish","type":"post","link":"https:\/\/www.leccecronaca.it\/index.php\/2018\/08\/22\/di-maio-fin-che-la-barca-va\/","title":{"rendered":"DI MAIO, FIN CHE LA BARCA VA&#8230;"},"content":{"rendered":"<p><img decoding=\"async\" loading=\"lazy\" class=\"alignnone size-full wp-image-142708\" src=\"https:\/\/www.leccecronaca.it\/wordpress\/wp-content\/uploads\/2018\/08\/dimaibu.jpg\" alt=\"\" width=\"610\" height=\"322\" srcset=\"https:\/\/www.leccecronaca.it\/wordpress\/wp-content\/uploads\/2018\/08\/dimaibu.jpg 610w, https:\/\/www.leccecronaca.it\/wordpress\/wp-content\/uploads\/2018\/08\/dimaibu-300x158.jpg 300w\" sizes=\"(max-width: 610px) 100vw, 610px\" \/>(g.p.)______Dopo quelle dell&#8217; alleato-rivale Matteo Salvini, le barche, anzi, nella fattispecie, i&#8230;Battelli, accompagnano anche l&#8217; estate di Luigi Di Maio, con relative foto gossip.<\/p>\n<p>&#8216;Colpaccio&#8217;, non si sa quanto spontaneo, vista la situazione contingente, del settimanele &#8216;Oggi&#8217;, sulla due giorni di pausa vacanziera nel golfo di Napoli, appena conclusa, del\u00a0vicepremier.<\/p>\n<p>Era con amici e politici del suo partito, tutti liguri: il sottosegretario Simone Valente, il deputato Marco Rizzone e il tesoriere del gruppo Camera Sergio Battelli, che cos\u00ec ne ha scritto sul suo profilo Istagram: <em>&#8220;Siamo stati via due giorni. Abbiamo affittato una barchetta e abbiamo fatto un breve giro. Poi Di Maio \u00e8 ripartito subito per Roma<\/em>&#8220;.<\/p>\n<p>C&#8217; era per\u00f2 pure una misteriosa ragazza, prodiga di smancerie con il capo politico del M5S.<\/p>\n<p>L&#8217; autorevole agenzia di stampa Adnkronos si \u00e8 presa il fastidio di indagare su chi fosse, ricavandone per\u00f2 poco e punto: nessuna identit\u00e0, e, a detta di uno dei presenti, nessun amore in corso: <em>&#8220;Quella ragazza \u00e8 solo una sua amica&#8221;.<\/em><\/p>\n<p>Luigi Di Maio, 32 anni, viene accreditato quale single. In passato gli sono stati attribuiti due rapporti sentimentali, uno di lunga durata, con Silvia Virgulti, esperta di comunicazione del M5S, e uno breve, con la consigliere comunale pentastellata di Alcamo Giovanna Melodia.______<\/p>\n<p>LA RICERCA nel nostro articolo del 12 agosto scorso<\/p>\n<blockquote class=\"wp-embedded-content\" data-secret=\"zpjYKhtmqS\"><p><a href=\"https:\/\/www.leccecronaca.it\/index.php\/2018\/08\/12\/salvini-fin-che-la-barca-va\/\">SALVINI, FIN CHE LA BARCA VA&#8230;<\/a><\/p><\/blockquote>\n<p><iframe class=\"wp-embedded-content\" sandbox=\"allow-scripts\" security=\"restricted\" style=\"position: absolute; clip: rect(1px, 1px, 1px, 1px);\" src=\"https:\/\/www.leccecronaca.it\/index.php\/2018\/08\/12\/salvini-fin-che-la-barca-va\/embed\/#?secret=zpjYKhtmqS\" data-secret=\"zpjYKhtmqS\" width=\"500\" height=\"282\" title=\"&#8220;SALVINI, FIN CHE LA BARCA VA&#8230;&#8221; &#8212; LecceCronaca.it\" frameborder=\"0\" marginwidth=\"0\" marginheight=\"0\" scrolling=\"no\"><\/iframe><\/p>\n<fb:like href='https:\/\/www.leccecronaca.it\/index.php\/2018\/08\/22\/di-maio-fin-che-la-barca-va\/' send='true' layout='button_count' show_faces='true' width='450' height='65' action='recommend' colorscheme='light' font='lucida grande'><\/fb:like><span class=\"fb_share\"><fb:like href=\"https:\/\/www.leccecronaca.it\/index.php\/2018\/08\/22\/di-maio-fin-che-la-barca-va\/\" layout=\"button_count\"><\/fb:like><\/span>","protected":false},"excerpt":{"rendered":"<p>(g.p.)______Dopo quelle dell&#8217; alleato-rivale Matteo Salvini, le barche, anzi, nella fattispecie, i&#8230;Battelli, accompagnano anche l&#8217; estate di Luigi Di Maio, con relative foto gossip. &#8216;Colpaccio&#8217;, non si sa quanto spontaneo, vista la situazione contingente, del settimanele &#8216;Oggi&#8217;, sulla due giorni di pausa vacanziera nel golfo di Napoli, appena conclusa, del\u00a0vicepremier. Era con amici e politici [&hellip;]<\/p>\n","protected":false},"author":4,"featured_media":0,"comment_status":"open","ping_status":"closed","sticky":false,"template":"","format":"standard","meta":[],"categories":[69,76],"tags":[],"_links":{"self":[{"href":"https:\/\/www.leccecronaca.it\/index.php\/wp-json\/wp\/v2\/posts\/142704"}],"collection":[{"href":"https:\/\/www.leccecronaca.it\/index.php\/wp-json\/wp\/v2\/posts"}],"about":[{"href":"https:\/\/www.leccecronaca.it\/index.php\/wp-json\/wp\/v2\/types\/post"}],"author":[{"embeddable":true,"href":"https:\/\/www.leccecronaca.it\/index.php\/wp-json\/wp\/v2\/users\/4"}],"replies":[{"embeddable":true,"href":"https:\/\/www.leccecronaca.it\/index.php\/wp-json\/wp\/v2\/comments?post=142704"}],"version-history":[{"count":2,"href":"https:\/\/www.leccecronaca.it\/index.php\/wp-json\/wp\/v2\/posts\/142704\/revisions"}],"predecessor-version":[{"id":142710,"href":"https:\/\/www.leccecronaca.it\/index.php\/wp-json\/wp\/v2\/posts\/142704\/revisions\/142710"}],"wp:attachment":[{"href":"https:\/\/www.leccecronaca.it\/index.php\/wp-json\/wp\/v2\/media?parent=142704"}],"wp:term":[{"taxonomy":"category","embeddable":true,"href":"https:\/\/www.leccecronaca.it\/index.php\/wp-json\/wp\/v2\/categories?post=142704"},{"taxonomy":"post_tag","embeddable":true,"href":"https:\/\/www.leccecronaca.it\/index.php\/wp-json\/wp\/v2\/tags?post=142704"}],"curies":[{"name":"wp","href":"https:\/\/api.w.org\/{rel}","templated":true}]}}