{"id":142774,"date":"2018-08-31T00:04:09","date_gmt":"2018-08-30T22:04:09","guid":{"rendered":"http:\/\/www.leccecronaca.it\/?p=142774"},"modified":"2018-08-24T14:37:13","modified_gmt":"2018-08-24T12:37:13","slug":"lecce-vista-dagli-scrittori-contemporanei-21-l-avventurosa-vita-del-barone-girolamo-comi","status":"publish","type":"post","link":"https:\/\/www.leccecronaca.it\/index.php\/2018\/08\/31\/lecce-vista-dagli-scrittori-contemporanei-21-l-avventurosa-vita-del-barone-girolamo-comi\/","title":{"rendered":"LECCE VISTA DAGLI SCRITTORI CONTEMPORANEI \/ 21 \u2013 L&#8217; AVVENTUROSA VITA DEL BARONE GIROLAMO COMI"},"content":{"rendered":"<p><img decoding=\"async\" loading=\"lazy\" class=\"alignnone size-full wp-image-142775\" src=\"https:\/\/www.leccecronaca.it\/wordpress\/wp-content\/uploads\/2018\/08\/a57c70015d2955d086d93bb809131cc5_XL.jpg\" alt=\"\" width=\"1024\" height=\"1415\" srcset=\"https:\/\/www.leccecronaca.it\/wordpress\/wp-content\/uploads\/2018\/08\/a57c70015d2955d086d93bb809131cc5_XL.jpg 1024w, https:\/\/www.leccecronaca.it\/wordpress\/wp-content\/uploads\/2018\/08\/a57c70015d2955d086d93bb809131cc5_XL-217x300.jpg 217w, https:\/\/www.leccecronaca.it\/wordpress\/wp-content\/uploads\/2018\/08\/a57c70015d2955d086d93bb809131cc5_XL-741x1024.jpg 741w, https:\/\/www.leccecronaca.it\/wordpress\/wp-content\/uploads\/2018\/08\/a57c70015d2955d086d93bb809131cc5_XL-768x1061.jpg 768w\" sizes=\"(max-width: 1024px) 100vw, 1024px\" \/>di<strong> Raffaele Polo______<\/strong><\/p>\n<p>Qualcuno afferma che la poetica di Girolamo Comi, troppo condizionata dall\u2019esempio e dalla scuola francese, non poteva attecchire in una Italia schiava dei versi di Ungaretti\u2026<\/p>\n<p>Ma anche il sommo Ungaretti proveniva dall\u2019input francese e crediamo che, anche per Girolamo Comi, la motivazione della sua scarsa conoscenza da parte del grosso pubblico sia quella lontananza geografica e quella innata modestia che il \u2018barone\u2019 ha sempre frapposto fra s\u00e9 e le sue opere, ritenendo di doversi affrancare da plebee ricerche di editori e di critici benevoli\u2026<\/p>\n<p>Del resto, se Comi ha iniziato a trovare notoriet\u00e0 e consensi anche da noi, lo si deve all\u2019Universit\u00e0 del Salento che, grazie al professore Donato Valli in primis e successivamente anche con Ennio Bonea (suo l\u2019unico testo che raccoglie un\u2019antologia dei poeti Comi Pagano e Bodini\u2026.) ha fatto conoscere la complessa e, per molti versi, avventurosa vita del Barone di Lucugnano, nato a Casamassella e certamente partecipe e testimone di una realt\u00e0 salentina fatta di \u2018apartheid\u2019 e lontananza assoluta dai centri editoriali e di buona tradizione letteraria del nostro Paese.<\/p>\n<p>Comi ha scritto molto, poesia e prosa. Soprattutto \u00e8 stato sempre tenacemente presente alla realt\u00e0 di una terra che ha amato senza risparmiarsi, anzi riducendosi in povert\u00e0 per inseguire un donchisciottesco piano industriale inattuabile, ma di esclusivo vantaggio per i lavoratori\u2026.<\/p>\n<p>La sua \u00e8 una prosa, una poetica particolare: molti la giudicano difficile, in realt\u00e0 \u00e8 tenera, unica, mossa da una \u2018ratio\u2019 mai ferma e contemplativa ma sempre in eterno confronto col Creato che anche il suo particolare cattolicesimo (raggiunto negli ultimi anni di vita)gli fa considerare come una Legge immutabile cui bisogna rendere costantemente ragione\u2026<\/p>\n<p>Anche dopo la sua dipartita (3 aprile 1968) la dimora di Lucugnano, prima museo e luogo di incontri culturali, poi chiusa e riaperta in varie circostanze, ora malinconicamente e inspiegabilmente abbandonata alla sua sorte, sta a testimoniare come lo sfortunato Barone debba ancora essere conosciuto e stimato dai suoi concittadini, che ignorano la sua importante, vitale funzione di uomo e letterato nella nostra martoriata terra\u2026<\/p>\n<p>&nbsp;<\/p>\n<p><em>Spirito d\u2019armonia<\/em><\/p>\n<p><em>Spirito d\u2019armonia \u2013 se t\u2019impossessi<\/em><\/p>\n<p><em>dell\u2019ansia antica della mia persona<\/em><\/p>\n<p><em>ogni fibra di me arde e risuona<\/em><\/p>\n<p><em>della solarit\u00e0 dei tuoi riflessi<\/em><\/p>\n<p><em>e la mia voce interiore intona<\/em><\/p>\n<p><em>inni nativi e cantici sommessi<\/em><\/p>\n<p><em>di cui l\u2019impeto e il ritmo son riflessi<\/em><\/p>\n<p><em>dall\u2019universo che mi fa corona:<\/em><\/p>\n<p><em>ed ecco una magnetica raggera<\/em><\/p>\n<p><em>di stagioni e di siti prediletti<\/em><\/p>\n<p><em>risuscitare in me una primavera<\/em><\/p>\n<p><em>di concordanze e d\u2019accordi perfetti<\/em><\/p>\n<p><em>dove brulica la crescita e il fiore,<\/em><\/p>\n<p><em>anima, del tuo avvento ulteriore.______<\/em><\/p>\n<p>21 \u2013 Continua______<\/p>\n<p>LA RICERCA nei nostri precedenti articoli della rassegna (stanno nel nostro archivio, accessibile dalla home page, digitando anche semplicemente\u00a0 nome e cognome che interessa nel riquadro \u2018CERCA\u2019 a destra sotto la testata)<\/p>\n<p>1 \u2013\u00a0ERNESTO ALVINO, 13 aprile<\/p>\n<p>2 \u2013\u00a0ENRICO BOZZI, 20 aprile<\/p>\n<p>3 \u2013\u00a0RINA DURANTE, 27 aprile<\/p>\n<p>4 \u2013\u00a0SALVATORE BRUNO, 4 maggio<\/p>\n<p>5 \u2013 CLAUDIA RUGGERI, 11 maggio<\/p>\n<p>6 \u2013 ANTONIO VERRI, 18 maggio<\/p>\n<p>7 \u2013 SALVATORE TOMA, 25 maggio<\/p>\n<p>8 \u2013 RAFFALE PROTOPAPA, 1 giugno<\/p>\n<p>9 \u2013 GIOVANNI POLO, 8 giugno<\/p>\n<p>10 \u2013 FRANCESCANTONIO D\u2019AMELIO, 15 giugno<\/p>\n<p>11 \u2013 GIUSEPPE DE DOMINICIS, 22 giugno<\/p>\n<p>12 \u2013 ROCCO CATALDI, 29 giugno<\/p>\n<p>13 \u2013 VITTORIO PAGANO, 6 luglio<\/p>\n<p>14 \u2013 GIULIO CESARE VIOLA, 13 luglio<\/p>\n<p>15 \u2013 VITO DOMENICO PALUMBO, 20 luglio<\/p>\n<p>16 \u2013 NICOLA G. DE DONNO, 27 luglio<\/p>\n<p>17 \u2013 CESARE MONTE, 3 agosto<\/p>\n<p>18 \u2013 VITTORIO BODINI, 10 agosto<\/p>\n<p>19 \u2013 CARMELO BENE, 17 agosto<\/p>\n<p>20 &#8211; IACOPO ANTONIO FERRARI e ANTONIO DE FERRARIIS, 24 agosto<\/p>\n<fb:like href='https:\/\/www.leccecronaca.it\/index.php\/2018\/08\/31\/lecce-vista-dagli-scrittori-contemporanei-21-l-avventurosa-vita-del-barone-girolamo-comi\/' send='true' layout='button_count' show_faces='true' width='450' height='65' action='recommend' colorscheme='light' font='lucida grande'><\/fb:like><span class=\"fb_share\"><fb:like href=\"https:\/\/www.leccecronaca.it\/index.php\/2018\/08\/31\/lecce-vista-dagli-scrittori-contemporanei-21-l-avventurosa-vita-del-barone-girolamo-comi\/\" layout=\"button_count\"><\/fb:like><\/span>","protected":false},"excerpt":{"rendered":"<p>di Raffaele Polo______ Qualcuno afferma che la poetica di Girolamo Comi, troppo condizionata dall\u2019esempio e dalla scuola francese, non poteva attecchire in una Italia schiava dei versi di Ungaretti\u2026 Ma anche il sommo Ungaretti proveniva dall\u2019input francese e crediamo che, anche per Girolamo Comi, la motivazione della sua scarsa conoscenza da parte del grosso pubblico [&hellip;]<\/p>\n","protected":false},"author":4,"featured_media":142775,"comment_status":"open","ping_status":"closed","sticky":false,"template":"","format":"standard","meta":[],"categories":[31,57],"tags":[],"_links":{"self":[{"href":"https:\/\/www.leccecronaca.it\/index.php\/wp-json\/wp\/v2\/posts\/142774"}],"collection":[{"href":"https:\/\/www.leccecronaca.it\/index.php\/wp-json\/wp\/v2\/posts"}],"about":[{"href":"https:\/\/www.leccecronaca.it\/index.php\/wp-json\/wp\/v2\/types\/post"}],"author":[{"embeddable":true,"href":"https:\/\/www.leccecronaca.it\/index.php\/wp-json\/wp\/v2\/users\/4"}],"replies":[{"embeddable":true,"href":"https:\/\/www.leccecronaca.it\/index.php\/wp-json\/wp\/v2\/comments?post=142774"}],"version-history":[{"count":1,"href":"https:\/\/www.leccecronaca.it\/index.php\/wp-json\/wp\/v2\/posts\/142774\/revisions"}],"predecessor-version":[{"id":142776,"href":"https:\/\/www.leccecronaca.it\/index.php\/wp-json\/wp\/v2\/posts\/142774\/revisions\/142776"}],"wp:featuredmedia":[{"embeddable":true,"href":"https:\/\/www.leccecronaca.it\/index.php\/wp-json\/wp\/v2\/media\/142775"}],"wp:attachment":[{"href":"https:\/\/www.leccecronaca.it\/index.php\/wp-json\/wp\/v2\/media?parent=142774"}],"wp:term":[{"taxonomy":"category","embeddable":true,"href":"https:\/\/www.leccecronaca.it\/index.php\/wp-json\/wp\/v2\/categories?post=142774"},{"taxonomy":"post_tag","embeddable":true,"href":"https:\/\/www.leccecronaca.it\/index.php\/wp-json\/wp\/v2\/tags?post=142774"}],"curies":[{"name":"wp","href":"https:\/\/api.w.org\/{rel}","templated":true}]}}