{"id":142912,"date":"2018-08-25T21:47:08","date_gmt":"2018-08-25T19:47:08","guid":{"rendered":"http:\/\/www.leccecronaca.it\/?p=142912"},"modified":"2018-08-25T23:24:36","modified_gmt":"2018-08-25T21:24:36","slug":"ultimora-salvini-carico-spara-a-zero-indagarmi-e-una-vergogna-non-cambieremo-linea-il-governo-e-compatto-ho-autorizzato-lo-sbarco-di-quelli-della-diciotti-i-piu-andranno-in-albania-la","status":"publish","type":"post","link":"https:\/\/www.leccecronaca.it\/index.php\/2018\/08\/25\/ultimora-salvini-carico-spara-a-zero-indagarmi-e-una-vergogna-non-cambieremo-linea-il-governo-e-compatto-ho-autorizzato-lo-sbarco-di-quelli-della-diciotti-i-piu-andranno-in-albania-la\/","title":{"rendered":"ULTIM&#8217;ORA \/ SALVINI &#8220;carico&#8221; SPARA A ZERO: &#8220;Indagarmi \u00e8 una vergogna. Non cambieremo linea. Il governo \u00e8 compatto. Ho autorizzato lo sbarco di quelli della Diciotti, i pi\u00f9 andranno in Albania. La prossima nave la rimandiamo direttamente indietro. Questa Europa \u00e8 una schifezza&#8221;"},"content":{"rendered":"<p><img decoding=\"async\" loading=\"lazy\" class=\"alignnone size-full wp-image-142913\" src=\"https:\/\/www.leccecronaca.it\/wordpress\/wp-content\/uploads\/2018\/08\/SALVINI-PINZOLO-2018.jpg\" alt=\"\" width=\"1200\" height=\"1200\" srcset=\"https:\/\/www.leccecronaca.it\/wordpress\/wp-content\/uploads\/2018\/08\/SALVINI-PINZOLO-2018.jpg 1200w, https:\/\/www.leccecronaca.it\/wordpress\/wp-content\/uploads\/2018\/08\/SALVINI-PINZOLO-2018-300x300.jpg 300w, https:\/\/www.leccecronaca.it\/wordpress\/wp-content\/uploads\/2018\/08\/SALVINI-PINZOLO-2018-1024x1024.jpg 1024w, https:\/\/www.leccecronaca.it\/wordpress\/wp-content\/uploads\/2018\/08\/SALVINI-PINZOLO-2018-150x150.jpg 150w, https:\/\/www.leccecronaca.it\/wordpress\/wp-content\/uploads\/2018\/08\/SALVINI-PINZOLO-2018-768x768.jpg 768w, https:\/\/www.leccecronaca.it\/wordpress\/wp-content\/uploads\/2018\/08\/SALVINI-PINZOLO-2018-60x60.jpg 60w\" sizes=\"(max-width: 1200px) 100vw, 1200px\" \/>(g.p.)______&#8221;<em>E&#8217; una vergogna!<\/em>&#8220;. Matteo Salvini &#8220;<em>carico<\/em>&#8221; apprende in diretta la notizia, mentre sta parlando alla festa della Lega di Pinzolo, in provincia di Trento, e si sfoga.<\/p>\n<p>Ecco una sintesi delle sue dichiarazioni di pochi minuti fa.<\/p>\n<p>&#8220;<em>C&#8217;\u00e8 un popolo che \u00e8 stufo dell&#8217; immigrazione clandestina. Non era mio diritto bloccarla, ma un mio dovere.\u00a0Gli immigrati della Diciotti sbarcheranno, dir\u00f2 poi dove. Abbiamo lavorato per questo, e abbiamo risolto, senza una lira a carico degli Italiani. Ho autorizzato lo sbarco. Vi anticipo che la maggior parte andr\u00e0 in Albania, in altri due o tre Paesi, e altri saranno accolti dalla Chiesa italiana, andranno ospiti da alcuni vescovi, che hanno aperto il cuore e il portafoglio.<\/em><\/p>\n<p><em>L&#8217; Europa \u00e8 una schifezza che non esiste e non merita i nostri soldi.<\/em><\/p>\n<p><em>Grazie all&#8217; Albania, vergogna alla Francia.<\/em><\/p>\n<p><em>Il limite \u00e8 stato raggiunto. La prossima nave che arriva, la rimandiamo indietro.<\/em><\/p>\n<p><em>Noi non cambieremo linea.\u00a0<\/em><\/p>\n<p><em>Non ci fermeranno.<\/em><\/p>\n<p><em>Lo aspetto, questo procuratore di Agrigento. Lo aspetto a Pinzolo. Aspetto un procuratore che indaghi i trafficanti di esseri umani, non il ministro dell&#8217; Interno, e gli spiegher\u00f2 che i trafficanti di esseri umani con i soldi guadagnati comprano armi e droga.<\/em><\/p>\n<p><em>Io sono stufo. Il governo \u00e8 compatto.<\/em><\/p>\n<p><em>Abbiamo fatto pi\u00f9 noi in due mesi che gli altri in tanti anni.<\/em><\/p>\n<p><em>Scusate se sono un po&#8217; carico&#8230;Questa era la mia settimana di vacanza&#8230;. Penso a mia figlia che sente in tv il pap\u00e0 indagato&#8230;Indagare il ministro degli interno perch\u00e9 ha difeso gli Italiani \u00e8 una vergogna.<\/em><\/p>\n<p><em>Mi rivolgo ai tanti giudici per bene che si impegnano su mafia, ndrangheta e camorra: lasciate fuori la politica! Se volete fare politica, lasciate la toga e iscrivetevi al Pd&#8221;.______<\/em><\/p>\n<p>LA RICERCA nel nostro articolo di pochi minuti fa e in quello immediatamente successivo<\/p>\n<blockquote class=\"wp-embedded-content\" data-secret=\"MDMFfhYFjd\"><p><a href=\"https:\/\/www.leccecronaca.it\/index.php\/2018\/08\/25\/arriveranno-di-maio-e-salvini-a-mangiare-il-panettone\/\">ARRIVERA&#8217; SALVINI A MANGIARE IL PANETTONE?<\/a><\/p><\/blockquote>\n<p><iframe class=\"wp-embedded-content\" sandbox=\"allow-scripts\" security=\"restricted\" style=\"position: absolute; clip: rect(1px, 1px, 1px, 1px);\" src=\"https:\/\/www.leccecronaca.it\/index.php\/2018\/08\/25\/arriveranno-di-maio-e-salvini-a-mangiare-il-panettone\/embed\/#?secret=MDMFfhYFjd\" data-secret=\"MDMFfhYFjd\" width=\"500\" height=\"282\" title=\"&#8220;ARRIVERA&#8217; SALVINI A MANGIARE IL PANETTONE?&#8221; &#8212; LecceCronaca.it\" frameborder=\"0\" marginwidth=\"0\" marginheight=\"0\" scrolling=\"no\"><\/iframe><\/p>\n<blockquote class=\"wp-embedded-content\" data-secret=\"KZ9oIMtIZx\"><p><a href=\"https:\/\/www.leccecronaca.it\/index.php\/2018\/08\/25\/ultimora-clamoroso-salvini-indagato-per-sequestro-di-persona-arresto-illegale-e-abuso-dufficio\/\">ULTIM&#8217;ORA \/ CLAMOROSO \/ SALVINI INDAGATO DALLA PROCURA DELLA REPUBBLICA DI AGRIGENTO PER SEQUESTRO DI PERSONA, ARRESTO ILLEGALE E ABUSO D&#8217;UFFICIO<\/a><\/p><\/blockquote>\n<p><iframe class=\"wp-embedded-content\" sandbox=\"allow-scripts\" security=\"restricted\" style=\"position: absolute; clip: rect(1px, 1px, 1px, 1px);\" src=\"https:\/\/www.leccecronaca.it\/index.php\/2018\/08\/25\/ultimora-clamoroso-salvini-indagato-per-sequestro-di-persona-arresto-illegale-e-abuso-dufficio\/embed\/#?secret=KZ9oIMtIZx\" data-secret=\"KZ9oIMtIZx\" width=\"500\" height=\"282\" title=\"&#8220;ULTIM&#8217;ORA \/ CLAMOROSO \/ SALVINI INDAGATO DALLA PROCURA DELLA REPUBBLICA DI AGRIGENTO PER SEQUESTRO DI PERSONA, ARRESTO ILLEGALE E ABUSO D&#8217;UFFICIO&#8221; &#8212; LecceCronaca.it\" frameborder=\"0\" marginwidth=\"0\" marginheight=\"0\" scrolling=\"no\"><\/iframe><\/p>\n<p>&nbsp;<\/p>\n<p>&nbsp;<\/p>\n<p>&nbsp;<\/p>\n<fb:like href='https:\/\/www.leccecronaca.it\/index.php\/2018\/08\/25\/ultimora-salvini-carico-spara-a-zero-indagarmi-e-una-vergogna-non-cambieremo-linea-il-governo-e-compatto-ho-autorizzato-lo-sbarco-di-quelli-della-diciotti-i-piu-andranno-in-albania-la\/' send='true' layout='button_count' show_faces='true' width='450' height='65' action='recommend' colorscheme='light' font='lucida grande'><\/fb:like><span class=\"fb_share\"><fb:like href=\"https:\/\/www.leccecronaca.it\/index.php\/2018\/08\/25\/ultimora-salvini-carico-spara-a-zero-indagarmi-e-una-vergogna-non-cambieremo-linea-il-governo-e-compatto-ho-autorizzato-lo-sbarco-di-quelli-della-diciotti-i-piu-andranno-in-albania-la\/\" layout=\"button_count\"><\/fb:like><\/span>","protected":false},"excerpt":{"rendered":"<p>(g.p.)______&#8221;E&#8217; una vergogna!&#8220;. Matteo Salvini &#8220;carico&#8221; apprende in diretta la notizia, mentre sta parlando alla festa della Lega di Pinzolo, in provincia di Trento, e si sfoga. Ecco una sintesi delle sue dichiarazioni di pochi minuti fa. &#8220;C&#8217;\u00e8 un popolo che \u00e8 stufo dell&#8217; immigrazione clandestina. Non era mio diritto bloccarla, ma un mio dovere.\u00a0Gli [&hellip;]<\/p>\n","protected":false},"author":4,"featured_media":142913,"comment_status":"open","ping_status":"closed","sticky":false,"template":"","format":"standard","meta":[],"categories":[69,76],"tags":[],"_links":{"self":[{"href":"https:\/\/www.leccecronaca.it\/index.php\/wp-json\/wp\/v2\/posts\/142912"}],"collection":[{"href":"https:\/\/www.leccecronaca.it\/index.php\/wp-json\/wp\/v2\/posts"}],"about":[{"href":"https:\/\/www.leccecronaca.it\/index.php\/wp-json\/wp\/v2\/types\/post"}],"author":[{"embeddable":true,"href":"https:\/\/www.leccecronaca.it\/index.php\/wp-json\/wp\/v2\/users\/4"}],"replies":[{"embeddable":true,"href":"https:\/\/www.leccecronaca.it\/index.php\/wp-json\/wp\/v2\/comments?post=142912"}],"version-history":[{"count":5,"href":"https:\/\/www.leccecronaca.it\/index.php\/wp-json\/wp\/v2\/posts\/142912\/revisions"}],"predecessor-version":[{"id":142925,"href":"https:\/\/www.leccecronaca.it\/index.php\/wp-json\/wp\/v2\/posts\/142912\/revisions\/142925"}],"wp:featuredmedia":[{"embeddable":true,"href":"https:\/\/www.leccecronaca.it\/index.php\/wp-json\/wp\/v2\/media\/142913"}],"wp:attachment":[{"href":"https:\/\/www.leccecronaca.it\/index.php\/wp-json\/wp\/v2\/media?parent=142912"}],"wp:term":[{"taxonomy":"category","embeddable":true,"href":"https:\/\/www.leccecronaca.it\/index.php\/wp-json\/wp\/v2\/categories?post=142912"},{"taxonomy":"post_tag","embeddable":true,"href":"https:\/\/www.leccecronaca.it\/index.php\/wp-json\/wp\/v2\/tags?post=142912"}],"curies":[{"name":"wp","href":"https:\/\/api.w.org\/{rel}","templated":true}]}}