{"id":142976,"date":"2018-08-27T09:54:46","date_gmt":"2018-08-27T07:54:46","guid":{"rendered":"http:\/\/www.leccecronaca.it\/?p=142976"},"modified":"2018-08-27T16:18:27","modified_gmt":"2018-08-27T14:18:27","slug":"rimossa-bandiera-no-tap-al-concertone-il-sindaco-poti-chiede-chiarezza","status":"publish","type":"post","link":"https:\/\/www.leccecronaca.it\/index.php\/2018\/08\/27\/rimossa-bandiera-no-tap-al-concertone-il-sindaco-poti-chiede-chiarezza\/","title":{"rendered":"LA BANDIERA NO TAP RIMOSSA AL CONCERTONE \/ IL SINDACO MARCO POTI&#8217; CHIEDE CHIAREZZA"},"content":{"rendered":"<p><img decoding=\"async\" loading=\"lazy\" class=\"alignnone size-full wp-image-142977\" src=\"https:\/\/www.leccecronaca.it\/wordpress\/wp-content\/uploads\/2018\/08\/IMG_20180826_172601.png\" alt=\"\" width=\"1080\" height=\"798\" srcset=\"https:\/\/www.leccecronaca.it\/wordpress\/wp-content\/uploads\/2018\/08\/IMG_20180826_172601.png 1080w, https:\/\/www.leccecronaca.it\/wordpress\/wp-content\/uploads\/2018\/08\/IMG_20180826_172601-300x222.png 300w, https:\/\/www.leccecronaca.it\/wordpress\/wp-content\/uploads\/2018\/08\/IMG_20180826_172601-1024x757.png 1024w, https:\/\/www.leccecronaca.it\/wordpress\/wp-content\/uploads\/2018\/08\/IMG_20180826_172601-768x567.png 768w\" sizes=\"(max-width: 1080px) 100vw, 1080px\" \/>di <strong>Maria Antonietta Vacc<\/strong>a_______<\/p>\n<p>Sabato sera dalla postazione dedicata alla stampa, sotto il palco della Taranta inviata per leccecronaca.it, vedo sventolare una bandiera no tap. Con l&#8217;orgoglio di chi ama il proprio territorio e la convinzione di quanto sia legittimo manifestare pacificamente le proprie opinioni, condivisibili o meno, cerco di fare una foto per documentare l&#8217;evento. Il mio cellulare non ce la fa a catturare bene, troppo lontano.<br \/>\nIl tempo di chiedere all&#8217;operatore video di farlo per me e la bandiera era scomparsa. Ho pensato che chi la sventolava si fosse momentaneamente stancato.<br \/>\nMi sono voltata pi\u00f9 volte. E niente.<br \/>\nGrazie mamma Rai.<br \/>\nQueste sono le contaminazioni che non si possono accettare e che ci devono fare.indignare, non quelle artistiche sul palco.<\/p>\n<p>Cos\u00ec il sindaco di Melendugno Marco Pot\u00ec si esprime riferendosi alle indiscrezioni, rilanciate dallo stesso comitato, per cui sarebbe stata l\u2019esigenza televisiva di avere una inquadratura pulita a innescare la rimozione della bandiera: <em>\u201cIl Salento \u00e8 luogo di ospitalit\u00e0, accoglienza, solidariet\u00e0, umanit\u00e0, libert\u00e0, civilt\u00e0 e democrazia. Non so da chi \u00e8 partito quell\u2019ordine profondamente errato. Se da Roma, Milano o dalla Svizzera. Si dice per motivi televisivi. Non pu\u00f2 un regista di una televisione, peraltro di Stato, mancare di rispetto verso questa parte di Italia. Non pu\u00f2 e non deve, anche per motivi di pubblica sicurezza perch\u00e9 poteva scatenare reazioni incontrollabili in quella piazza gremitissima. Chiedo ai miei amici sindaci della Grec\u00eca Salentina, al presidente della Fondazione Massimo Manera, gi\u00e0 tutti pi\u00f9 volte impegnati insieme a noi nella difficile battaglia di contrasto al gasdotto Tap, ai parlamentari rappresentanti istituzionali del territorio, di far chiarire i motivi e di individuare i responsabili di questo comportamento, tanto irrispettoso, quanto irricevibile. Di verificare presso la commissione di vigilanza sulla Rai se sono vere le notizie di stampa filtrate\u201d<\/em><\/p>\n<p><img decoding=\"async\" loading=\"lazy\" class=\"alignnone size-full wp-image-142952\" src=\"https:\/\/www.leccecronaca.it\/wordpress\/wp-content\/uploads\/2018\/08\/concertone-notte-della-taranta-salento.jpg\" alt=\"\" width=\"2048\" height=\"1059\" srcset=\"https:\/\/www.leccecronaca.it\/wordpress\/wp-content\/uploads\/2018\/08\/concertone-notte-della-taranta-salento.jpg 2048w, https:\/\/www.leccecronaca.it\/wordpress\/wp-content\/uploads\/2018\/08\/concertone-notte-della-taranta-salento-300x155.jpg 300w, https:\/\/www.leccecronaca.it\/wordpress\/wp-content\/uploads\/2018\/08\/concertone-notte-della-taranta-salento-1024x530.jpg 1024w, https:\/\/www.leccecronaca.it\/wordpress\/wp-content\/uploads\/2018\/08\/concertone-notte-della-taranta-salento-768x397.jpg 768w, https:\/\/www.leccecronaca.it\/wordpress\/wp-content\/uploads\/2018\/08\/concertone-notte-della-taranta-salento-1536x794.jpg 1536w\" sizes=\"(max-width: 2048px) 100vw, 2048px\" \/><\/p>\n<p>&nbsp;<\/p>\n<fb:like href='https:\/\/www.leccecronaca.it\/index.php\/2018\/08\/27\/rimossa-bandiera-no-tap-al-concertone-il-sindaco-poti-chiede-chiarezza\/' send='true' layout='button_count' show_faces='true' width='450' height='65' action='recommend' colorscheme='light' font='lucida grande'><\/fb:like><span class=\"fb_share\"><fb:like href=\"https:\/\/www.leccecronaca.it\/index.php\/2018\/08\/27\/rimossa-bandiera-no-tap-al-concertone-il-sindaco-poti-chiede-chiarezza\/\" layout=\"button_count\"><\/fb:like><\/span>","protected":false},"excerpt":{"rendered":"<p>di Maria Antonietta Vacca_______ Sabato sera dalla postazione dedicata alla stampa, sotto il palco della Taranta inviata per leccecronaca.it, vedo sventolare una bandiera no tap. Con l&#8217;orgoglio di chi ama il proprio territorio e la convinzione di quanto sia legittimo manifestare pacificamente le proprie opinioni, condivisibili o meno, cerco di fare una foto per documentare [&hellip;]<\/p>\n","protected":false},"author":4,"featured_media":0,"comment_status":"open","ping_status":"closed","sticky":false,"template":"","format":"standard","meta":[],"categories":[69],"tags":[],"_links":{"self":[{"href":"https:\/\/www.leccecronaca.it\/index.php\/wp-json\/wp\/v2\/posts\/142976"}],"collection":[{"href":"https:\/\/www.leccecronaca.it\/index.php\/wp-json\/wp\/v2\/posts"}],"about":[{"href":"https:\/\/www.leccecronaca.it\/index.php\/wp-json\/wp\/v2\/types\/post"}],"author":[{"embeddable":true,"href":"https:\/\/www.leccecronaca.it\/index.php\/wp-json\/wp\/v2\/users\/4"}],"replies":[{"embeddable":true,"href":"https:\/\/www.leccecronaca.it\/index.php\/wp-json\/wp\/v2\/comments?post=142976"}],"version-history":[{"count":4,"href":"https:\/\/www.leccecronaca.it\/index.php\/wp-json\/wp\/v2\/posts\/142976\/revisions"}],"predecessor-version":[{"id":142992,"href":"https:\/\/www.leccecronaca.it\/index.php\/wp-json\/wp\/v2\/posts\/142976\/revisions\/142992"}],"wp:attachment":[{"href":"https:\/\/www.leccecronaca.it\/index.php\/wp-json\/wp\/v2\/media?parent=142976"}],"wp:term":[{"taxonomy":"category","embeddable":true,"href":"https:\/\/www.leccecronaca.it\/index.php\/wp-json\/wp\/v2\/categories?post=142976"},{"taxonomy":"post_tag","embeddable":true,"href":"https:\/\/www.leccecronaca.it\/index.php\/wp-json\/wp\/v2\/tags?post=142976"}],"curies":[{"name":"wp","href":"https:\/\/api.w.org\/{rel}","templated":true}]}}