{"id":143089,"date":"2018-08-29T17:59:48","date_gmt":"2018-08-29T15:59:48","guid":{"rendered":"http:\/\/www.leccecronaca.it\/?p=143089"},"modified":"2018-08-29T17:59:48","modified_gmt":"2018-08-29T15:59:48","slug":"il-lecce-l-eurogol-non-voluto-di-fiamozzi","status":"publish","type":"post","link":"https:\/\/www.leccecronaca.it\/index.php\/2018\/08\/29\/il-lecce-l-eurogol-non-voluto-di-fiamozzi\/","title":{"rendered":"IL LECCE \/ L&#8217; EUROGOL &#8220;non voluto&#8221; DI FIAMOZZI"},"content":{"rendered":"<p><img decoding=\"async\" loading=\"lazy\" class=\"alignnone size-full wp-image-143090\" src=\"https:\/\/www.leccecronaca.it\/wordpress\/wp-content\/uploads\/2018\/08\/fiamozzi-800x500.jpg\" alt=\"\" width=\"800\" height=\"500\" srcset=\"https:\/\/www.leccecronaca.it\/wordpress\/wp-content\/uploads\/2018\/08\/fiamozzi-800x500.jpg 800w, https:\/\/www.leccecronaca.it\/wordpress\/wp-content\/uploads\/2018\/08\/fiamozzi-800x500-300x188.jpg 300w, https:\/\/www.leccecronaca.it\/wordpress\/wp-content\/uploads\/2018\/08\/fiamozzi-800x500-768x480.jpg 768w\" sizes=\"(max-width: 800px) 100vw, 800px\" \/>(Rdl)______Quanto \u00e8 bello il primo gol, il secondo \u00e8 pi\u00f9 bello ancora. Tocca oggi a\u00a0Riccardo Fiamozzi (nella foto), 25 anni, di Mezzocorona, terzino destro, incontrare i giornalisti, fra un allenamento e l&#8217; altro della squadra, in vista della seconda partita di campionato, in programma domenica 2 settembre alle 21.00 al Via del Mare contro la Salernitana: <em>&#8220;Quella di Benevento \u00e8 stata la mia seconda rete in Serie B. La prima la realizzai sei anni fa con il Varese. Diciamo cos\u00ec, questo gol \u00e8 stato un eurogol non voluto. E\u2019 stata una gioia inaspettata ed un grandissimo piacere. Per come \u00e8 terminata la gara \u00e8 rimasto un po\u2019 di amaro in bocca, per\u00f2, abbiamo dimostrato a noi stessi che ci siamo, questa \u00e8 solo la base di partenza. Sappiamo benissimo qual \u00e8 il nostro obiettivo e dobbiamo raggiungerlo quanto prima. Luned\u00ec scorso in campo nove undicesimi della squadra erano nuovi, per\u00f2, il mister ha lavorato bene in questo periodo e ci ha trasmesso in maniera chiara le sue idee.<\/em>\u201d<\/p>\n<fb:like href='https:\/\/www.leccecronaca.it\/index.php\/2018\/08\/29\/il-lecce-l-eurogol-non-voluto-di-fiamozzi\/' send='true' layout='button_count' show_faces='true' width='450' height='65' action='recommend' colorscheme='light' font='lucida grande'><\/fb:like><span class=\"fb_share\"><fb:like href=\"https:\/\/www.leccecronaca.it\/index.php\/2018\/08\/29\/il-lecce-l-eurogol-non-voluto-di-fiamozzi\/\" layout=\"button_count\"><\/fb:like><\/span>","protected":false},"excerpt":{"rendered":"<p>(Rdl)______Quanto \u00e8 bello il primo gol, il secondo \u00e8 pi\u00f9 bello ancora. Tocca oggi a\u00a0Riccardo Fiamozzi (nella foto), 25 anni, di Mezzocorona, terzino destro, incontrare i giornalisti, fra un allenamento e l&#8217; altro della squadra, in vista della seconda partita di campionato, in programma domenica 2 settembre alle 21.00 al Via del Mare contro la [&hellip;]<\/p>\n","protected":false},"author":4,"featured_media":143090,"comment_status":"open","ping_status":"closed","sticky":false,"template":"","format":"standard","meta":[],"categories":[28],"tags":[],"_links":{"self":[{"href":"https:\/\/www.leccecronaca.it\/index.php\/wp-json\/wp\/v2\/posts\/143089"}],"collection":[{"href":"https:\/\/www.leccecronaca.it\/index.php\/wp-json\/wp\/v2\/posts"}],"about":[{"href":"https:\/\/www.leccecronaca.it\/index.php\/wp-json\/wp\/v2\/types\/post"}],"author":[{"embeddable":true,"href":"https:\/\/www.leccecronaca.it\/index.php\/wp-json\/wp\/v2\/users\/4"}],"replies":[{"embeddable":true,"href":"https:\/\/www.leccecronaca.it\/index.php\/wp-json\/wp\/v2\/comments?post=143089"}],"version-history":[{"count":1,"href":"https:\/\/www.leccecronaca.it\/index.php\/wp-json\/wp\/v2\/posts\/143089\/revisions"}],"predecessor-version":[{"id":143091,"href":"https:\/\/www.leccecronaca.it\/index.php\/wp-json\/wp\/v2\/posts\/143089\/revisions\/143091"}],"wp:featuredmedia":[{"embeddable":true,"href":"https:\/\/www.leccecronaca.it\/index.php\/wp-json\/wp\/v2\/media\/143090"}],"wp:attachment":[{"href":"https:\/\/www.leccecronaca.it\/index.php\/wp-json\/wp\/v2\/media?parent=143089"}],"wp:term":[{"taxonomy":"category","embeddable":true,"href":"https:\/\/www.leccecronaca.it\/index.php\/wp-json\/wp\/v2\/categories?post=143089"},{"taxonomy":"post_tag","embeddable":true,"href":"https:\/\/www.leccecronaca.it\/index.php\/wp-json\/wp\/v2\/tags?post=143089"}],"curies":[{"name":"wp","href":"https:\/\/api.w.org\/{rel}","templated":true}]}}