{"id":143378,"date":"2018-09-05T00:04:01","date_gmt":"2018-09-04T22:04:01","guid":{"rendered":"http:\/\/www.leccecronaca.it\/?p=143378"},"modified":"2018-09-04T18:29:45","modified_gmt":"2018-09-04T16:29:45","slug":"a-che-punto-e-la-notte-di-remo-croci","status":"publish","type":"post","link":"https:\/\/www.leccecronaca.it\/index.php\/2018\/09\/05\/a-che-punto-e-la-notte-di-remo-croci\/","title":{"rendered":"A CHE PUNTO E&#8217; LA NOTTE DI REMO CROCI"},"content":{"rendered":"<p><img decoding=\"async\" loading=\"lazy\" class=\"alignnone size-full wp-image-143379\" src=\"https:\/\/www.leccecronaca.it\/wordpress\/wp-content\/uploads\/2018\/09\/rc.jpg\" alt=\"\" width=\"1280\" height=\"720\" srcset=\"https:\/\/www.leccecronaca.it\/wordpress\/wp-content\/uploads\/2018\/09\/rc.jpg 1280w, https:\/\/www.leccecronaca.it\/wordpress\/wp-content\/uploads\/2018\/09\/rc-300x169.jpg 300w, https:\/\/www.leccecronaca.it\/wordpress\/wp-content\/uploads\/2018\/09\/rc-1024x576.jpg 1024w, https:\/\/www.leccecronaca.it\/wordpress\/wp-content\/uploads\/2018\/09\/rc-768x432.jpg 768w\" sizes=\"(max-width: 1280px) 100vw, 1280px\" \/>di <strong>Raffaele Polo______<\/strong><\/p>\n<p>Se Andrea Vitali ambienta le sue storie sull\u2019acqua di un lago del nord Italia, contornandole di personaggi ricchi di suggestione e perfettamente inseriti in un contesto dominato (anche qui) da un maresciallo dei Carabinieri, <strong>Remo Croci<\/strong>, esperto giornalista di Mediaset, sempre a proprio agio tra inchieste e fatti di cronaca nera, compie un\u2019operazione letteraria certamente pi\u00f9 intrigante e mossa da un\u2019idea onorevole e meritoria: ovvero, ridare dignit\u00e0 ad un personaggio realmente esistito nel contesto provinciale di San Benedetto del Tronto, ovvero il maestro Lampo Amodio, che fu cronista per il Messaggero e scrittore di saggi teatrali, romanzi gialli e tanti articoli sparsi sulle riviste regionali.<\/p>\n<p>Questa interessante proposta di Croci, iniziata col suo primo romanzo ( Un\u2019ombra tra gli scogli) prosegue ora con \u2018<strong>Una voce nella notte<\/strong>\u2019, secondo romanzo noir pubblicato, come il primo, da Il Raggio Verde (15 euro).<\/p>\n<p>&nbsp;<\/p>\n<p>Diciamo subito che, proprio come per Vitali, scrittore vendutissimo e pubblicizzato enfaticamente come uno dei pi\u00f9 prolifici scrittori italiani, anche Croci non nasconde la sua predilezione per i piccoli cammei che infiorano la vicenda (rigorosamente ambientata nelle Marche) piuttosto che perfezionare una vicenda che, sovente, potrebbe apparire stucchevole e approssimata.<\/p>\n<p>In realt\u00e0, \u00e8 proprio dello stile di Croci voler condurre per mano il lettore attraverso una realt\u00e0 romanzesca che, negli anni Settanta, riesce ancora ad esprimere una propria, indiscussa originalit\u00e0 ambientale: il romanzo (o il lungo racconto, scritto tutto di getto, senza scansioni in capitoli o quadri) lo fanno i personaggi, anche quelli minori, che popolano la narrazione con i loro gustosi intercalari in un dialetto comprensibile e armonico, inspessito da terminologie e soprannomi tipici di una terra ricca di tradizioni e storie, come quella di San Benedetto. E non mancano le figure reali (come non ricordare l\u2019Uomo Plasmon, al secolo Fioravante Palestini, che in questa narrazione diventa Nino Palestrani oppure Rinaldo Olivieri, calciatore di belle speranze, con un ricco palmares?) a dare un tono di \u2018cronaca\u2019 e storicit\u00e0 a tutto lo scritto.<\/p>\n<p>Insomma, mescolando realt\u00e0, fantasia e invenzioni pi\u00f9 che credibili, Croci fa dipanare al suo eroe, il bravo maestro Lampo, pi\u00f9 di una intricata vicenda, finendo per farlo approdare, rigorosamente come clandestino, addirittura nelle Canarie.<\/p>\n<p>Una scrittura tersa, senza indugi o sbavature, con qualche minima concessione alle estrosit\u00e0 (nessuna prefazione e le note riportate tutte in fine di narrazione, senza alcuna indicazione specifica) e una riproduzione in copertina di un olio di Monica Spadoni fanno di questo lungo racconto una piacevole lettura che ha, oltre tutto, la manifesta capacit\u00e0 di farci scoprire luoghi e microstorie di un territorio poco frequentato nelle scelte letterarie dei nostri scrittori di noir.<\/p>\n<p>E, checch\u00e9 ne pensi il Maresciallo Peluso, il bravo Lampo, che assomiglia un po\u2019 a Settepalt\u00f2 di Macchiavelli, finisce per emergere, simpatico e imprevedibile deus ex machina dei misteriosi fatti di San Benedetto del Tronto.<\/p>\n<p><img decoding=\"async\" loading=\"lazy\" class=\"alignnone size-full wp-image-143380\" src=\"https:\/\/www.leccecronaca.it\/wordpress\/wp-content\/uploads\/2018\/09\/IMG_20180904_153816_resized_20180904_033913021.jpg\" alt=\"\" width=\"744\" height=\"992\" srcset=\"https:\/\/www.leccecronaca.it\/wordpress\/wp-content\/uploads\/2018\/09\/IMG_20180904_153816_resized_20180904_033913021.jpg 744w, https:\/\/www.leccecronaca.it\/wordpress\/wp-content\/uploads\/2018\/09\/IMG_20180904_153816_resized_20180904_033913021-225x300.jpg 225w\" sizes=\"(max-width: 744px) 100vw, 744px\" \/><\/p>\n<fb:like href='https:\/\/www.leccecronaca.it\/index.php\/2018\/09\/05\/a-che-punto-e-la-notte-di-remo-croci\/' send='true' layout='button_count' show_faces='true' width='450' height='65' action='recommend' colorscheme='light' font='lucida grande'><\/fb:like><span class=\"fb_share\"><fb:like href=\"https:\/\/www.leccecronaca.it\/index.php\/2018\/09\/05\/a-che-punto-e-la-notte-di-remo-croci\/\" layout=\"button_count\"><\/fb:like><\/span>","protected":false},"excerpt":{"rendered":"<p>di Raffaele Polo______ Se Andrea Vitali ambienta le sue storie sull\u2019acqua di un lago del nord Italia, contornandole di personaggi ricchi di suggestione e perfettamente inseriti in un contesto dominato (anche qui) da un maresciallo dei Carabinieri, Remo Croci, esperto giornalista di Mediaset, sempre a proprio agio tra inchieste e fatti di cronaca nera, compie [&hellip;]<\/p>\n","protected":false},"author":4,"featured_media":143379,"comment_status":"open","ping_status":"closed","sticky":false,"template":"","format":"standard","meta":[],"categories":[31,57],"tags":[],"_links":{"self":[{"href":"https:\/\/www.leccecronaca.it\/index.php\/wp-json\/wp\/v2\/posts\/143378"}],"collection":[{"href":"https:\/\/www.leccecronaca.it\/index.php\/wp-json\/wp\/v2\/posts"}],"about":[{"href":"https:\/\/www.leccecronaca.it\/index.php\/wp-json\/wp\/v2\/types\/post"}],"author":[{"embeddable":true,"href":"https:\/\/www.leccecronaca.it\/index.php\/wp-json\/wp\/v2\/users\/4"}],"replies":[{"embeddable":true,"href":"https:\/\/www.leccecronaca.it\/index.php\/wp-json\/wp\/v2\/comments?post=143378"}],"version-history":[{"count":1,"href":"https:\/\/www.leccecronaca.it\/index.php\/wp-json\/wp\/v2\/posts\/143378\/revisions"}],"predecessor-version":[{"id":143381,"href":"https:\/\/www.leccecronaca.it\/index.php\/wp-json\/wp\/v2\/posts\/143378\/revisions\/143381"}],"wp:featuredmedia":[{"embeddable":true,"href":"https:\/\/www.leccecronaca.it\/index.php\/wp-json\/wp\/v2\/media\/143379"}],"wp:attachment":[{"href":"https:\/\/www.leccecronaca.it\/index.php\/wp-json\/wp\/v2\/media?parent=143378"}],"wp:term":[{"taxonomy":"category","embeddable":true,"href":"https:\/\/www.leccecronaca.it\/index.php\/wp-json\/wp\/v2\/categories?post=143378"},{"taxonomy":"post_tag","embeddable":true,"href":"https:\/\/www.leccecronaca.it\/index.php\/wp-json\/wp\/v2\/tags?post=143378"}],"curies":[{"name":"wp","href":"https:\/\/api.w.org\/{rel}","templated":true}]}}